{"id":99779,"date":"2022-08-12T18:40:41","date_gmt":"2022-08-12T22:40:41","guid":{"rendered":"https:\/\/unifranz.edu.bo\/?p=99779"},"modified":"2022-10-07T13:45:55","modified_gmt":"2022-10-07T17:45:55","slug":"pasaporte-unifranz-seis-estudiantes-listos-para-vivir-la-experiencia-internacionalizate","status":"publish","type":"post","link":"https:\/\/unifranz.edu.bo\/pt\/eventos\/pasaporte-unifranz-seis-estudiantes-listos-para-vivir-la-experiencia-internacionalizate\/","title":{"rendered":"Pasaporte UNIFRANZ, Seis estudiantes listos para vivir la experiencia Internacional\u00edzate."},"content":{"rendered":"<p><span style=\"color: #000000;\">Seis nuevos Embajadores estudiantiles de Sede La Paz, viven la experiencia del Programa de Internacionalizaci\u00f3n de la Universidad Franz Tamayo (UNIFRANZ) este semestre. El programa tiene el objetivo de fortalecer la calidad de la formaci\u00f3n acad\u00e9mica para generar profesionales poseedores de una visi\u00f3n internacional adaptados a los requerimientos y necesidades del mundo actual.<\/span><\/p>\n<p><span style=\"color: #000000;\">Durante el III Foro Internacional de Educaci\u00f3n Superior \u2013 Virtual Educa, organizado en marzo de este a\u00f1o por UNIFRANZ, Francesc Pedr\u00f3, Director del Instituto Internacional de la UNESCO para la Educaci\u00f3n Superior en Am\u00e9rica Latina y el Caribe se\u00f1al\u00f3 los cinco grandes retos de la educaci\u00f3n debe afrontar rumbo al 2030. Uno de ellos, la movilidad internacional; seg\u00fan UNESCO, tan s\u00f3lo el 1,5% de los estudiantes aprovechan este beneficio, limitando las oportunidades laborales y futuros nodos de conexi\u00f3n \u00fatiles para un mercado laboral cada vez m\u00e1s competitivo.<\/span><\/p>\n<p><span style=\"color: #000000;\">\u201cINTERNACIONAL\u00cdZATE es parte del Programa de Internacionalizaci\u00f3n que la universidad pone a disposici\u00f3n de sus estudiantes para ofrecerles oportunidades de movilidad estudiantil e intercambio que les permitan beneficiarse de la oferta acad\u00e9mica de las Universidades con las que UNIFRANZ tiene convenio en pa\u00edses de Am\u00e9rica Latina, Norteam\u00e9rica, Asia y Europa\u201d, explica Mar\u00eda Fernanda Oll\u00e9, Coordinadora Nacional de Movilidad Internacional. Gracias a este programa, m\u00e1s de 500 estudiantes en las Sedes de La Paz, Cochabamba, Santa Cruz y el Alto pudieron acceder a la movilidad estudiantil en 16 pa\u00edses desde el a\u00f1o 2017.<\/span><\/p>\n<p><span style=\"color: #000000;\">Emily Gonzales, estudiante de Dise\u00f1o Gr\u00e1fico &amp; Producci\u00f3n Crossmedia cursar\u00e1 un semestre en la Universidad de Mendoza en Argentina. Maya Zaconeta de Publicidad &amp; Marketing y Gabriel Fern\u00e1ndez de Dise\u00f1o Gr\u00e1fico &amp; Producci\u00f3n Crossmedia tendr\u00e1n la oportunidad de establecer v\u00ednculos en la Universidad de Innovaci\u00f3n &amp; Desarrollo de Colombia. En la Universidad de la Salle de M\u00e9xico, Damaris Gim\u00e9nez compartir\u00e1 asignaturas con estudiantes de Ingenier\u00eda Comercial. Mientras Cristal Flores de Publicidad &amp; Marketing, estudiar\u00e1 en la Universidad de Boyac\u00e1 en Colombia. Finalmente, Marghel Alvarado, desde la Universidad Cooperativa de Medell\u00edn cursar\u00e1 el 5to semestre de medicina tambi\u00e9n en Colombia.<\/span><\/p>\n<p><span style=\"color: #000000;\">\u201cQueremos formar a nuestros estudiantes como ciudadanos del mundo, [\u2026] esta es una excelente oportunidad para ampliar su red de contactos y desarrollarla desde muy temprano\u201d, puntualiz\u00f3 Eva Foronda, Decana Acad\u00e9mica de UNIFRANZ La Paz.<\/span><\/p>\n<p><span style=\"color: #000000;\">La movilidad estudiantil del Programa Internacional\u00edzate, es una experiencia enriquecedora en distintos aspectos, desde incorporarse a un entorno universitario diferente o una nueva cultura, entablar relaciones sociales desde cero y aprender las responsabilidades econ\u00f3micas y administrativas de ser autosuficiente.<\/span><\/p>\n<p><span style=\"color: #000000;\">Para saber m\u00e1s del programa Internacional\u00edzate, ingresa al enlace y postula: <a href=\"https:\/\/rrii.unifranz.edu.bo\/\">https:\/\/rrii.unifranz.edu.bo\/<\/a><\/span><\/p>\n<p><img loading=\"lazy\" decoding=\"async\" class=\"aligncenter wp-image-99781 size-medium\" src=\"https:\/\/unifranz.edu.bo\/wp-content\/uploads\/2022\/08\/PORTADA-300x200.png\" alt=\"\" width=\"300\" height=\"200\" srcset=\"https:\/\/unifranz.edu.bo\/wp-content\/uploads\/2022\/08\/PORTADA-300x200.png 300w, https:\/\/unifranz.edu.bo\/wp-content\/uploads\/2022\/08\/PORTADA-768x512.png 768w, https:\/\/unifranz.edu.bo\/wp-content\/uploads\/2022\/08\/PORTADA-18x12.png 18w, https:\/\/unifranz.edu.bo\/wp-content\/uploads\/2022\/08\/PORTADA.png 900w\" sizes=\"auto, (max-width: 300px) 100vw, 300px\" \/><\/p>\n<p>&nbsp;<\/p>\n<p>&nbsp;<\/p>\n<p>&nbsp;<\/p>\n","protected":false},"excerpt":{"rendered":"<p>Seis nuevos Embajadores estudiantiles de Sede La Paz, viven la experiencia del Programa de Internacionalizaci\u00f3n de la Universidad Franz Tamayo (UNIFRANZ) este semestre. El programa tiene el objetivo de fortalecer la calidad de la formaci\u00f3n acad\u00e9mica para generar profesionales poseedores de una visi\u00f3n internacional adaptados a los requerimientos y necesidades del mundo actual. Durante el &hellip; <a href=\"https:\/\/unifranz.edu.bo\/pt\/eventos\/pasaporte-unifranz-seis-estudiantes-listos-para-vivir-la-experiencia-internacionalizate\/\">Continued<\/a><\/p>","protected":false},"author":27,"featured_media":99780,"comment_status":"open","ping_status":"open","sticky":false,"template":"","format":"standard","meta":{"_acf_changed":false,"footnotes":""},"categories":[60,2314,2182,1772,1662,1862,1004,45,1710,2858,2184,1782],"tags":[53,248,41,1650,242],"class_list":["post-99779","post","type-post","status-publish","format-standard","has-post-thumbnail","hentry","category-blog","category-diseno-grafico","category-diseno-y-produccion-crossmedia","category-divulgacion","category-docentes","category-educacion","category-estudiantes","category-eventos","category-expertos","category-innovacion-en-educacion","category-publicidad-y-marketing","category-unifranz","tag-educacion","tag-internacionalizacion","tag-la-paz","tag-mejores-universidades-de-bolivia","tag-unifranz"],"acf":[],"_links":{"self":[{"href":"https:\/\/unifranz.edu.bo\/pt\/wp-json\/wp\/v2\/posts\/99779","targetHints":{"allow":["GET"]}}],"collection":[{"href":"https:\/\/unifranz.edu.bo\/pt\/wp-json\/wp\/v2\/posts"}],"about":[{"href":"https:\/\/unifranz.edu.bo\/pt\/wp-json\/wp\/v2\/types\/post"}],"author":[{"embeddable":true,"href":"https:\/\/unifranz.edu.bo\/pt\/wp-json\/wp\/v2\/users\/27"}],"replies":[{"embeddable":true,"href":"https:\/\/unifranz.edu.bo\/pt\/wp-json\/wp\/v2\/comments?post=99779"}],"version-history":[{"count":2,"href":"https:\/\/unifranz.edu.bo\/pt\/wp-json\/wp\/v2\/posts\/99779\/revisions"}],"predecessor-version":[{"id":102710,"href":"https:\/\/unifranz.edu.bo\/pt\/wp-json\/wp\/v2\/posts\/99779\/revisions\/102710"}],"wp:featuredmedia":[{"embeddable":true,"href":"https:\/\/unifranz.edu.bo\/pt\/wp-json\/wp\/v2\/media\/99780"}],"wp:attachment":[{"href":"https:\/\/unifranz.edu.bo\/pt\/wp-json\/wp\/v2\/media?parent=99779"}],"wp:term":[{"taxonomy":"category","embeddable":true,"href":"https:\/\/unifranz.edu.bo\/pt\/wp-json\/wp\/v2\/categories?post=99779"},{"taxonomy":"post_tag","embeddable":true,"href":"https:\/\/unifranz.edu.bo\/pt\/wp-json\/wp\/v2\/tags?post=99779"}],"curies":[{"name":"wp","href":"https:\/\/api.w.org\/{rel}","templated":true}]}}