{"id":99105,"date":"2022-08-09T18:10:04","date_gmt":"2022-08-09T22:10:04","guid":{"rendered":"https:\/\/unifranz.edu.bo\/?p=99105"},"modified":"2022-08-09T18:12:15","modified_gmt":"2022-08-09T22:12:15","slug":"sin-publicidad-y-marketing-no-existes","status":"publish","type":"post","link":"https:\/\/unifranz.edu.bo\/pt\/carreras\/sin-publicidad-y-marketing-no-existes\/","title":{"rendered":"Sin Marketing y Publicidad no existes"},"content":{"rendered":"<p>Con el compromiso de formar profesionales con un perfil empresarial estrat\u00e9gico, calificados en el Marketing Digital y gerencia de resultados, capaces de generar e identificar oportunidades de negocios competitivos, la carrera de <a href=\"https:\/\/unifranz.edu.bo\/landings\/estudiar-publicidad-marketing\/\"><strong>Publicidad y Marketing de la Universidad privada Franz Tamayo<\/strong><\/a> se constituye en la \u00fanica en el mercado que cuenta con dos menciones de especializaci\u00f3n que responden a las necesidades y tendencias del mercado laboral actual: <strong>Creatividad y gesti\u00f3n publicitaria o Marketing Digital<\/strong>.<\/p>\n<p>En 1902, el profesor E.D. Jones, utiliza por vez primera el t\u00e9rmino: <em>Marketing<\/em>, que revolucionar\u00eda el mundo, la econom\u00eda y el consumo. Esta ciencia ha logrado extenderse hasta conectar con lo m\u00e1s interno del ser humano, sus emociones, sus miedos, sus causas, sus conductas y sus aspiraciones. Si eres creativo, propositivo y curioso, entonces esta carrera es para ti.<\/p>\n<p><img loading=\"lazy\" decoding=\"async\" class=\"wp-image-99108 alignleft\" src=\"https:\/\/unifranz.edu.bo\/wp-content\/uploads\/2022\/08\/275235321_3030541260529036_7804377591751270182_n-300x199.jpg\" alt=\"\" width=\"370\" height=\"245\" srcset=\"https:\/\/unifranz.edu.bo\/wp-content\/uploads\/2022\/08\/275235321_3030541260529036_7804377591751270182_n-300x199.jpg 300w, https:\/\/unifranz.edu.bo\/wp-content\/uploads\/2022\/08\/275235321_3030541260529036_7804377591751270182_n-1024x678.jpg 1024w, https:\/\/unifranz.edu.bo\/wp-content\/uploads\/2022\/08\/275235321_3030541260529036_7804377591751270182_n-768x509.jpg 768w, https:\/\/unifranz.edu.bo\/wp-content\/uploads\/2022\/08\/275235321_3030541260529036_7804377591751270182_n-1536x1018.jpg 1536w, https:\/\/unifranz.edu.bo\/wp-content\/uploads\/2022\/08\/275235321_3030541260529036_7804377591751270182_n-18x12.jpg 18w, https:\/\/unifranz.edu.bo\/wp-content\/uploads\/2022\/08\/275235321_3030541260529036_7804377591751270182_n.jpg 1920w\" sizes=\"auto, (max-width: 370px) 100vw, 370px\" \/><strong>Daniel Lacunza<\/strong>, director de la carrera, menciona que es importante formarse en estas \u00e1reas: \u201cahora la Publicidad y Marketing ha dejado de ser opcional para un negocio, y ha pasado a ser un elemento indispensable a la hora de competir en el mercado. Comprender y saber todo lo relacionado sobre el producto\/servicio, precio, distribuci\u00f3n, promoci\u00f3n, el p\u00fablico objetivo, la competencia, etc., es imprescindible para que una compa\u00f1\u00eda pueda existir en el mercado\u201d, menciona.<\/p>\n<p>De igual manera, la era digital ha revolucionado la manera de vender y comprar. <strong>Marcelo Revollo<\/strong>, docente de Marketing Digital y Estrategias digitales, afirma que no existe un marketing \u201ctradicional\u201d y otro \u201cdigital\u201d; el marketing es marketing y en la actualidad tener presencia en canales digitales ya no es una opci\u00f3n, sino que es obligatorio, afirma.<\/p>\n<p>Por su parte, <strong>Bernardo Trevi\u00f1o<\/strong>, CEO de <a href=\"https:\/\/www.facebook.com\/urbangroupbolivia\/\" target=\"_blank\" rel=\"noopener\">Urban Group<\/a> y docente Unifranz, explica que una agencia publicitaria es importante porque contribuye en el desarrollo de estrategias que dan a conocer la marca, producto o servicio y posicionarla en el mercado a trav\u00e9s de la creaci\u00f3n y dise\u00f1o de anuncios, su ejecuci\u00f3n y divulgaci\u00f3n por los diferentes medios.<\/p>\n<h6><strong><img loading=\"lazy\" decoding=\"async\" class=\"wp-image-99109 alignright\" src=\"https:\/\/unifranz.edu.bo\/wp-content\/uploads\/2022\/08\/275229006_3030541527195676_7066038672587722756_n-1-300x199.jpg\" alt=\"\" width=\"457\" height=\"303\" srcset=\"https:\/\/unifranz.edu.bo\/wp-content\/uploads\/2022\/08\/275229006_3030541527195676_7066038672587722756_n-1-300x199.jpg 300w, https:\/\/unifranz.edu.bo\/wp-content\/uploads\/2022\/08\/275229006_3030541527195676_7066038672587722756_n-1-1024x678.jpg 1024w, https:\/\/unifranz.edu.bo\/wp-content\/uploads\/2022\/08\/275229006_3030541527195676_7066038672587722756_n-1-768x509.jpg 768w, https:\/\/unifranz.edu.bo\/wp-content\/uploads\/2022\/08\/275229006_3030541527195676_7066038672587722756_n-1-1536x1017.jpg 1536w, https:\/\/unifranz.edu.bo\/wp-content\/uploads\/2022\/08\/275229006_3030541527195676_7066038672587722756_n-1-18x12.jpg 18w, https:\/\/unifranz.edu.bo\/wp-content\/uploads\/2022\/08\/275229006_3030541527195676_7066038672587722756_n-1.jpg 2048w\" sizes=\"auto, (max-width: 457px) 100vw, 457px\" \/>Creatividad y Gesti\u00f3n Publicitaria<\/strong><\/h6>\n<p>La publicidad creativa se ha convertido en una herramienta de prioridad en un mercado tan competitivo, que abarca desde servicios, productos y pol\u00edtica hasta el activismo y los emprendedores. Es as\u00ed que un anuncio ic\u00f3nico puede perdurar en el imaginario colectivo por a\u00f1os y convertirse en el<em> signature <\/em>de la marca o por el contrario arruinar una empresa.<\/p>\n<p>Esta menci\u00f3n busca desarrollar las competencias necesarias en el profesional de forma tal que est\u00e9 capacitado para planificar, ejecutar y evaluar campa\u00f1as publicitarias con un alto \u00e9nfasis en propuestas innovadoras y creativas. Haciendo \u00e9nfasis en nuevas tendencias de la publicidad, psicolog\u00eda del consumidor, creaci\u00f3n de contenidos, branding estrat\u00e9gico y estrategias digitales.<\/p>\n<h6><strong>Marketing Digital<\/strong><\/h6>\n<p>Revollo, indica que debido a la cantidad de dispositivos, plataformas y tecnolog\u00edas digitales con las que los seres humanos interactuamos de manera cotidiana, hace que las empresas de todos los rubros deban forzosamente incluir t\u00e9cnicas y estrategias digitales en sus planes de marketing, siendo casi inconcebible prescindir del marketing digital.<\/p>\n<p>Seg\u00fan el experto, este panorama tiende incluso a acentuarse dados los constantes avances tecnol\u00f3gicos que experimenta el mundo cada vez m\u00e1s y mejor conectado. Por lo cual, es necesario desarrollar las competencias necesarias en el profesional de forma tal que est\u00e9 capacitado para dise\u00f1ar y evaluar estrategias de ventas, apoy\u00e1ndose en las herramientas tecnol\u00f3gicas que le permitan realizar su trabajo con \u00e9xito, proyectar el mercado de acuerdo al tipo de producto o servicio y caracter\u00edsticas de los consumidores y usuarios. Para ello, esta salida profesional comprende el comportamiento del consumidor, las nuevas tendencias, marketing digital, trade marketing, e-business, community management y social media.<\/p>\n<p><img loading=\"lazy\" decoding=\"async\" class=\"wp-image-99106 alignleft\" style=\"letter-spacing: 0.26px;\" src=\"https:\/\/unifranz.edu.bo\/wp-content\/uploads\/2022\/08\/275293109_3030541277195701_5760092699350192014_n-1-300x199.jpg\" alt=\"\" width=\"348\" height=\"231\" srcset=\"https:\/\/unifranz.edu.bo\/wp-content\/uploads\/2022\/08\/275293109_3030541277195701_5760092699350192014_n-1-300x199.jpg 300w, https:\/\/unifranz.edu.bo\/wp-content\/uploads\/2022\/08\/275293109_3030541277195701_5760092699350192014_n-1-1024x678.jpg 1024w, https:\/\/unifranz.edu.bo\/wp-content\/uploads\/2022\/08\/275293109_3030541277195701_5760092699350192014_n-1-768x509.jpg 768w, https:\/\/unifranz.edu.bo\/wp-content\/uploads\/2022\/08\/275293109_3030541277195701_5760092699350192014_n-1-1536x1017.jpg 1536w, https:\/\/unifranz.edu.bo\/wp-content\/uploads\/2022\/08\/275293109_3030541277195701_5760092699350192014_n-1-18x12.jpg 18w, https:\/\/unifranz.edu.bo\/wp-content\/uploads\/2022\/08\/275293109_3030541277195701_5760092699350192014_n-1.jpg 1836w\" sizes=\"auto, (max-width: 348px) 100vw, 348px\" \/><\/p>\n<h6><strong>Crossmedia Labs<\/strong><\/h6>\n<p>El nuevo laboratorio crossmedia consta de tres ambientes que complementan y acompa\u00f1an el proceso creativo y la producci\u00f3n para la ejecuci\u00f3n de sus campa\u00f1as y proyectos.<\/p>\n<p><strong>La Sala Creativa<\/strong>: es un espacio para lograr desarrollar ideas de piezas comunicacionales y de dise\u00f1o. En este espacio los estudiantes explotan su creatividad para esbozar los borradores, storyboards y guiones de sus productos. Aqu\u00ed inicia el proceso creativo con la pre-producci\u00f3n.<\/p>\n<p><strong>La sala Audiovisual:<\/strong> es un espacio para la producci\u00f3n de los elementos que dar\u00e1n forma a las ideas de los proyectos y piezas gr\u00e1ficas. Esta sala cuenta con una pantalla verde o chroma, equipos de foto, video e iluminaci\u00f3n. Adem\u00e1s, tiene una cabina de audio que funciona como un estudio de grabaci\u00f3n con aislamiento de ruido y todo el equipo de sonido necesario para la creaci\u00f3n de cu\u00f1as, voces en off y efectos de sonido.<\/p>\n<p><strong>La sala de Dise\u00f1o:<\/strong> tiene equipos Mac con todas las herramientas y programas para la edici\u00f3n, montaje y postproducci\u00f3n de las piezas finales que dan vida y materializan las ideas en los productos finales. Aqu\u00ed termina el proceso de producci\u00f3n de las piezas gr\u00e1ficas y audiovisuales.<\/p>\n<h6><strong>Visibilizar o morir<\/strong><\/h6>\n<p>Desde la marca personal, hasta el activismo y los mecanismos complejos del neuromarketing la carrera de publicidad y marketing se constituye en un \u00e1rea de formaci\u00f3n de alta demanda en el mercado laboral desempe\u00f1\u00e1ndose realizando estrategias de comunicaci\u00f3n masiva y mercadeo, identificando necesidades del mercado, produciendo piezas gr\u00e1ficas y visuales o creando la identidad de empresas u organizaciones.<\/p>\n<p>La carrera de Publicidad y Marketing, transforma a los j\u00f3venes en publicistas y mercad\u00f3logos estrat\u00e9gicos y anal\u00edticos que obtienen resultados precisos de forma creativa y disruptiva.\u00a0 Definitivamente, una marca, persona, instituci\u00f3n, causa, producto o servicio que no se visibiliza\u2026 no existe.<\/p>\n<p>Ent\u00e9rate m\u00e1s sobre la carrera:\u00a0<a href=\"https:\/\/unifranz.edu.bo\/landings\/estudiar-publicidad-marketing\/\">https:\/\/unifranz.edu.bo\/landings\/estudiar-publicidad-marketing\/<\/a><\/p>\n<p><img loading=\"lazy\" decoding=\"async\" class=\"alignnone wp-image-99107\" src=\"https:\/\/unifranz.edu.bo\/wp-content\/uploads\/2022\/08\/274948931_3030541390529023_600513350892115417_n-300x199.jpg\" alt=\"\" width=\"371\" height=\"246\" srcset=\"https:\/\/unifranz.edu.bo\/wp-content\/uploads\/2022\/08\/274948931_3030541390529023_600513350892115417_n-300x199.jpg 300w, https:\/\/unifranz.edu.bo\/wp-content\/uploads\/2022\/08\/274948931_3030541390529023_600513350892115417_n-1024x678.jpg 1024w, https:\/\/unifranz.edu.bo\/wp-content\/uploads\/2022\/08\/274948931_3030541390529023_600513350892115417_n-768x509.jpg 768w, https:\/\/unifranz.edu.bo\/wp-content\/uploads\/2022\/08\/274948931_3030541390529023_600513350892115417_n-1536x1017.jpg 1536w, https:\/\/unifranz.edu.bo\/wp-content\/uploads\/2022\/08\/274948931_3030541390529023_600513350892115417_n-18x12.jpg 18w, https:\/\/unifranz.edu.bo\/wp-content\/uploads\/2022\/08\/274948931_3030541390529023_600513350892115417_n.jpg 2048w\" sizes=\"auto, (max-width: 371px) 100vw, 371px\" \/> <img loading=\"lazy\" decoding=\"async\" class=\"alignnone wp-image-99111\" src=\"https:\/\/unifranz.edu.bo\/wp-content\/uploads\/2022\/08\/275297241_3030541417195687_4240710161144350916_n-300x199.jpg\" alt=\"\" width=\"372\" height=\"247\" srcset=\"https:\/\/unifranz.edu.bo\/wp-content\/uploads\/2022\/08\/275297241_3030541417195687_4240710161144350916_n-300x199.jpg 300w, https:\/\/unifranz.edu.bo\/wp-content\/uploads\/2022\/08\/275297241_3030541417195687_4240710161144350916_n-1024x678.jpg 1024w, https:\/\/unifranz.edu.bo\/wp-content\/uploads\/2022\/08\/275297241_3030541417195687_4240710161144350916_n-768x509.jpg 768w, https:\/\/unifranz.edu.bo\/wp-content\/uploads\/2022\/08\/275297241_3030541417195687_4240710161144350916_n-1536x1017.jpg 1536w, https:\/\/unifranz.edu.bo\/wp-content\/uploads\/2022\/08\/275297241_3030541417195687_4240710161144350916_n-18x12.jpg 18w, https:\/\/unifranz.edu.bo\/wp-content\/uploads\/2022\/08\/275297241_3030541417195687_4240710161144350916_n.jpg 2048w\" sizes=\"auto, (max-width: 372px) 100vw, 372px\" \/><\/p>","protected":false},"excerpt":{"rendered":"<p>Con el compromiso de formar profesionales con un perfil empresarial estrat\u00e9gico, calificados en el Marketing Digital y gerencia de resultados, capaces de generar e identificar oportunidades de negocios competitivos, la carrera de Publicidad y Marketing de la Universidad privada Franz Tamayo se constituye en la \u00fanica en el mercado que cuenta con dos menciones de &hellip; <a href=\"https:\/\/unifranz.edu.bo\/pt\/carreras\/sin-publicidad-y-marketing-no-existes\/\">Continued<\/a><\/p>","protected":false},"author":45,"featured_media":99110,"comment_status":"open","ping_status":"open","sticky":false,"template":"","format":"standard","meta":{"_acf_changed":false,"footnotes":""},"categories":[60,1950,2186,35,280,318,226,1854,1862,2284,1004,1708,1690,1874,2184,1782],"tags":[2190,37,1902,2368,1650],"class_list":["post-99105","post","type-post","status-publish","format-standard","has-post-thumbnail","hentry","category-blog","category-calidad-academica","category-carreras-es","category-carreras","category-cochabamba","category-competencias","category-cultura","category-docentes-es","category-educacion","category-edulabs","category-estudiantes","category-innovacion","category-marketing","category-menciones-de-especializacion","category-publicidad-y-marketing","category-unifranz","tag-publicidadymarketing","tag-cochabamba","tag-crosmedia-labs","tag-estudiar-publicidad-y-marketing","tag-mejores-universidades-de-bolivia"],"acf":[],"_links":{"self":[{"href":"https:\/\/unifranz.edu.bo\/pt\/wp-json\/wp\/v2\/posts\/99105","targetHints":{"allow":["GET"]}}],"collection":[{"href":"https:\/\/unifranz.edu.bo\/pt\/wp-json\/wp\/v2\/posts"}],"about":[{"href":"https:\/\/unifranz.edu.bo\/pt\/wp-json\/wp\/v2\/types\/post"}],"author":[{"embeddable":true,"href":"https:\/\/unifranz.edu.bo\/pt\/wp-json\/wp\/v2\/users\/45"}],"replies":[{"embeddable":true,"href":"https:\/\/unifranz.edu.bo\/pt\/wp-json\/wp\/v2\/comments?post=99105"}],"version-history":[{"count":5,"href":"https:\/\/unifranz.edu.bo\/pt\/wp-json\/wp\/v2\/posts\/99105\/revisions"}],"predecessor-version":[{"id":99116,"href":"https:\/\/unifranz.edu.bo\/pt\/wp-json\/wp\/v2\/posts\/99105\/revisions\/99116"}],"wp:featuredmedia":[{"embeddable":true,"href":"https:\/\/unifranz.edu.bo\/pt\/wp-json\/wp\/v2\/media\/99110"}],"wp:attachment":[{"href":"https:\/\/unifranz.edu.bo\/pt\/wp-json\/wp\/v2\/media?parent=99105"}],"wp:term":[{"taxonomy":"category","embeddable":true,"href":"https:\/\/unifranz.edu.bo\/pt\/wp-json\/wp\/v2\/categories?post=99105"},{"taxonomy":"post_tag","embeddable":true,"href":"https:\/\/unifranz.edu.bo\/pt\/wp-json\/wp\/v2\/tags?post=99105"}],"curies":[{"name":"wp","href":"https:\/\/api.w.org\/{rel}","templated":true}]}}