{"id":98941,"date":"2022-08-05T12:29:48","date_gmt":"2022-08-05T16:29:48","guid":{"rendered":"https:\/\/unifranz.edu.bo\/?p=98941"},"modified":"2022-08-05T12:30:11","modified_gmt":"2022-08-05T16:30:11","slug":"el-alto-salud-oral-deficiente-exige-profesionales-altamente-capacitados","status":"publish","type":"post","link":"https:\/\/unifranz.edu.bo\/pt\/blog\/el-alto-salud-oral-deficiente-exige-profesionales-altamente-capacitados\/","title":{"rendered":"EL ALTO: SALUD ORAL DEFICIENTE EXIGE PROFESIONALES ALTAMENTE CAPACITADOS"},"content":{"rendered":"<p><span style=\"color: #000000;\">Datos estad\u00edsticos de organismos internacionales revelan que Bolivia es uno de los pa\u00edses m\u00e1s vulnerables de Latinoam\u00e9rica en cuanto a salud oral. La informaci\u00f3n es sin duda preocupante porque, cuando hablamos de una salud oral deficiente, hablamos tambi\u00e9n de una salud integral mermada.<\/span><\/p>\n<p><span style=\"color: #000000;\">En el caso particular de la ciudad de El Alto, se conoce que los n\u00fameros son a\u00fan m\u00e1s preocupantes, debido a la reducida importancia que muchas familias le dan a este aspecto y los datos extra\u00eddos de la Cl\u00ednica Odontol\u00f3gica de Unifranz. La prevenci\u00f3n y generar conciencia en la poblaci\u00f3n sobre la importancia de la salud oral es vital para el Dr. \u00c1lvaro Ib\u00e1\u00f1ez, Director de la Carrera de Odontolog\u00eda de la Universidad Franz Tamayo, UNIFRANZ.<\/span><\/p>\n<p><span style=\"color: #000000;\">Los avances tecnol\u00f3gicos implementados a diario en el \u00e1mbito de la salud impactan directamente en las personas, ya que permiten mejorar su calidad de vida. En el \u00e1rea de la Odontolog\u00eda, la innovaci\u00f3n permite realizar mejores diagn\u00f3sticos y tratamientos, la detecci\u00f3n temprana de enfermedades de tipo oral y, no menos importante, mejorar la est\u00e9tica dental.<\/span><\/p>\n<p><span style=\"color: #000000;\">\u201cComo carrera de Odontolog\u00eda de UNIFRANZ en El Alto, trabajamos a diario para brindar un importante aporte a la sociedad. Un gran ejemplo es contar con campa\u00f1as permanentes con brigadas estudiantiles en distintos puntos de la ciudad, pero tambi\u00e9n esta nuestra propia Cl\u00ednica Odontol\u00f3gica, a trav\u00e9s de la cual atendemos por d\u00eda a 60 pacientes en diversas especialidades y con tecnolog\u00eda de vanguardia\u201d a\u00f1adi\u00f3.<\/span><\/p>\n<p><span style=\"color: #000000;\">Los responsables de la atenci\u00f3n son los propios estudiantes, quienes, asesorados y supervisados por sus docentes, aplican sus conocimientos, brindando un servicio con calidad y calidez a la sociedad.<\/span><\/p>\n<p><span style=\"color: #000000;\">El equipamiento tecnol\u00f3gico de la cl\u00ednica odontol\u00f3gica mejora la experiencia del paciente, tanto para los pacientes como para los propios profesionales odont\u00f3logos, a quienes las nuevas herramientas y la aplicaci\u00f3n de t\u00e9cnicas m\u00e1s avanzadas permiten conseguir resultados m\u00e1s \u00f3ptimos y mejoras en los tratamientos.<\/span><\/p>\n<p><span style=\"color: #000000;\">Es importante el rol del profesional odont\u00f3logo o com\u00fanmente llamado \u201cdentista\u201d, para gestionar la salud oral en la poblaci\u00f3n, para ello requiere una formaci\u00f3n con responsabilidad y de la mano de la constante actualizaci\u00f3n para poder aplicar con \u00e9xito las tecnolog\u00edas, t\u00e9cnicas y herramientas.<\/span><\/p>\n<h6><span style=\"color: #000000;\"><strong>FORMACI\u00d3N ALTAMENTE PR\u00c1CTICA<\/strong><\/span><\/h6>\n<p><span style=\"color: #000000;\">La responsabilidad que conlleva para un profesional en salud, la atenci\u00f3n de un paciente, exige una formaci\u00f3n con alta calidad. Sobre el tema, Ib\u00e1\u00f1ez asegura que el Modelo Educativo basado en Competencias aplicado por UNIFRANZ, implica un fuerte componente pr\u00e1ctico de los estudiantes desde semestres inferiores, que permiten generar en ellos habilidades y destrezas, en pro de formar profesionales de excelencia, sea cual sea el \u00e1mbito de su pr\u00e1ctica profesional.<\/span><\/p>\n<p><span style=\"color: #000000;\">\u201cEstamos formando profesionales muy bien capacitados para el cuidado de la salud oral de todas las edades, para que estos puedan aplicar todo lo aprendido, tanto en el \u00e1mbito privado \u2013en consultorios o cl\u00ednicas-, p\u00fablica, como tambi\u00e9n en el rubro de la investigaci\u00f3n y la docencia, \u00e1reas desde las cuales se puede brindar un gran aporte a la poblaci\u00f3n\u201d.<\/span><\/p>\n<p><img loading=\"lazy\" decoding=\"async\" class=\"wp-image-98943 aligncenter\" src=\"https:\/\/unifranz.edu.bo\/wp-content\/uploads\/2022\/08\/IMG_9419-2-1024x683.jpg\" alt=\"\" width=\"585\" height=\"390\" srcset=\"https:\/\/unifranz.edu.bo\/wp-content\/uploads\/2022\/08\/IMG_9419-2-1024x683.jpg 1024w, https:\/\/unifranz.edu.bo\/wp-content\/uploads\/2022\/08\/IMG_9419-2-300x200.jpg 300w, https:\/\/unifranz.edu.bo\/wp-content\/uploads\/2022\/08\/IMG_9419-2-768x512.jpg 768w, https:\/\/unifranz.edu.bo\/wp-content\/uploads\/2022\/08\/IMG_9419-2-1536x1024.jpg 1536w, https:\/\/unifranz.edu.bo\/wp-content\/uploads\/2022\/08\/IMG_9419-2-2048x1365.jpg 2048w, https:\/\/unifranz.edu.bo\/wp-content\/uploads\/2022\/08\/IMG_9419-2-18x12.jpg 18w\" sizes=\"auto, (max-width: 585px) 100vw, 585px\" \/><\/p>\n<h6><span style=\"color: #000000;\"><strong>IMPORTANCIA DE LA TECNOLOG\u00cdA<\/strong><\/span><\/h6>\n<p><span style=\"color: #000000;\">La tecnolog\u00eda es un factor vital para la Odontolog\u00eda, ya que esta est\u00e1 en constante evoluci\u00f3n producto de nuevos descubrimientos, t\u00e9cnicas, herramientas y tratamientos que buscan brindar al paciente resultados cada vez m\u00e1s \u00f3ptimos. Por ejemplo, existe una gran diferencia entre las radiograf\u00edas panor\u00e1micas que antes se realizaban y una 3D que permite una imagen mucho m\u00e1s \u00f3ptima y, por ende, un tratamiento m\u00e1s efectivo en beneficio de los pacientes.<\/span><\/p>\n<p><span style=\"color: #000000;\">\u201cA nivel de carrera, podemos afirmar que estamos a la vanguardia en cuanto a tecnolog\u00eda, ya que contamos con infraestructura y equipamiento de \u00faltima tecnolog\u00eda que permite a nuestros estudiantes estar actualizados y formarse a la par de los avances\u201d.<\/span><\/p>\n<p><span style=\"color: #000000;\">Los estudiantes cuentan con equipamiento tecnol\u00f3gico de avanzada, que permite una formaci\u00f3n de calidad y un entrenamiento especializado, a tono con el modelo de ense\u00f1anza basado en competencias, que los prepara para actuar con prontitud y calidad ante cualquier situaci\u00f3n de emergencia en el marco de su profesi\u00f3n.<\/span><\/p>\n<p><span style=\"color: #000000;\">Los materiales de simulaci\u00f3n digitales permanentemente actualizados, recursos en l\u00ednea cada vez m\u00e1s interactivos y la personalizaci\u00f3n del proceso de aprendizaje, donde el docente orienta con detalle cada caso, permiten que el estudiante est\u00e9 preparado para realizar diagn\u00f3sticos diferenciales.<\/span><\/p>\n<p><span style=\"color: #000000;\">Asimismo, en torno al componente pr\u00e1ctico, las Salas de Simulaci\u00f3n cuentan con mesas anat\u00f3micas virtuales tridimensionales, que permiten explorar las estructuras anat\u00f3micas del cuerpo humano, las relaciones entre ellas, y tambi\u00e9n posibilita hacer cortes, separar \u00f3rganos, m\u00fasculos y otras partes. Esta mesa se destina al estudio y entrenamiento odontol\u00f3gico, como tambi\u00e9n en anatom\u00eda y cirug\u00eda, permitiendo reemplazar el uso de piezas anat\u00f3micas con fines de observaci\u00f3n y entrenamiento por parte de los estudiantes. Tambi\u00e9n dispone de mu\u00f1ecos de simulaci\u00f3n, entre otros.<\/span><\/p>\n<h6><span style=\"color: #000000;\"><strong>ACREDITACI\u00d3N INTERNACIONAL <\/strong><\/span><\/h6>\n<p><span style=\"color: #000000;\">La acreditaci\u00f3n internacional MERCOSUR, refuerza la visi\u00f3n de excelencia acad\u00e9mica e internacional de UNIFRANZ ya que, durante el proceso, la instituci\u00f3n fue puesta a prueba mediante una minuciosa evaluaci\u00f3n que deb\u00eda cumplir con todos los est\u00e1ndares exigidos por este tipo de acreditaciones. As\u00ed, la Universidad hizo inversiones en infraestructura, equipamiento, cl\u00ednicas odontol\u00f3gicas y laboratorios para poder cumplir todas las fases del proceso y de esta manera certificar su calidad internacional.<\/span><\/p>\n<p><span style=\"color: #000000;\">\u201cEste logro permite que la Carrera sea reconocida a nivel internacional. Asimismo, tanto docentes como estudiantes, cuentan con mayores oportunidades para participar de Programas de Intercambio Docente \u2013 Estudiantil a nivel nacional e internacional y ser tomados en cuenta para post grados y revalidaci\u00f3n de sus t\u00edtulos en los pa\u00edses que conforman el MERCOSUR.\u201d a\u00f1ade Ib\u00e1\u00f1ez.<\/span><\/p>\n<p><span style=\"color: #000000;\">El proceso comenz\u00f3 a finales de 2017 y durante todo el 2018, con la participaci\u00f3n de la comunidad universitaria, autoridades, administrativos, docentes, estudiantes, personal de apoyo y comunidad estudiantil. Finalmente, en 2019, se logr\u00f3 acreditar la carrera de Odontolog\u00eda, que pronto ir\u00e1 al proceso de re acreditaci\u00f3n, para confirmar su est\u00e1ndar internacional.<\/span><\/p>\n<p><span style=\"color: #000000;\">\u201cConvertirnos en la \u00fanica carrera de Odontolog\u00eda acreditada al MERCOSUR en El Alto ha generado prestigio, dado que nuestros estudiantes est\u00e1n seguros de que cuentan con las condiciones \u00f3ptimas para desarrollarse profesionalmente. Asimismo, se puede a\u00f1adir la posibilidad de movilidad estudiantil y el t\u00edtulo, al que la acreditaci\u00f3n le agrega un importante valor\u201d, acota el profesional.<\/span><\/p>\n<p><img loading=\"lazy\" decoding=\"async\" class=\"wp-image-98944 aligncenter\" src=\"https:\/\/unifranz.edu.bo\/wp-content\/uploads\/2022\/08\/CONGRESO-DE-ODO-340-1024x683.jpg\" alt=\"\" width=\"762\" height=\"508\" srcset=\"https:\/\/unifranz.edu.bo\/wp-content\/uploads\/2022\/08\/CONGRESO-DE-ODO-340-1024x683.jpg 1024w, https:\/\/unifranz.edu.bo\/wp-content\/uploads\/2022\/08\/CONGRESO-DE-ODO-340-300x200.jpg 300w, https:\/\/unifranz.edu.bo\/wp-content\/uploads\/2022\/08\/CONGRESO-DE-ODO-340-768x512.jpg 768w, https:\/\/unifranz.edu.bo\/wp-content\/uploads\/2022\/08\/CONGRESO-DE-ODO-340-1536x1024.jpg 1536w, https:\/\/unifranz.edu.bo\/wp-content\/uploads\/2022\/08\/CONGRESO-DE-ODO-340-2048x1365.jpg 2048w, https:\/\/unifranz.edu.bo\/wp-content\/uploads\/2022\/08\/CONGRESO-DE-ODO-340-18x12.jpg 18w\" sizes=\"auto, (max-width: 762px) 100vw, 762px\" \/><\/p>\n<p style=\"text-align: center;\"><span style=\"color: #000000;\">El Congreso Internacional de Odontolog\u00eda permiti\u00f3 visibilizar las tendencias e innovaci\u00f3n en el \u00e1mbito de la salud oral<\/span><\/p>","protected":false},"excerpt":{"rendered":"<p>Datos estad\u00edsticos de organismos internacionales revelan que Bolivia es uno de los pa\u00edses m\u00e1s vulnerables de Latinoam\u00e9rica en cuanto a salud oral. La informaci\u00f3n es sin duda preocupante porque, cuando hablamos de una salud oral deficiente, hablamos tambi\u00e9n de una salud integral mermada. En el caso particular de la ciudad de El Alto, se conoce &hellip; <a href=\"https:\/\/unifranz.edu.bo\/pt\/blog\/el-alto-salud-oral-deficiente-exige-profesionales-altamente-capacitados\/\">Continued<\/a><\/p>","protected":false},"author":25,"featured_media":98942,"comment_status":"open","ping_status":"open","sticky":false,"template":"","format":"standard","meta":{"_acf_changed":false,"footnotes":""},"categories":[60,1862,302,1004,1708,1900,2022,2032,1782],"tags":[320,53,47,386,1422,186,242],"class_list":["post-98941","post","type-post","status-publish","format-standard","has-post-thumbnail","hentry","category-blog","category-educacion","category-el-alto","category-estudiantes","category-innovacion","category-mercosur","category-odontologia","category-salud-es","category-unifranz","tag-docentes","tag-educacion","tag-el-alto","tag-estudiantes","tag-innovacion-en-educacion","tag-odontologia","tag-unifranz"],"acf":[],"_links":{"self":[{"href":"https:\/\/unifranz.edu.bo\/pt\/wp-json\/wp\/v2\/posts\/98941","targetHints":{"allow":["GET"]}}],"collection":[{"href":"https:\/\/unifranz.edu.bo\/pt\/wp-json\/wp\/v2\/posts"}],"about":[{"href":"https:\/\/unifranz.edu.bo\/pt\/wp-json\/wp\/v2\/types\/post"}],"author":[{"embeddable":true,"href":"https:\/\/unifranz.edu.bo\/pt\/wp-json\/wp\/v2\/users\/25"}],"replies":[{"embeddable":true,"href":"https:\/\/unifranz.edu.bo\/pt\/wp-json\/wp\/v2\/comments?post=98941"}],"version-history":[{"count":1,"href":"https:\/\/unifranz.edu.bo\/pt\/wp-json\/wp\/v2\/posts\/98941\/revisions"}],"predecessor-version":[{"id":98945,"href":"https:\/\/unifranz.edu.bo\/pt\/wp-json\/wp\/v2\/posts\/98941\/revisions\/98945"}],"wp:featuredmedia":[{"embeddable":true,"href":"https:\/\/unifranz.edu.bo\/pt\/wp-json\/wp\/v2\/media\/98942"}],"wp:attachment":[{"href":"https:\/\/unifranz.edu.bo\/pt\/wp-json\/wp\/v2\/media?parent=98941"}],"wp:term":[{"taxonomy":"category","embeddable":true,"href":"https:\/\/unifranz.edu.bo\/pt\/wp-json\/wp\/v2\/categories?post=98941"},{"taxonomy":"post_tag","embeddable":true,"href":"https:\/\/unifranz.edu.bo\/pt\/wp-json\/wp\/v2\/tags?post=98941"}],"curies":[{"name":"wp","href":"https:\/\/api.w.org\/{rel}","templated":true}]}}