{"id":98568,"date":"2022-07-26T11:00:49","date_gmt":"2022-07-26T15:00:49","guid":{"rendered":"https:\/\/unifranz.edu.bo\/?p=98568"},"modified":"2022-07-28T12:46:31","modified_gmt":"2022-07-28T16:46:31","slug":"construyendo-una-santa-cruz-amigable-y-sostenible","status":"publish","type":"post","link":"https:\/\/unifranz.edu.bo\/pt\/blog\/construyendo-una-santa-cruz-amigable-y-sostenible\/","title":{"rendered":"Construyendo una Santa Cruz amigable y sostenible"},"content":{"rendered":"<p><span style=\"color: #333333;\">A lo largo de los a\u00f1os se ha visto un crecimiento poblacional significativo en Santa Cruz de la Sierra. Es indispensable pensar en el rumbo o futuro del municipio cruce\u00f1o, crear escenarios que posibiliten el desarrollo sostenible; identificar los desaf\u00edos que implican la construcci\u00f3n de una ciudad modelo que sea amigable y sostenible a trav\u00e9s de la academia, innovaci\u00f3n y tecnolog\u00eda; es por eso, que el Centro de Estudios para el Desarrollo Urbano y Regional de Santa Cruz de la Sierra (CEDURE) y la Universidad Franz Tamayo (Unifranz) firmaron un convenio de cooperaci\u00f3n para fortalecer la Gesti\u00f3n, Desarrollo y Planificaci\u00f3n Urbana.<\/span><\/p>\n<p><span style=\"color: #333333;\"><em>\u201cPara nosotros es muy importante trabajar en pol\u00edticas de Estado desde la institucionalidad y hemos encontrado en Unifranz un mundo acad\u00e9mico donde podemos elaborar cursos o foros de planificaci\u00f3n urbana\u201d,<\/em> indic\u00f3 el Director del CEDURE, Arq. Fernando Prado, a tiempo de resaltar el trabajo colaborativo con Unifranz.<\/span><\/p>\n<p><span style=\"color: #333333;\">Unifranz ha sido escenario de los diferentes foros organizados por el CEDURE, como el caso del XIV Foro Urbano para la Planificaci\u00f3n Estrat\u00e9gica de Santa Cruz de la Sierra, con el objetivo de construir un Plan Municipal de Desarrollo Integral (PTDI), que se realiz\u00f3 el pasado 28 de junio.<\/span><\/p>\n<p><span style=\"color: #333333;\">En esta versi\u00f3n, los temas abordados fueron: Ciudad saludable y segura para la vida humana; Ciudad productiva, competitiva y emprendedora abierta a la transformaci\u00f3n productiva; Ciudad educadora que promueve la cultura ciudadana para la convivencia, la participaci\u00f3n y la inclusi\u00f3n social; Hacia nuevas formas de gesti\u00f3n local, eficiente, abierta y con gobernanza, y la construcci\u00f3n de la Agenda Urbana 2022. <em>\u201cEs importante que los estudiantes de arquitectura formen parte activa de estos foros y puedan hacerle el seguimiento a la ejecuci\u00f3n de los temas\u201d,<\/em> agreg\u00f3 Fernando Prado.<\/span><\/p>\n<p><span style=\"color: #333333;\">Cabe resaltar, que el CEDURE, tambi\u00e9n, form\u00f3 parte importante en la construcci\u00f3n y acompa\u00f1amiento de la menci\u00f3n de especializaci\u00f3n <strong>\u2018Ciudad y Territorio\u2019<\/strong> de la carrera de Arquitectura en Unifranz<strong>. <\/strong><em>\u201cDurante la pandemia nos ajustamos como universidad y abrimos la puerta a profesionales de todo el pa\u00eds, para continuar el trabajo dentro de la menci\u00f3n dise\u00f1adas por el CEDURE; logramos consolidarla como una pieza importante en la formaci\u00f3n de los estudiantes\u201d,<\/em> inform\u00f3 el Arq. Gabriel Garc\u00eda Tard\u00edo, director de la carrera en la sede Santa Cruz.<\/span><\/p>\n<p><span style=\"color: #333333;\">Por su parte, el Vicerrector Dr. Carlos Dabdoub, expres\u00f3 su sincero agradecimiento al CEDURE por el trabajo colaborativo que viene realizando, e incentiv\u00f3 a que se sigan construyendo espacios de formaci\u00f3n para los estudiantes y profesionales en arquitectura con talleres, cursos, e incluso diplomados. <em>\u201cDentro del esp\u00edritu que tiene la universidad, de ser una universidad de puertas abiertas, creo que como universidad jugamos un rol protag\u00f3nico en el desarrollo de una ciudad\u201d,<\/em> resalt\u00f3.<\/span><\/p>","protected":false},"excerpt":{"rendered":"<p>A lo largo de los a\u00f1os se ha visto un crecimiento poblacional significativo en Santa Cruz de la Sierra. Es indispensable pensar en el rumbo o futuro del municipio cruce\u00f1o, crear escenarios que posibiliten el desarrollo sostenible; identificar los desaf\u00edos que implican la construcci\u00f3n de una ciudad modelo que sea amigable y sostenible a trav\u00e9s &hellip; <a href=\"https:\/\/unifranz.edu.bo\/pt\/blog\/construyendo-una-santa-cruz-amigable-y-sostenible\/\">Continued<\/a><\/p>","protected":false},"author":45,"featured_media":98602,"comment_status":"open","ping_status":"open","sticky":false,"template":"","format":"standard","meta":{"_acf_changed":false,"footnotes":""},"categories":[1884,60],"tags":[2326,2096,428,242],"class_list":["post-98568","post","type-post","status-publish","format-standard","has-post-thumbnail","hentry","category-arquitectura","category-blog","tag-ciudadyterritorio","tag-unifranzsantacruz","tag-arquitectura","tag-unifranz"],"acf":[],"_links":{"self":[{"href":"https:\/\/unifranz.edu.bo\/pt\/wp-json\/wp\/v2\/posts\/98568","targetHints":{"allow":["GET"]}}],"collection":[{"href":"https:\/\/unifranz.edu.bo\/pt\/wp-json\/wp\/v2\/posts"}],"about":[{"href":"https:\/\/unifranz.edu.bo\/pt\/wp-json\/wp\/v2\/types\/post"}],"author":[{"embeddable":true,"href":"https:\/\/unifranz.edu.bo\/pt\/wp-json\/wp\/v2\/users\/45"}],"replies":[{"embeddable":true,"href":"https:\/\/unifranz.edu.bo\/pt\/wp-json\/wp\/v2\/comments?post=98568"}],"version-history":[{"count":1,"href":"https:\/\/unifranz.edu.bo\/pt\/wp-json\/wp\/v2\/posts\/98568\/revisions"}],"predecessor-version":[{"id":98570,"href":"https:\/\/unifranz.edu.bo\/pt\/wp-json\/wp\/v2\/posts\/98568\/revisions\/98570"}],"wp:featuredmedia":[{"embeddable":true,"href":"https:\/\/unifranz.edu.bo\/pt\/wp-json\/wp\/v2\/media\/98602"}],"wp:attachment":[{"href":"https:\/\/unifranz.edu.bo\/pt\/wp-json\/wp\/v2\/media?parent=98568"}],"wp:term":[{"taxonomy":"category","embeddable":true,"href":"https:\/\/unifranz.edu.bo\/pt\/wp-json\/wp\/v2\/categories?post=98568"},{"taxonomy":"post_tag","embeddable":true,"href":"https:\/\/unifranz.edu.bo\/pt\/wp-json\/wp\/v2\/tags?post=98568"}],"curies":[{"name":"wp","href":"https:\/\/api.w.org\/{rel}","templated":true}]}}