{"id":97270,"date":"2022-06-28T14:23:23","date_gmt":"2022-06-28T18:23:23","guid":{"rendered":"https:\/\/unifranz.edu.bo\/?p=97270"},"modified":"2022-06-29T20:18:14","modified_gmt":"2022-06-30T00:18:14","slug":"expertos-planifican-la-santa-cruz-del-futuro","status":"publish","type":"post","link":"https:\/\/unifranz.edu.bo\/pt\/blog\/expertos-planifican-la-santa-cruz-del-futuro\/","title":{"rendered":"Expertos planifican la Santa Cruz del futuro"},"content":{"rendered":"<p><span style=\"color: #808080;\"><em>Unifranz alberg\u00f3 a especialistas que analizan propuestas para la planificaci\u00f3n y el crecimiento de la ciudad m\u00e1s poblada de Bolivia.<\/em><\/span><\/p>\n<p><span style=\"color: #808080;\"><strong>Santa Cruz, 28 de junio de 2022. <\/strong>El Centro de Estudios para el Desarrollo Urbano y Regional (CEDURE) organiz\u00f3 el XIV Foro Urbano para la Planificaci\u00f3n Estrat\u00e9gica de Santa Cruz de la Sierra, con el objetivo de construir un Plan Municipal de Desarrollo Integral (PTDI).\u00a0En esta versi\u00f3n, los temas abordados fueron: Ciudad saludable y segura para la vida humana; Ciudad productiva, competitiva y emprendedora abierta a la transformaci\u00f3n productiva; Ciudad educadora que promueve la cultura ciudadana para la convivencia, la participaci\u00f3n y la inclusi\u00f3n social; Hacia nuevas formas de gesti\u00f3n local, eficiente, abierta y con gobernanza, y la construcci\u00f3n de la Agenda Urbana 2022.<\/span><\/p>\n<p><span style=\"color: #808080;\">Ante la ausencia de pol\u00edticas y directrices para el desarrollo de la ciudad, el CEDURE se propuso convocar a las instituciones representativas de la sociedad civil organizada a participar de sus Foros Anuales para la Planificaci\u00f3n Estrat\u00e9gica de Santa Cruz de la Sierra.\u00a0<\/span><span style=\"color: #808080;\"><em>\u201cEn este foro se discuten los grandes problemas de la ciudad, se supone y se desea que llegue a influenciar en las pol\u00edticas p\u00fablicas, es decir, muchas veces los gobiernos est\u00e1n muy separados de la sociedad civil y de lo que se est\u00e1 gestando; creemos que como sociedad podemos dar un aporte muy importante\u201d,<\/em> puntualiz\u00f3 el Arq. Fernando Prado, director del CEDURE.<\/span><\/p>\n<p><span style=\"color: #808080;\">Asimismo, los organizadores indicaron que este foro es un mecanismo permanente de propuesta, monitoreo y seguimiento al proceso de desarrollo de la ciudad; es por eso que se ha convertido en un verdadero <strong>Observatorio Urbano,<\/strong> que ha servido de escenario para discutir de manera abierta y participativa el futuro de Santa Cruz de la Sierra<\/span><\/p>\n<p><span style=\"color: #808080;\"><strong>El respaldo de Unifranz<\/strong><\/span><\/p>\n<p><span style=\"color: #808080;\">El evento se llev\u00f3 a cabo en el Auditorio Central de Unifranz Santa Cruz y cont\u00f3 con la participaci\u00f3n del Dr. Carlos Dabdoub Arrien, Vicerrector de la Sede.\u00a0<\/span><span style=\"color: #808080;\"><em>\u201cUnifranz comprometida en su objetivo de transformar la educaci\u00f3n en Bolivia, se convierte en una universidad de puertas abiertas a la sociedad. Es as\u00ed, que coauspici\u00f3 el XIV Foro de CEDURE a cargo del Arq.\u00a0 Fernando Prado\u201d,<\/em> asever\u00f3 el Vicerrector, Dr. Carlos Dabdoub<\/span><\/p>\n<p><span style=\"color: #808080;\">Por su parte, el Arq. Prado indic\u00f3 que en el proceso de los diferentes foros que se han realizado, se detect\u00f3 que uno de los principales problemas del desarrollo urbano es la cultura, la capacitaci\u00f3n el \u201ccrear ciudadanos\u201d, y en eso Unifranz se ha destacado. <em>\u201cNos encontramos a gusto en este ambiente, porque es en donde tiene que destacar y valorizar los conocimientos y la creatividad, dos piezas fundamentales para los pol\u00edticos que planifican, porque sin esos dos conceptos la ciudad no puede ir adelante\u201d,<\/em> agreg\u00f3.<\/span><\/p>\n<p>&nbsp;<\/p>","protected":false},"excerpt":{"rendered":"<p>Unifranz alberg\u00f3 a especialistas que analizan propuestas para la planificaci\u00f3n y el crecimiento de la ciudad m\u00e1s poblada de Bolivia. Santa Cruz, 28 de junio de 2022. El Centro de Estudios para el Desarrollo Urbano y Regional (CEDURE) organiz\u00f3 el XIV Foro Urbano para la Planificaci\u00f3n Estrat\u00e9gica de Santa Cruz de la Sierra, con el &hellip; <a href=\"https:\/\/unifranz.edu.bo\/pt\/blog\/expertos-planifican-la-santa-cruz-del-futuro\/\">Continued<\/a><\/p>","protected":false},"author":45,"featured_media":97271,"comment_status":"open","ping_status":"open","sticky":false,"template":"","format":"standard","meta":{"_acf_changed":false,"footnotes":""},"categories":[60],"tags":[2220,2222,2096,242],"class_list":["post-97270","post","type-post","status-publish","format-standard","has-post-thumbnail","hentry","category-blog","tag-cedure","tag-planificacionarquitectonica","tag-unifranzsantacruz","tag-unifranz"],"acf":[],"_links":{"self":[{"href":"https:\/\/unifranz.edu.bo\/pt\/wp-json\/wp\/v2\/posts\/97270","targetHints":{"allow":["GET"]}}],"collection":[{"href":"https:\/\/unifranz.edu.bo\/pt\/wp-json\/wp\/v2\/posts"}],"about":[{"href":"https:\/\/unifranz.edu.bo\/pt\/wp-json\/wp\/v2\/types\/post"}],"author":[{"embeddable":true,"href":"https:\/\/unifranz.edu.bo\/pt\/wp-json\/wp\/v2\/users\/45"}],"replies":[{"embeddable":true,"href":"https:\/\/unifranz.edu.bo\/pt\/wp-json\/wp\/v2\/comments?post=97270"}],"version-history":[{"count":2,"href":"https:\/\/unifranz.edu.bo\/pt\/wp-json\/wp\/v2\/posts\/97270\/revisions"}],"predecessor-version":[{"id":97416,"href":"https:\/\/unifranz.edu.bo\/pt\/wp-json\/wp\/v2\/posts\/97270\/revisions\/97416"}],"wp:featuredmedia":[{"embeddable":true,"href":"https:\/\/unifranz.edu.bo\/pt\/wp-json\/wp\/v2\/media\/97271"}],"wp:attachment":[{"href":"https:\/\/unifranz.edu.bo\/pt\/wp-json\/wp\/v2\/media?parent=97270"}],"wp:term":[{"taxonomy":"category","embeddable":true,"href":"https:\/\/unifranz.edu.bo\/pt\/wp-json\/wp\/v2\/categories?post=97270"},{"taxonomy":"post_tag","embeddable":true,"href":"https:\/\/unifranz.edu.bo\/pt\/wp-json\/wp\/v2\/tags?post=97270"}],"curies":[{"name":"wp","href":"https:\/\/api.w.org\/{rel}","templated":true}]}}