{"id":97026,"date":"2022-06-25T09:30:29","date_gmt":"2022-06-25T13:30:29","guid":{"rendered":"https:\/\/unifranz.edu.bo\/?p=97026"},"modified":"2022-06-25T16:40:43","modified_gmt":"2022-06-25T20:40:43","slug":"40-nuevos-profesionales-se-graduan-en-la-unifranz","status":"publish","type":"post","link":"https:\/\/unifranz.edu.bo\/pt\/blog\/40-nuevos-profesionales-se-graduan-en-la-unifranz\/","title":{"rendered":"nuevos profesionales se grad\u00faan en Unifranz"},"content":{"rendered":"<p><span style=\"color: #808080;\"><strong>Santa Cruz, 25 de junio de 2022<\/strong>.- La Universidad Privada Franz Tamayo (Unifranz) grad\u00faa a 40 flamantes profesionales en la sede Santa Cruz. Se trata de 28 mujeres y 12 varones que culminaron exitosamente su etapa de formaci\u00f3n profesional en las carreras de: Medicina, Odontolog\u00eda, Administraci\u00f3n de Empresas, Administraci\u00f3n de Hoteler\u00eda y Turismo, Ingenier\u00eda Comercial, Derecho y Publicidad y Marketing.<\/span><\/p>\n<p><span style=\"color: #808080;\"><em>\u201cA partir de este momento ustedes van a ser los embajadores de la Naci\u00f3n Unifranz. La naci\u00f3n de los exploradores, emprendedores, los que no tienen fronteras, los que saben que los l\u00edmites del mapa no son un obst\u00e1culo, los perseverantes, los que van siempre al frente, los que se exigen, los que no ponen excusas y los persiguen sus ideales hasta alcanzarlos, en esta naci\u00f3n nuestro idioma es el conocimiento\u201d, <\/em>puntualiz\u00f3 la Rectora Nacional Arq. DESA Ver\u00f3nica Agreda, en el Trig\u00e9sima Primera Promoci\u00f3n de Profesionales de Unifranz Santa Cruz.<\/span><\/p>\n<p><span style=\"color: #808080;\">Son 40 estudiantes decididos y perseverantes que superaron las dificultades de la pandemia, se adaptaron a la virtualidad con decisi\u00f3n y compromiso personal, y entendieron que los cambios llegaron para quedarse; sembraron esfuerzo en medio de la adversidad y est\u00e1n preparados para cosechar \u00e9xitos.<\/span><\/p>\n<p><em><span style=\"color: #808080;\">\u201cPor qu\u00e9 digo que ustedes son una graduaci\u00f3n de valientes, porque ustedes vieron el bosque Chiquitano quemarse, ustedes vieron los conflictos pol\u00edticos y sociales del pa\u00eds, lo vivieron, porque estuvieron confinados, porque ustedes tuvieron en el frente de lucha asistiendo enfermos, participando de ollas comunes, cuidando a los dem\u00e1s, dejando de pensar en solamente nosotros\u201d,<\/span>\u00a0<\/em><span style=\"color: #808080; letter-spacing: 0.02em;\">agreg\u00f3 la rectora \u00c1greda.<\/span><\/p>\n<p><span style=\"color: #808080;\">\u00c1ngela Rodr\u00edguez Tango, titulada con honores de la carrera de Administraci\u00f3n de Hoteler\u00eda y Turismo destac\u00f3 la calidad acad\u00e9mica de la formaci\u00f3n recibida, con un modelo innovador y desafiante. Unifranz es la universidad que conecta con el mundo, que brinda experiencias reales a sus estudiantes, form\u00e1ndolos como personas \u00edntegras y con una visi\u00f3n global, con capacidades de inserci\u00f3n internacional, adaptables al entorno, tolerantes al cambio y a las diferencias culturales.<\/span><\/p>\n<p><span style=\"color: #808080;\"><em>\u201cLos que tuvimos la oportunidad de hacer un intercambio a un pa\u00eds fuera del nuestro, pudimos experimentar grandes aventuras, creamos lazos de amistad que perdurar\u00e1n toda la vida (\u2026) Gracias a nuestra querida Unifranz por formarnos como profesionales competentes, y personalmente, quiero agradecerle por haberme impulsado a salir de mi zona de confort, porque actualmente me encuentro trabajando en el \u00e1rea de Turismo en Canc\u00fan M\u00e9xico\u201d, <\/em>manifest\u00f3 la estudiante a trav\u00e9s de un emotivo contacto virtual.<\/span><\/p>\n<p><span style=\"color: #808080;\">El solemne acto de graduaci\u00f3n se celebr\u00f3 el 24 de junio, en el Auditorio Central de Unifranz Santa Cruz, en el que los grandes protagonistas fueron los graduados, sus seres m\u00e1s queridos y el claustro acad\u00e9mico.<\/span><\/p>\n<p><span style=\"color: #808080;\">El acto fue presidido por la Rectora Nacional, Arq. Ver\u00f3nica Agreda de Pazos; el Vicerrector Acad\u00e9mico Nacional, Gustavo Monta\u00f1o EdD.; Vicerrector sede Santa Cruz, Dr. Carlos Dabdoub Arrien Ph.D.; la Secretaria General sede Santa Cruz, Dra. Elena Vald\u00e9s Guti\u00e9rrez y el Decano Acad\u00e9mico sede Santa Cruz, Lic. Carlos Perrog\u00f3n Ayala.<\/span><\/p>\n<p><span style=\"color: #808080;\">Los invitamos a revivir el acto de graduaci\u00f3n en nuestra plataforma\u00a0 Facebook:<\/span> <a href=\"https:\/\/fb.watch\/dRZyIzx6JS\/\" target=\"_blank\" rel=\"noopener\">https:\/\/fb.watch\/dRZyIzx6JS\/<\/a><\/p>\n<p>&nbsp;<\/p>","protected":false},"excerpt":{"rendered":"<p>Santa Cruz, 25 de junio de 2022.- La Universidad Privada Franz Tamayo (Unifranz) grad\u00faa a 40 flamantes profesionales en la sede Santa Cruz. Se trata de 28 mujeres y 12 varones que culminaron exitosamente su etapa de formaci\u00f3n profesional en las carreras de: Medicina, Odontolog\u00eda, Administraci\u00f3n de Empresas, Administraci\u00f3n de Hoteler\u00eda y Turismo, Ingenier\u00eda Comercial, &hellip; <a href=\"https:\/\/unifranz.edu.bo\/pt\/blog\/40-nuevos-profesionales-se-graduan-en-la-unifranz\/\">Continued<\/a><\/p>","protected":false},"author":45,"featured_media":97029,"comment_status":"open","ping_status":"open","sticky":false,"template":"","format":"standard","meta":{"_acf_changed":false,"footnotes":""},"categories":[1934,60],"tags":[2206,2210,2212,2208,2190,2096,39,49,186],"class_list":["post-97026","post","type-post","status-publish","format-standard","has-post-thumbnail","hentry","category-acto-de-colacion","category-blog","tag-31colacionscz","tag-administraciondeempresas","tag-administraciondehoteleriayturismo","tag-ingenieriacomercial","tag-publicidadymarketing","tag-unifranzsantacruz","tag-derecho","tag-medicina","tag-odontologia"],"acf":[],"_links":{"self":[{"href":"https:\/\/unifranz.edu.bo\/pt\/wp-json\/wp\/v2\/posts\/97026","targetHints":{"allow":["GET"]}}],"collection":[{"href":"https:\/\/unifranz.edu.bo\/pt\/wp-json\/wp\/v2\/posts"}],"about":[{"href":"https:\/\/unifranz.edu.bo\/pt\/wp-json\/wp\/v2\/types\/post"}],"author":[{"embeddable":true,"href":"https:\/\/unifranz.edu.bo\/pt\/wp-json\/wp\/v2\/users\/45"}],"replies":[{"embeddable":true,"href":"https:\/\/unifranz.edu.bo\/pt\/wp-json\/wp\/v2\/comments?post=97026"}],"version-history":[{"count":8,"href":"https:\/\/unifranz.edu.bo\/pt\/wp-json\/wp\/v2\/posts\/97026\/revisions"}],"predecessor-version":[{"id":97055,"href":"https:\/\/unifranz.edu.bo\/pt\/wp-json\/wp\/v2\/posts\/97026\/revisions\/97055"}],"wp:featuredmedia":[{"embeddable":true,"href":"https:\/\/unifranz.edu.bo\/pt\/wp-json\/wp\/v2\/media\/97029"}],"wp:attachment":[{"href":"https:\/\/unifranz.edu.bo\/pt\/wp-json\/wp\/v2\/media?parent=97026"}],"wp:term":[{"taxonomy":"category","embeddable":true,"href":"https:\/\/unifranz.edu.bo\/pt\/wp-json\/wp\/v2\/categories?post=97026"},{"taxonomy":"post_tag","embeddable":true,"href":"https:\/\/unifranz.edu.bo\/pt\/wp-json\/wp\/v2\/tags?post=97026"}],"curies":[{"name":"wp","href":"https:\/\/api.w.org\/{rel}","templated":true}]}}