{"id":96978,"date":"2022-06-20T16:47:34","date_gmt":"2022-06-20T20:47:34","guid":{"rendered":"https:\/\/unifranz.edu.bo\/?p=96978"},"modified":"2022-06-20T16:56:42","modified_gmt":"2022-06-20T20:56:42","slug":"emprendefranz-la-explosion-de-nuevos-emprendimientos-y-los-retos-del-ingeniero-comercial","status":"publish","type":"post","link":"https:\/\/unifranz.edu.bo\/pt\/blog\/emprendefranz-la-explosion-de-nuevos-emprendimientos-y-los-retos-del-ingeniero-comercial\/","title":{"rendered":"EMPRENDEFRANZ: LA EXPLOSI\u00d3N DE NUEVOS EMPRENDIMIENTOS Y LOS RETOS DEL INGENIERO COMERCIAL."},"content":{"rendered":"<p><span style=\"color: #000000;\">El papel cada vez m\u00e1s activo de las empresas en la sociedad \u2013tras la crisis de la pandemia\u2013 y las crecientes exigencias de innovaci\u00f3n y m\u00faltiples competencias para enfrentar los desaf\u00edos de reactivaci\u00f3n econ\u00f3mica, est\u00e1n dando lugar a una explosi\u00f3n de j\u00f3venes emprendedores en nuestro pa\u00eds. \u00a0<\/span><\/p>\n<p><span style=\"color: #000000;\">El escenario plantea nuevos retos para los profesionales llamados a hacer sostenibles estos emprendimientos; identificar potencialidades y amenazas para realizar una adecuada gesti\u00f3n ante las variables del mercado. Bajo esa iniciativa la Carrera de Ingenier\u00eda Comercial de la Universidad Franz Tamayo (UNIFRANZ), realiz\u00f3 el EMPRENDEFRANZ, un evento llamado a mostrar experiencias de j\u00f3venes emprendedores \u2013de nuestro contexto\u2013 con innovadoras ideas para un p\u00fablico joven.<\/span><\/p>\n<p><span style=\"color: #000000;\">\u201cEl objetivo del evento es brindar a los estudiantes, experiencias de emprendedores para que desde su \u00f3ptica puedan recibir lineamientos para poder emprender; identificar cu\u00e1les fueron sus problemas, aciertos y \u00e9xitos. Buscamos que tengan una visi\u00f3n completa desde la pr\u00e1ctica y no solo desde la parte te\u00f3rica\u201d, asegur\u00f3 David Coaquira, Docente de la Carrera de Ingenier\u00eda Comercial de UNIFRANZ.<\/span><\/p>\n<p><span style=\"color: #000000;\">Roger Israel Poma de la empresa <a href=\"https:\/\/www.facebook.com\/munayoutfitdesign\/\" target=\"_blank\" rel=\"noopener\">MUNAY<\/a>, Sergio y Mauricio Arias de <a href=\"https:\/\/www.facebook.com\/PeregrinoBolivia\/\" target=\"_blank\" rel=\"noopener\">IPROBAR S.R.L<\/a>., Carmi\u00f1a Gabriela Flores de la empresa <a href=\"https:\/\/www.facebook.com\/anacarminapaste\/\" target=\"_blank\" rel=\"noopener\">Ana Carmi\u00f1a Pasteler\u00eda<\/a> y Diego Benites Romero de la empresa <a href=\"https:\/\/www.facebook.com\/DonLimonTradicion\/\" target=\"_blank\" rel=\"noopener\">Don Lim\u00f3n<\/a>, fueron los j\u00f3venes emprendedores invitados a EMPRENDEFRANZ, que congreso a estudiantes de quinto semestre de Ingenier\u00eda Comercial, en una jornada de vivencias que transmitieron proactividad, liderazgo y perseverancia.<\/span><\/p>\n<p>&nbsp;<\/p>\n<figure id=\"attachment_96981\" aria-describedby=\"caption-attachment-96981\" style=\"width: 742px\" class=\"wp-caption aligncenter\"><img loading=\"lazy\" decoding=\"async\" class=\"wp-image-96981\" src=\"https:\/\/unifranz.edu.bo\/wp-content\/uploads\/2022\/06\/1-1-300x300.jpeg\" alt=\"\" width=\"742\" height=\"742\" srcset=\"https:\/\/unifranz.edu.bo\/wp-content\/uploads\/2022\/06\/1-1-300x300.jpeg 300w, https:\/\/unifranz.edu.bo\/wp-content\/uploads\/2022\/06\/1-1-1024x1024.jpeg 1024w, https:\/\/unifranz.edu.bo\/wp-content\/uploads\/2022\/06\/1-1-768x768.jpeg 768w, https:\/\/unifranz.edu.bo\/wp-content\/uploads\/2022\/06\/1-1-12x12.jpeg 12w, https:\/\/unifranz.edu.bo\/wp-content\/uploads\/2022\/06\/1-1.jpeg 1440w\" sizes=\"auto, (max-width: 742px) 100vw, 742px\" \/><figcaption id=\"caption-attachment-96981\" class=\"wp-caption-text\"><span style=\"color: #000000;\">Carmi\u00f1a Gabriela Flores de la empresa Ana Carmi\u00f1a Pasteler\u00eda.<\/span><\/figcaption><\/figure>\n<p>&nbsp;<\/p>\n<p><span style=\"color: #000000;\">\u201cEl escoger ser emprendedor es cumplir un sue\u00f1o de tener un producto. Soy ingeniero industrial de profesi\u00f3n y desde el inicio de mi carrera fue mi anhelo, el poder producir algo propio. Apost\u00e9 por el rubro de las bebidas (..) una bebida desconocida y la oportunidad de poder potenciar esta receta ancestral para hacerla conocer a todo el pa\u00eds\u201d, dice entusiasta Sergio Arias, qui\u00e9n junto a su hermano Mauricio, vieron nacer a Licor Peregrino y su empresa IPROBAR S.R.L.<\/span><\/p>\n<p><span style=\"color: #000000;\">El pasado viernes en un encuentro interactivo, los j\u00f3venes emprendedores y estudiantes de la carrera conversaron sobre las herramientas para llevar adelante una idea de negocio, las habilidades a gestionar, c\u00f3mo organizar un negocio desde cero, c\u00f3mo aprovechar las oportunidades de mercado, mantener la calidad del producto o servicio y c\u00f3mo generar una ventaja competitiva\u00a0 mediante factores diferenciadores.<\/span><\/p>\n<p><span style=\"color: #000000;\">\u201cEMPRENDEFRANZ fue m\u00e1s all\u00e1 de nuestras expectativas, las distintas historias de nuestros invitados nos inspiran, aportan a los conocimientos a trav\u00e9s de lo que est\u00e1n viviendo en la realidad, con optimismo, innovaci\u00f3n, eficiencia y sobre todo pasi\u00f3n por lo que hacen. Me sirve de inspiraci\u00f3n para llegar a la meta que tengo, sin rendirme\u201d, dijo Adriana Aguirre, estudiante de quinto semestre de Ingenier\u00eda Comercial de UNIFRANZ.<\/span><\/p>\n<p><span style=\"color: #000000;\">La carrera de <a href=\"https:\/\/unifranz.edu.bo\/landings\/estudiar-ingenieria-comercial\/\">Ingenier\u00eda Comercial de UNIFRANZ<\/a>, forma profesionales l\u00edderes orientados hac\u00eda elevados \u00edndices de calidad, eficiencia e internacionalizaci\u00f3n, para que sean capaces de incrementar el valor y la rentabilidad de negocios de diversa \u00edndole, entre otros. \u00a0Cuenta con las menciones de Comercio Internacional y e-Commerce.<\/span><\/p>\n<p>&nbsp;<\/p>\n<figure id=\"attachment_96979\" aria-describedby=\"caption-attachment-96979\" style=\"width: 697px\" class=\"wp-caption aligncenter\"><img loading=\"lazy\" decoding=\"async\" class=\"wp-image-96979\" src=\"https:\/\/unifranz.edu.bo\/wp-content\/uploads\/2022\/06\/Captura-de-Pantalla-2022-06-20-a-las-16.32.03-300x254.png\" alt=\"\" width=\"697\" height=\"590\" srcset=\"https:\/\/unifranz.edu.bo\/wp-content\/uploads\/2022\/06\/Captura-de-Pantalla-2022-06-20-a-las-16.32.03-300x254.png 300w, https:\/\/unifranz.edu.bo\/wp-content\/uploads\/2022\/06\/Captura-de-Pantalla-2022-06-20-a-las-16.32.03-1024x869.png 1024w, https:\/\/unifranz.edu.bo\/wp-content\/uploads\/2022\/06\/Captura-de-Pantalla-2022-06-20-a-las-16.32.03-1536x1303.png 1536w, https:\/\/unifranz.edu.bo\/wp-content\/uploads\/2022\/06\/Captura-de-Pantalla-2022-06-20-a-las-16.32.03-14x12.png 14w, https:\/\/unifranz.edu.bo\/wp-content\/uploads\/2022\/06\/Captura-de-Pantalla-2022-06-20-a-las-16.32.03.png 1734w\" sizes=\"auto, (max-width: 697px) 100vw, 697px\" \/><figcaption id=\"caption-attachment-96979\" class=\"wp-caption-text\"><span style=\"color: #000000;\">Roger Israel Poma de la empresa Munay Outfit Design.<\/span><\/figcaption><\/figure>","protected":false},"excerpt":{"rendered":"<p>El papel cada vez m\u00e1s activo de las empresas en la sociedad \u2013tras la crisis de la pandemia\u2013 y las crecientes exigencias de innovaci\u00f3n y m\u00faltiples competencias para enfrentar los desaf\u00edos de reactivaci\u00f3n econ\u00f3mica, est\u00e1n dando lugar a una explosi\u00f3n de j\u00f3venes emprendedores en nuestro pa\u00eds. \u00a0 El escenario plantea nuevos retos para los profesionales &hellip; <a href=\"https:\/\/unifranz.edu.bo\/pt\/blog\/emprendefranz-la-explosion-de-nuevos-emprendimientos-y-los-retos-del-ingeniero-comercial\/\">Continued<\/a><\/p>","protected":false},"author":45,"featured_media":96980,"comment_status":"open","ping_status":"open","sticky":false,"template":"","format":"standard","meta":{"_acf_changed":false,"footnotes":""},"categories":[60,2198,2196,1708,1782],"tags":[2202,2200,174,2204,242],"class_list":["post-96978","post","type-post","status-publish","format-standard","has-post-thumbnail","hentry","category-blog","category-emprendefranz","category-ingenieria-comercial","category-innovacion","category-unifranz","tag-emprendedores","tag-emprendefranz","tag-ingenieria-comercial","tag-innovadores","tag-unifranz"],"acf":[],"_links":{"self":[{"href":"https:\/\/unifranz.edu.bo\/pt\/wp-json\/wp\/v2\/posts\/96978","targetHints":{"allow":["GET"]}}],"collection":[{"href":"https:\/\/unifranz.edu.bo\/pt\/wp-json\/wp\/v2\/posts"}],"about":[{"href":"https:\/\/unifranz.edu.bo\/pt\/wp-json\/wp\/v2\/types\/post"}],"author":[{"embeddable":true,"href":"https:\/\/unifranz.edu.bo\/pt\/wp-json\/wp\/v2\/users\/45"}],"replies":[{"embeddable":true,"href":"https:\/\/unifranz.edu.bo\/pt\/wp-json\/wp\/v2\/comments?post=96978"}],"version-history":[{"count":4,"href":"https:\/\/unifranz.edu.bo\/pt\/wp-json\/wp\/v2\/posts\/96978\/revisions"}],"predecessor-version":[{"id":96985,"href":"https:\/\/unifranz.edu.bo\/pt\/wp-json\/wp\/v2\/posts\/96978\/revisions\/96985"}],"wp:featuredmedia":[{"embeddable":true,"href":"https:\/\/unifranz.edu.bo\/pt\/wp-json\/wp\/v2\/media\/96980"}],"wp:attachment":[{"href":"https:\/\/unifranz.edu.bo\/pt\/wp-json\/wp\/v2\/media?parent=96978"}],"wp:term":[{"taxonomy":"category","embeddable":true,"href":"https:\/\/unifranz.edu.bo\/pt\/wp-json\/wp\/v2\/categories?post=96978"},{"taxonomy":"post_tag","embeddable":true,"href":"https:\/\/unifranz.edu.bo\/pt\/wp-json\/wp\/v2\/tags?post=96978"}],"curies":[{"name":"wp","href":"https:\/\/api.w.org\/{rel}","templated":true}]}}