{"id":96649,"date":"2022-06-12T12:06:29","date_gmt":"2022-06-12T16:06:29","guid":{"rendered":"https:\/\/unifranz.edu.bo\/?p=96649"},"modified":"2022-12-07T10:50:07","modified_gmt":"2022-12-07T14:50:07","slug":"cavidadbucal","status":"publish","type":"post","link":"https:\/\/unifranz.edu.bo\/pt\/blog\/cavidadbucal\/","title":{"rendered":"La buena salud de la cavidad bucal, el secreto detr\u00e1s de la prevenci\u00f3n del COVID-19"},"content":{"rendered":"<p><em><span style=\"color: #000000;\">Por Diego Andr\u00e9s Sabat<\/span><\/em><\/p>\n<p><span style=\"color: #000000;\"><br \/>\nEl Congreso Nacional de Infectolog\u00eda reuni\u00f3 a 17 expertos en salud de 9 pa\u00edses, para hablar del impacto del Covid 19 en personas que padecieron y superaron la enfermedad. El evento acad\u00e9mico plante\u00f3 el objetivo de analizar tres temas importantes: los s\u00edntomas persistentes, las secuelas relacionadas a la COVID-19 y la resistencia a los antibi\u00f3ticos.<\/span><\/p>\n<p><span style=\"color: #000000;\">La reciente pandemia que lentamente vamos superando, evidenci\u00f3 la necesidad de reforzar los m\u00e9todos de cuidado bucal. Seg\u00fan el estudio realizado por las Doctoras y docentes de UNIFRANZ El Alto, Carla Larrea y Leydy Morales Guti\u00e9rrez, titulado \u201cEvaluaci\u00f3n del Miedo Dental en Ni\u00f1os Atendidos en la Cl\u00ednica Odontol\u00f3gica Universidad Franz Tamayo-Bolivia\u201d, 6 de cada 10 ni\u00f1os en la Ciudad de El Alto comienzan a perder el miedo a ir al dentista, mostrando que dentro de las poblaciones m\u00e1s j\u00f3venes hay una mejor percepci\u00f3n del cuidado dental.<\/span><\/p>\n<p><span style=\"color: #000000;\">\u201cLa higiene oral no solamente es para ir retirando los restos de alimentos, sino fundamentalmente para disminuir esa carga de microrganismos que se tiene en la cavidad oral\u201d, destaco el Doctor Oldrin Alfredo Avil\u00e9s Escalera speaker del Congreso Nacional de Infectolog\u00eda con su ponencia \u201cManejo de las infecciones c\u00e9rvico faciales origen odontog\u00e9nico en el Hospital Cl\u00ednicas de La Paz\u201d.<\/span><\/p>\n<p><span style=\"color: #000000;\">Es bien sabido que la cavidad bucal humana tiene una gran cantidad de microrganismo que la habitan, estos seres vivos, esperan una reducci\u00f3n en las defensas para tener el momento oportuno de actuar. \u201cToda sustancia, soluci\u00f3n que nos ayude a disminuir la cantidad de microorganismos es buena; se han estado utilizando por ejemplo enjuagues bucales en base a Clorhexidina, pero tambi\u00e9n es muy importante su concentraci\u00f3n, y lo ideal para enjuagues bucales es que sea el 0,12% porque hay otras concentraciones que tienen otras utilidades\u201d aclara el especialista.<\/span><\/p>\n<p><span style=\"color: #000000;\">En 2021, la 74.\u00aa Asamblea Mundial de la Salud aprob\u00f3 una resoluci\u00f3n sobre salud bucodental, en la que recomend\u00f3 abandonar el enfoque curativo tradicional y adoptar un planteamiento que promueva la prevenci\u00f3n, incluida la promoci\u00f3n de la salud bucodental en la familia, la escuela y el lugar de trabajo, y que incluya una atenci\u00f3n oportuna, integral e inclusiva dentro del sistema de atenci\u00f3n primaria.<\/span><\/p>\n<p><span style=\"color: #000000;\">Esta resoluci\u00f3n tambi\u00e9n tiene alcance sobre los tratamientos a un paciente que actualmente padecen del Covid-19. El especialista sugiere el uso de soluciones con clorhexidina en forma de enjugue bucal para proteger la cavidad y reducir la cantidad de microrganismos peligrosos.<\/span><\/p>\n<p><span style=\"color: #000000;\"><strong>El peligro de los antibi\u00f3ticos automedicados <\/strong><\/span><\/p>\n<p><span style=\"color: #000000;\">Seg\u00fan algunos autores, dentro la cavidad bucal existen 100 millones de organismos por cada mililitro de saliva, de los cuales no todos son pat\u00f3genos. El doctor Avil\u00e9s detalla que algunos de estos organismos est\u00e1n habitualmente en el \u00e1rea, pero al utilizar en forma excesiva los antibi\u00f3ticos se rompe este equilibrio de la flora microbiana, lo que puede generar otro tipo de consecuencias, por lo que el consumo de antibi\u00f3ticos debe estar asesorado por un especialista.<\/span><\/p>\n<p>&nbsp;<\/p>\n<p><span style=\"color: #000000;\"><strong><em>Sobre Oldrin Avil\u00e9s<\/em><\/strong><\/span><\/p>\n<p><span style=\"color: #000000;\">El Doctor Oldrin Avil\u00e9s es graduado como Cirujano Dentista de la Universidad Mayor de San Andr\u00e9s. Realiz\u00f3 su especialidad en Cirug\u00eda Maxilofacial, Odontolog\u00eda Forense y Auditoria. Tiene altos estudios en Traumatolog\u00eda Odontol\u00f3gica e Investigaci\u00f3n. \u00a0Desarrolla sus funciones e investigaci\u00f3n en el Hospital de Cl\u00ednicas de la Ciudad de La Paz. Es autor del libro \u201cExodoncia Contempor\u00e1nea Apuntes\u201d y es Presidente de la Sociedad de Cirug\u00eda Buco Maxilofacial De Bolivia.<\/span><\/p>","protected":false},"excerpt":{"rendered":"<p>Por Diego Andr\u00e9s Sabat El Congreso Nacional de Infectolog\u00eda reuni\u00f3 a 17 expertos en salud de 9 pa\u00edses, para hablar del impacto del Covid 19 en personas que padecieron y superaron la enfermedad. El evento acad\u00e9mico plante\u00f3 el objetivo de analizar tres temas importantes: los s\u00edntomas persistentes, las secuelas relacionadas a la COVID-19 y la &hellip; <a href=\"https:\/\/unifranz.edu.bo\/pt\/blog\/cavidadbucal\/\">Continued<\/a><\/p>","protected":false},"author":27,"featured_media":96650,"comment_status":"open","ping_status":"open","sticky":false,"template":"","format":"standard","meta":{"_acf_changed":false,"footnotes":""},"categories":[60,1608,1636,1946,2030,1878,1782],"tags":[210,1422,248,268,41,186,242],"class_list":["post-96649","post","type-post","status-publish","format-standard","has-post-thumbnail","hentry","category-blog","category-internacionalizacion","category-investigacion","category-medicina","category-odontologia-es","category-salud","category-unifranz","tag-innovacion","tag-innovacion-en-educacion","tag-internacionalizacion","tag-investigacion","tag-la-paz","tag-odontologia","tag-unifranz"],"acf":[],"_links":{"self":[{"href":"https:\/\/unifranz.edu.bo\/pt\/wp-json\/wp\/v2\/posts\/96649","targetHints":{"allow":["GET"]}}],"collection":[{"href":"https:\/\/unifranz.edu.bo\/pt\/wp-json\/wp\/v2\/posts"}],"about":[{"href":"https:\/\/unifranz.edu.bo\/pt\/wp-json\/wp\/v2\/types\/post"}],"author":[{"embeddable":true,"href":"https:\/\/unifranz.edu.bo\/pt\/wp-json\/wp\/v2\/users\/27"}],"replies":[{"embeddable":true,"href":"https:\/\/unifranz.edu.bo\/pt\/wp-json\/wp\/v2\/comments?post=96649"}],"version-history":[{"count":4,"href":"https:\/\/unifranz.edu.bo\/pt\/wp-json\/wp\/v2\/posts\/96649\/revisions"}],"predecessor-version":[{"id":105993,"href":"https:\/\/unifranz.edu.bo\/pt\/wp-json\/wp\/v2\/posts\/96649\/revisions\/105993"}],"wp:featuredmedia":[{"embeddable":true,"href":"https:\/\/unifranz.edu.bo\/pt\/wp-json\/wp\/v2\/media\/96650"}],"wp:attachment":[{"href":"https:\/\/unifranz.edu.bo\/pt\/wp-json\/wp\/v2\/media?parent=96649"}],"wp:term":[{"taxonomy":"category","embeddable":true,"href":"https:\/\/unifranz.edu.bo\/pt\/wp-json\/wp\/v2\/categories?post=96649"},{"taxonomy":"post_tag","embeddable":true,"href":"https:\/\/unifranz.edu.bo\/pt\/wp-json\/wp\/v2\/tags?post=96649"}],"curies":[{"name":"wp","href":"https:\/\/api.w.org\/{rel}","templated":true}]}}