{"id":92130,"date":"2022-05-23T09:41:22","date_gmt":"2022-05-23T13:41:22","guid":{"rendered":"https:\/\/unifranz.edu.bo\/?p=92130"},"modified":"2022-05-23T10:32:10","modified_gmt":"2022-05-23T14:32:10","slug":"el-empoderamiento-economico-de-las-mujeres-clave-para-el-desarrollo-social","status":"publish","type":"post","link":"https:\/\/unifranz.edu.bo\/pt\/blog\/el-empoderamiento-economico-de-las-mujeres-clave-para-el-desarrollo-social\/","title":{"rendered":"EL EMPODERAMIENTO ECON\u00d3MICO DE LAS MUJERES CLAVE PARA EL DESARROLLO SOCIAL"},"content":{"rendered":"<p><span style=\"color: #000000;\">Est\u00e1 claro que la participaci\u00f3n plena de las mujeres en el mercado laboral \u2013a todo nivel\u2013 tiene enormes beneficios para todas las sociedades, su empoderamiento tiene efectos positivos sobre la reducci\u00f3n de la pobreza, pese a ello hay mucho camino por recorrer\u00a0 hasta lograr un real aumento de la participaci\u00f3n de las mujeres en los procesos de toma de decisiones y acceso al poder, objetivo planteado en la IV Conferencia Mundial sobre la Mujer en Beijing (Pek\u00edn, 1995. ) y que fue refrendado en el panel \u201cMujeres influyentes: la importancia de la Autonom\u00eda Econ\u00f3mica de la Mujer\u201d, organizado por el <a href=\"https:\/\/fb.watch\/dbi6dUBmLe\/\" target=\"_blank\" rel=\"noopener\">Women Economic Forum Bolivia \u2013 WEF 2022.<\/a><\/span><\/p>\n<p><span style=\"color: #000000;\">En Bolivia la participaci\u00f3n laboral de la mujer sobrepasa el 62%, la m\u00e1s alta de la regi\u00f3n que alcanza al 51% en Am\u00e9rica Latina y el Caribe, seg\u00fan datos de la Organizaci\u00f3n de Naciones Unidas (ONU).<\/span><\/p>\n<p><span style=\"color: #000000;\">Si bien son datos interesantes, a\u00fan sigue siendo menor que la de los hombres. \u201cLas mujeres representamos la mitad de la poblaci\u00f3n de este mundo, pero solamente la mitad trabaja con respecto a un 80% de los hombres, sin embargo, ganamos sesenta y tres veces menos y dedicamos el triple del tiempo a trabajos no remunerados\u201d, apunto Ver\u00f3nica \u00c1greda Arq. DESA, Rectora de la Universidad Franz Tamayo (UNIFRANZ) en el evento que reuni\u00f3 en dos jornadas \u201320 y 21 de mayo\u2013 a l\u00edderes, empresarias y emprendedoras empoderadas de todo el mundo para hacer crecer la voz, la influencia y los negocios.<\/span><\/p>\n<p><span style=\"color: #000000;\">El Women Economic Forum tiene como misi\u00f3n conectar a mujeres emprendedoras y l\u00edderes en todo el mundo abriendo oportunidades exponenciales en el marco de la paridad y la prosperidad para todos. \u201cEs el evento internacional de mujeres m\u00e1s importante del pa\u00eds, porque se realiza en 120 pa\u00edses, es una red de mujeres influyentes l\u00edderes en los negocios y en las empresas, que en una alianza estrat\u00e9gica pueden generar crecimiento y valor al interior de sus negocios, pero tambi\u00e9n, fortalecer al desarrollo de los pa\u00edses\u201d, dijo Claribel Aparicio Ferreira, presidenta WEF Bolivia.<\/span><\/p>\n<p><span style=\"color: #000000;\">Para \u00c1greda la reducci\u00f3n de la pobreza tiene rostro de mujer, \u201cha sido fundamental el ingreso de las mujeres al mercado laboral (..) los pa\u00edses latinoamericanos han florecido y Bolivia ha reducido su pobreza a la mitad, no porque haya tenido un `l\u00edder pol\u00edtico\u2019 que ha hecho magia. Ha sido porque la mujer ha entrado a trabajar y ese es el impacto m\u00e1s claro\u201d.<\/span><\/p>\n<p><span style=\"color: #000000;\">El panel \u201cMujeres influyentes: la importancia de la Autonom\u00eda Econ\u00f3mica de la Mujer\u201d estuvo integrado por la rectora Nacional UNIFRANZ, Arq. Ver\u00f3nica Agreda de Pazos como una de las mujeres m\u00e1s influyentes del Ranking Merco Bolivia, Ximena Behotegy, presidenta de Banco FIE; Cecilia Campero, representante pa\u00eds de Pro-Mujer; Marcela P\u00e9rez, directora Comercial de File Server; Sasha Ibrahimpasic, Gerente de Banca Minorista Banco de Cr\u00e9dito; Ver\u00f3nica Gavilanes V\u00e9jar, gerente General Banco Sol; Tracy Gamarra, gerente Suppy Chain Nestl\u00e9 Bolivia y Patricia Hurtado, directora Fundaci\u00f3n Iguales.<\/span><\/p>\n<figure id=\"attachment_92132\" aria-describedby=\"caption-attachment-92132\" style=\"width: 879px\" class=\"wp-caption aligncenter\"><img loading=\"lazy\" decoding=\"async\" class=\"wp-image-92132\" src=\"https:\/\/unifranz.edu.bo\/wp-content\/uploads\/2022\/05\/Captura-de-Pantalla-2022-05-23-a-las-09.34.41-300x188.png\" alt=\"\" width=\"879\" height=\"551\" srcset=\"https:\/\/unifranz.edu.bo\/wp-content\/uploads\/2022\/05\/Captura-de-Pantalla-2022-05-23-a-las-09.34.41-300x188.png 300w, https:\/\/unifranz.edu.bo\/wp-content\/uploads\/2022\/05\/Captura-de-Pantalla-2022-05-23-a-las-09.34.41-1024x641.png 1024w, https:\/\/unifranz.edu.bo\/wp-content\/uploads\/2022\/05\/Captura-de-Pantalla-2022-05-23-a-las-09.34.41-768x481.png 768w, https:\/\/unifranz.edu.bo\/wp-content\/uploads\/2022\/05\/Captura-de-Pantalla-2022-05-23-a-las-09.34.41-1536x961.png 1536w, https:\/\/unifranz.edu.bo\/wp-content\/uploads\/2022\/05\/Captura-de-Pantalla-2022-05-23-a-las-09.34.41-2048x1282.png 2048w, https:\/\/unifranz.edu.bo\/wp-content\/uploads\/2022\/05\/Captura-de-Pantalla-2022-05-23-a-las-09.34.41-18x12.png 18w\" sizes=\"auto, (max-width: 879px) 100vw, 879px\" \/><figcaption id=\"caption-attachment-92132\" class=\"wp-caption-text\"><span style=\"color: #000000;\">Ver\u00f3nica \u00c1greda Arq. DESA, Rectora Nacional de UNIFRANZ en el panel \u201cMujeres influyentes: la importancia de la Autonom\u00eda Econ\u00f3mica de la Mujer\u201d, organizado por el Women Economic Forum Bolivia \u2013 WEF 2022.<\/span><\/figcaption><\/figure>\n<p>&nbsp;<\/p>\n<p><span style=\"color: #000000;\"><strong>El IME alineado a la causa<\/strong><\/span><\/p>\n<p><span style=\"color: #000000;\">La Universidad Privada Franz Tamayo (UNIFRANZ) cre\u00f3 el Instituto de la Mujer y Empresa (IME) alineada a esta causa, potenciar la innovaci\u00f3n y el liderazgo femenino porque sabemos que necesitamos las mejores herramientas para crear las mejores empresas del siglo 21, con base en el empoderamiento de la mujer.<\/span><\/p>\n<p><span style=\"color: #000000;\">\u201cEmpoderar a las mujeres es el camino (..) hoy estamos sobre representadas en trabajos que pueden ser f\u00e1cilmente automatizados y por eso es necesario cambiar esta perspectiva y entender que necesitamos saber mucho m\u00e1s de tecnolog\u00eda, necesitamos entender la innovaci\u00f3n agarrar esa ola y ayudarnos entre todas para seguir adelante y trabajar en el florecimiento de una Latinoam\u00e9rica potente y unida, tan potente como una uni\u00f3n europea, pero con una conciencia verde\u201d, puntualiz\u00f3 \u00c1greda de Pazos.<\/span><\/p>\n<p><span style=\"color: #000000;\">La segunda versi\u00f3n del Woman Economic Forum realizada en Bolivia cont\u00f3 con la presencia de la coordinadora Residente del Sistema de Naciones Unidas en Bolivia, Susana Sottoli; Indu Jhon Abraham, representante del Banco Mundial en Bolivia; Luciana Mermet, representante residente del Programa de Naciones Unidas para el Desarrollo \u2013 PNUD; Julia Johannsen, representante pa\u00eds del BID; Christina Stolte, representante de la Fundaci\u00f3n Konrad Adenauer y Directora del PPI; Marta Luc\u00eda Ram\u00edrez, vicepresidenta y canciller Rep\u00fablica de Colombia; Epsy Campbell, vicepresidenta Rep\u00fablica de Costa Rica; Celina Lezcano, ministra de la Mujer de la Rep\u00fablica del Paraguay; Silvia Lara, ministra de Trabajo y Seguridad Social Rep\u00fablica de Costa Rica; Gabriela Castellanos, directora ejecutiva del Consejo Nacional Anticorrupci\u00f3n de Honduras , adem\u00e1s de las representantes de Women Economic Forum de la red global y mujeres influyentes de las empresas m\u00e1s importantes de Bolivia, como UNIFRANZ, Pro-Mujer, Yanbal, Banco Fie, Alicorp, entre otras.<\/span><\/p>","protected":false},"excerpt":{"rendered":"<p>Est\u00e1 claro que la participaci\u00f3n plena de las mujeres en el mercado laboral \u2013a todo nivel\u2013 tiene enormes beneficios para todas las sociedades, su empoderamiento tiene efectos positivos sobre la reducci\u00f3n de la pobreza, pese a ello hay mucho camino por recorrer\u00a0 hasta lograr un real aumento de la participaci\u00f3n de las mujeres en los &hellip; <a href=\"https:\/\/unifranz.edu.bo\/pt\/blog\/el-empoderamiento-economico-de-las-mujeres-clave-para-el-desarrollo-social\/\">Continued<\/a><\/p>","protected":false},"author":45,"featured_media":92131,"comment_status":"open","ping_status":"open","sticky":false,"template":"","format":"standard","meta":{"_acf_changed":false,"footnotes":""},"categories":[1990,60,1908,1708,1968,2136],"tags":[2140,404,2138,2006,2144,242,2142],"class_list":["post-92130","post","type-post","status-publish","format-standard","has-post-thumbnail","hentry","category-alianzas","category-blog","category-ime","category-innovacion","category-mujer","category-reduccion-de-la-pobreza","tag-autonomia-economica-de-la-mujer","tag-ime","tag-mujeres-influyentes","tag-onu","tag-reduccion-de-la-pobreza","tag-unifranz","tag-women-economic-forum"],"acf":[],"_links":{"self":[{"href":"https:\/\/unifranz.edu.bo\/pt\/wp-json\/wp\/v2\/posts\/92130","targetHints":{"allow":["GET"]}}],"collection":[{"href":"https:\/\/unifranz.edu.bo\/pt\/wp-json\/wp\/v2\/posts"}],"about":[{"href":"https:\/\/unifranz.edu.bo\/pt\/wp-json\/wp\/v2\/types\/post"}],"author":[{"embeddable":true,"href":"https:\/\/unifranz.edu.bo\/pt\/wp-json\/wp\/v2\/users\/45"}],"replies":[{"embeddable":true,"href":"https:\/\/unifranz.edu.bo\/pt\/wp-json\/wp\/v2\/comments?post=92130"}],"version-history":[{"count":5,"href":"https:\/\/unifranz.edu.bo\/pt\/wp-json\/wp\/v2\/posts\/92130\/revisions"}],"predecessor-version":[{"id":92137,"href":"https:\/\/unifranz.edu.bo\/pt\/wp-json\/wp\/v2\/posts\/92130\/revisions\/92137"}],"wp:featuredmedia":[{"embeddable":true,"href":"https:\/\/unifranz.edu.bo\/pt\/wp-json\/wp\/v2\/media\/92131"}],"wp:attachment":[{"href":"https:\/\/unifranz.edu.bo\/pt\/wp-json\/wp\/v2\/media?parent=92130"}],"wp:term":[{"taxonomy":"category","embeddable":true,"href":"https:\/\/unifranz.edu.bo\/pt\/wp-json\/wp\/v2\/categories?post=92130"},{"taxonomy":"post_tag","embeddable":true,"href":"https:\/\/unifranz.edu.bo\/pt\/wp-json\/wp\/v2\/tags?post=92130"}],"curies":[{"name":"wp","href":"https:\/\/api.w.org\/{rel}","templated":true}]}}