{"id":91859,"date":"2022-05-16T11:42:40","date_gmt":"2022-05-16T15:42:40","guid":{"rendered":"https:\/\/unifranz.edu.bo\/?p=91859"},"modified":"2022-05-16T12:19:53","modified_gmt":"2022-05-16T16:19:53","slug":"unifranz-participa-en-la-conferencia-mundial-de-educacion-superior-2022-de-la-unesco","status":"publish","type":"post","link":"https:\/\/unifranz.edu.bo\/pt\/blog\/unifranz-participa-en-la-conferencia-mundial-de-educacion-superior-2022-de-la-unesco\/","title":{"rendered":"UNIFRANZ participa en la Conferencia Mundial de Educaci\u00f3n Superior 2022 de la UNESCO"},"content":{"rendered":"<p><span style=\"color: #000000;\">La Universidad Privada Franz Tamayo (UNIFRANZ) participa en la\u00a0<a href=\"https:\/\/www.unesco.org\/es\/education\/higher-education\/2022-world-conference\" target=\"_blank\" rel=\"noopener\">Conferencia Mundial de Educaci\u00f3n Superior 2022<\/a> de la UNESCO\u00a0(WHEC2022), que inicia este mi\u00e9rcoles 18 de mayo en Barcelona, Espa\u00f1a; con el objetivo de remodelar las ideas y pr\u00e1cticas en la educaci\u00f3n superior para garantizar el desarrollo sostenible del planeta y la humanidad. <\/span><\/p>\n<p><span style=\"color: #000000;\">\u201cFeliz de participar en la Conferencia Mundial de Educaci\u00f3n Superior 2022. Gracias a Francesc Pedr\u00f3 y al equipo del Instituto Internacional de la UNESCO para la Educaci\u00f3n Superior en Am\u00e9rica Latina y el Caribe por hacerlo posible\u201d, escribi\u00f3 desde Barcelona en su cuenta twitter, Ver\u00f3nica \u00c1greda de Pazos Arq. DESA, Rectora de UNIFRANZ.<\/span><\/p>\n<p><span style=\"color: #000000;\">La Tercera Conferencia WHEC2022, re\u00fane a actores de la gesti\u00f3n en educaci\u00f3n para trabajar una hoja de ruta que promueva una nueva era de la educaci\u00f3n superior, tomando en cuenta la disrupci\u00f3n mundial provocada por la pandemia del covid-19. \u00a0\u00a0El evento que concentra su atenci\u00f3n en la \u201ceducaci\u00f3n de calidad\u201d, Objetivo de Desarrollo Sostenible (ODS) 4, representa una oportunidad para profundizar y ampliar esfuerzos comunes de producci\u00f3n de conocimiento, di\u00e1logo sobre pol\u00edticas, intercambio y creaci\u00f3n de redes.<\/span><\/p>\n<p><span style=\"color: #000000;\">\u201cSeguimos avanzando en la consecuci\u00f3n del objetivo de transformar la educaci\u00f3n\u201d, coment\u00f3 Gustavo Monta\u00f1o, Doctor en Educaci\u00f3n, Vicerrector Acad\u00e9mico Nacional de\u00a0UNIFRANZ y miembro de la delegaci\u00f3n que est\u00e1 en Barcelona.<\/span><\/p>\n<p><span style=\"color: #000000;\">En marzo pasado en la tercera versi\u00f3n del <a href=\"https:\/\/fb.watch\/d2asL_pHbB\/\" target=\"_blank\" rel=\"noopener\">Foro Internacional de Educaci\u00f3n Superior Virtual Educa<\/a>, organizado por UNIFRANZ que \u00a0congreg\u00f3 a la comunidad\u00a0 universitaria, expertos internacionales\u00a0(Espa\u00f1a, Portugal, M\u00e9xico, Per\u00fa, Chile y Bolivia), representantes del gobierno nacional y local, inici\u00f3\u00a0 el debate y reflexi\u00f3n sobre las tendencias en modelos de educaci\u00f3n superior y posgradual, donde se plante\u00f3 la tr\u00edada de la innovaci\u00f3n, el desarrollo y la inclusi\u00f3n para la educaci\u00f3n transformadora, con miras a 2030.<\/span><\/p>\n<figure style=\"width: 875px\" class=\"wp-caption alignnone\"><img loading=\"lazy\" decoding=\"async\" class=\"wp-image-91861\" src=\"https:\/\/unifranz.edu.bo\/wp-content\/uploads\/2022\/05\/Captura-de-Pantalla-2022-05-16-a-las-11.39.12-300x171.png\" alt=\"\" width=\"875\" height=\"499\" srcset=\"https:\/\/unifranz.edu.bo\/wp-content\/uploads\/2022\/05\/Captura-de-Pantalla-2022-05-16-a-las-11.39.12-300x171.png 300w, https:\/\/unifranz.edu.bo\/wp-content\/uploads\/2022\/05\/Captura-de-Pantalla-2022-05-16-a-las-11.39.12-1024x583.png 1024w, https:\/\/unifranz.edu.bo\/wp-content\/uploads\/2022\/05\/Captura-de-Pantalla-2022-05-16-a-las-11.39.12-768x437.png 768w, https:\/\/unifranz.edu.bo\/wp-content\/uploads\/2022\/05\/Captura-de-Pantalla-2022-05-16-a-las-11.39.12-1536x874.png 1536w, https:\/\/unifranz.edu.bo\/wp-content\/uploads\/2022\/05\/Captura-de-Pantalla-2022-05-16-a-las-11.39.12-2048x1165.png 2048w, https:\/\/unifranz.edu.bo\/wp-content\/uploads\/2022\/05\/Captura-de-Pantalla-2022-05-16-a-las-11.39.12-18x10.png 18w\" sizes=\"auto, (max-width: 875px) 100vw, 875px\" \/><figcaption class=\"wp-caption-text\"><span style=\"color: #333300;\">Francesc Pedr\u00f3, Director del Instituto Internacional de la UNESCO para la Educaci\u00f3n Superior en Am\u00e9rica Latina y el Caribe.<\/span><\/figcaption><\/figure>\n<p>&nbsp;<\/p>\n<p><span style=\"color: #000000;\">En la ocasi\u00f3n, Francesc Pedr\u00f3, Director del Instituto Internacional de la UNESCO para la Educaci\u00f3n Superior en Am\u00e9rica Latina y el Caribe, en su ponencia, identific\u00f3 la equidad, inclusi\u00f3n, innovaci\u00f3n, movilidad, sostenibilidad e internacionalizaci\u00f3n como los retos para lograr una educaci\u00f3n superior transformadora hacia el 2030.<\/span><\/p>\n<p><span style=\"color: #000000;\">La Conferencia Mundial de Educaci\u00f3n Superior 2022, ser\u00e1 una experiencia de construcci\u00f3n colectiva que es la mayor riqueza de esta conferencia de la que UNIFRANZ ser\u00e1 parte.<\/span><\/p>\n<p>&nbsp;<\/p>\n<p>&nbsp;<\/p>","protected":false},"excerpt":{"rendered":"<p>La Universidad Privada Franz Tamayo (UNIFRANZ) participa en la\u00a0Conferencia Mundial de Educaci\u00f3n Superior 2022 de la UNESCO\u00a0(WHEC2022), que inicia este mi\u00e9rcoles 18 de mayo en Barcelona, Espa\u00f1a; con el objetivo de remodelar las ideas y pr\u00e1cticas en la educaci\u00f3n superior para garantizar el desarrollo sostenible del planeta y la humanidad. \u201cFeliz de participar en la &hellip; <a href=\"https:\/\/unifranz.edu.bo\/pt\/blog\/unifranz-participa-en-la-conferencia-mundial-de-educacion-superior-2022-de-la-unesco\/\">Continued<\/a><\/p>","protected":false},"author":45,"featured_media":91866,"comment_status":"open","ping_status":"open","sticky":false,"template":"","format":"standard","meta":{"_acf_changed":false,"footnotes":""},"categories":[1990,60,1862,2102,1782,1916],"tags":[2106,472,2004,2104,374,242],"class_list":["post-91859","post","type-post","status-publish","format-standard","has-post-thumbnail","hentry","category-alianzas","category-blog","category-educacion","category-unesco","category-unifranz","category-virtual-educa","tag-conferencia-mundial","tag-educacion-superior","tag-ods","tag-transformar-la-educacion","tag-unesco","tag-unifranz"],"acf":[],"_links":{"self":[{"href":"https:\/\/unifranz.edu.bo\/pt\/wp-json\/wp\/v2\/posts\/91859","targetHints":{"allow":["GET"]}}],"collection":[{"href":"https:\/\/unifranz.edu.bo\/pt\/wp-json\/wp\/v2\/posts"}],"about":[{"href":"https:\/\/unifranz.edu.bo\/pt\/wp-json\/wp\/v2\/types\/post"}],"author":[{"embeddable":true,"href":"https:\/\/unifranz.edu.bo\/pt\/wp-json\/wp\/v2\/users\/45"}],"replies":[{"embeddable":true,"href":"https:\/\/unifranz.edu.bo\/pt\/wp-json\/wp\/v2\/comments?post=91859"}],"version-history":[{"count":5,"href":"https:\/\/unifranz.edu.bo\/pt\/wp-json\/wp\/v2\/posts\/91859\/revisions"}],"predecessor-version":[{"id":91868,"href":"https:\/\/unifranz.edu.bo\/pt\/wp-json\/wp\/v2\/posts\/91859\/revisions\/91868"}],"wp:featuredmedia":[{"embeddable":true,"href":"https:\/\/unifranz.edu.bo\/pt\/wp-json\/wp\/v2\/media\/91866"}],"wp:attachment":[{"href":"https:\/\/unifranz.edu.bo\/pt\/wp-json\/wp\/v2\/media?parent=91859"}],"wp:term":[{"taxonomy":"category","embeddable":true,"href":"https:\/\/unifranz.edu.bo\/pt\/wp-json\/wp\/v2\/categories?post=91859"},{"taxonomy":"post_tag","embeddable":true,"href":"https:\/\/unifranz.edu.bo\/pt\/wp-json\/wp\/v2\/tags?post=91859"}],"curies":[{"name":"wp","href":"https:\/\/api.w.org\/{rel}","templated":true}]}}