{"id":91623,"date":"2022-05-11T11:47:58","date_gmt":"2022-05-11T15:47:58","guid":{"rendered":"https:\/\/unifranz.edu.bo\/?p=91623"},"modified":"2022-05-11T11:52:31","modified_gmt":"2022-05-11T15:52:31","slug":"santos-choque-del-taller-de-teatro-universitario-a-lo-alto-del-cine","status":"publish","type":"post","link":"https:\/\/unifranz.edu.bo\/pt\/blog\/santos-choque-del-taller-de-teatro-universitario-a-lo-alto-del-cine\/","title":{"rendered":"SANTOS CHOQUE: DEL TALLER DE TEATRO UNIVERSITARIO A LO \u2018ALTO\u2019 DEL CINE"},"content":{"rendered":"<p><span style=\"color: #000000; letter-spacing: 0.02em;\">Una mezcla entre talento, las ganas de comerse al mundo, propias de un joven de 26 a\u00f1os, y la suerte (o destino) de ser parte de una pel\u00edcula con un excelente equipo, tanto actoral como de producci\u00f3n, tuvo como resultado una experiencia inolvidable para Santos Choque, joven alte\u00f1o, miembro del elenco de teatro UNIFRANZ El Alto y actor de la pel\u00edcula boliviana UTAMA, ganadora de m\u00faltiples y preciados reconocimientos en los Festivales Internacionales de Sundance y M\u00e1laga, entre otros.<\/span><\/p>\n<figure id=\"attachment_91628\" aria-describedby=\"caption-attachment-91628\" style=\"width: 308px\" class=\"wp-caption aligncenter\"><img loading=\"lazy\" decoding=\"async\" class=\"wp-image-91628\" src=\"https:\/\/unifranz.edu.bo\/wp-content\/uploads\/2022\/05\/utama-994366986-large.jpg\" alt=\"\" width=\"308\" height=\"440\" srcset=\"https:\/\/unifranz.edu.bo\/wp-content\/uploads\/2022\/05\/utama-994366986-large.jpg 700w, https:\/\/unifranz.edu.bo\/wp-content\/uploads\/2022\/05\/utama-994366986-large-210x300.jpg 210w, https:\/\/unifranz.edu.bo\/wp-content\/uploads\/2022\/05\/utama-994366986-large-8x12.jpg 8w\" sizes=\"auto, (max-width: 308px) 100vw, 308px\" \/><figcaption id=\"caption-attachment-91628\" class=\"wp-caption-text\"><span style=\"color: #000000;\">\u00a0 \u00a0 \u00a0 \u00a0 \u00a0 \u00a0 \u00a0 Poster oficial \u00abUTAMA\u00bb<\/span><\/figcaption><\/figure>\n<p><span style=\"color: #000000;\">Santos es estudiante de octavo semestre de Administraci\u00f3n de Empresas en UNIFRANZ El Alto y nunca imagin\u00f3 que lo que empez\u00f3 hace seis a\u00f1os como un hobbie, a trav\u00e9s del taller de teatro de la universidad, dictado por la reconocida actriz boliviana \u2013 espa\u00f1ola Patricia Garc\u00eda, se convertir\u00eda en la catapulta para el cumplimiento de muchos sue\u00f1os, aventuras y experiencias internacionales.\u00a0\u00a0<\/span><\/p>\n<p><span style=\"color: #000000;\">\u201cUn d\u00eda, la profe Patricia Garc\u00eda nos hace saber, a mi persona y a mis compa\u00f1eros de teatro, de un casting que se estaba llevando a cabo en La Paz para la pel\u00edcula \u201cAVERNO\u201d; una semana despu\u00e9s de haber participado de dicho casting, me llaman y me dicen que tienen un papel para m\u00ed y me piden que vaya personalmente, as\u00ed es como conoc\u00ed a Marcos Loayza, director de la pel\u00edcula, quien apenas me vio dijo \u00ab\u00e9l va a ser Karas\u00bb. Yo no ten\u00eda ni idea de qu\u00e9 trataba la pel\u00edcula o el personaje, pero as\u00ed es como incursion\u00f3 en el mundo del cine\u201d.<\/span><\/p>\n<p><span style=\"color: #000000;\">Ese ser\u00eda su primer personaje y el que lo llevar\u00eda a despertar el inter\u00e9s por el s\u00e9ptimo arte. \u201cPosteriormente, me invitaron al casting para formar parte de UTAMA, ah\u00ed competimos por el papel de Cl\u00e9ver con otros dos actores de teatro; dos semanas despu\u00e9s me llaman y me dicen que tengo el papel, s\u00f3lo que esta vez era un protag\u00f3nico de la pel\u00edcula\u201d, afirma a\u00fan sorprendido Santos.<\/span><\/p>\n<figure id=\"attachment_91629\" aria-describedby=\"caption-attachment-91629\" style=\"width: 416px\" class=\"wp-caption aligncenter\"><img loading=\"lazy\" decoding=\"async\" class=\"wp-image-91629\" src=\"https:\/\/unifranz.edu.bo\/wp-content\/uploads\/2022\/05\/272921818_1028232427732539_578575763424667205_n-1024x682.jpg\" alt=\"\" width=\"416\" height=\"277\" srcset=\"https:\/\/unifranz.edu.bo\/wp-content\/uploads\/2022\/05\/272921818_1028232427732539_578575763424667205_n-1024x682.jpg 1024w, https:\/\/unifranz.edu.bo\/wp-content\/uploads\/2022\/05\/272921818_1028232427732539_578575763424667205_n-300x200.jpg 300w, https:\/\/unifranz.edu.bo\/wp-content\/uploads\/2022\/05\/272921818_1028232427732539_578575763424667205_n-768x512.jpg 768w, https:\/\/unifranz.edu.bo\/wp-content\/uploads\/2022\/05\/272921818_1028232427732539_578575763424667205_n-18x12.jpg 18w, https:\/\/unifranz.edu.bo\/wp-content\/uploads\/2022\/05\/272921818_1028232427732539_578575763424667205_n.jpg 1280w\" sizes=\"auto, (max-width: 416px) 100vw, 416px\" \/><figcaption id=\"caption-attachment-91629\" class=\"wp-caption-text\"><span style=\"color: #000000;\">\u00a0 \u00a0 \u00a0 \u00a0Clever (Santos), junto a Luisa Quispe (Abuelita)<\/span>.<\/figcaption><\/figure>\n<p><span style=\"color: #000000;\">Qui\u00e9n dir\u00eda que lo que empez\u00f3 para Santos como una afici\u00f3n en un taller de la UNIFRANZ se coronar\u00eda en el reconocido Festival de M\u00e1laga (Espa\u00f1a), donde UTAMA obtuvo cuatro galardones. \u201cYa estando ah\u00ed, pude ver a actores, productores, directores, fot\u00f3grafos, periodistas. Estaba muy contento de que la pel\u00edcula pueda llegar hasta el otro extremo del mundo y cuando anunciaron a UTAMA como la ganadora de cuatro premios, simplemente me sent\u00ed muy orgulloso del trabajo que hab\u00edamos realizado como equipo\u201d.\u00a0<\/span><\/p>\n<figure id=\"attachment_91627\" aria-describedby=\"caption-attachment-91627\" style=\"width: 526px\" class=\"wp-caption aligncenter\"><img loading=\"lazy\" decoding=\"async\" class=\"wp-image-91627\" src=\"https:\/\/unifranz.edu.bo\/wp-content\/uploads\/2022\/05\/FOcxD-FWQA0nKRR-1024x768.jpg\" alt=\"\" width=\"526\" height=\"394\" srcset=\"https:\/\/unifranz.edu.bo\/wp-content\/uploads\/2022\/05\/FOcxD-FWQA0nKRR-1024x768.jpg 1024w, https:\/\/unifranz.edu.bo\/wp-content\/uploads\/2022\/05\/FOcxD-FWQA0nKRR-300x225.jpg 300w, https:\/\/unifranz.edu.bo\/wp-content\/uploads\/2022\/05\/FOcxD-FWQA0nKRR-768x576.jpg 768w, https:\/\/unifranz.edu.bo\/wp-content\/uploads\/2022\/05\/FOcxD-FWQA0nKRR-1536x1152.jpg 1536w, https:\/\/unifranz.edu.bo\/wp-content\/uploads\/2022\/05\/FOcxD-FWQA0nKRR-16x12.jpg 16w, https:\/\/unifranz.edu.bo\/wp-content\/uploads\/2022\/05\/FOcxD-FWQA0nKRR.jpg 2048w\" sizes=\"auto, (max-width: 526px) 100vw, 526px\" \/><figcaption id=\"caption-attachment-91627\" class=\"wp-caption-text\"><span style=\"color: #000000;\">\u00a0 \u00a0 \u00a0 \u00a0 \u00a0 \u00a0 Santos (pen\u00faltimo\/derecha), junto al equipo de UTAMA.<\/span><\/figcaption><\/figure>\n<p><span style=\"color: #000000;\">Para Santos, adem\u00e1s de ser apenas su segunda experiencia cinematogr\u00e1fica, su personaje se constituy\u00f3 en un enorme reto, adem\u00e1s de una gran responsabilidad, pues al ser el \u00fanico de los tres personajes protag\u00f3nicos con experiencia previa en actuaci\u00f3n, el equipo de producci\u00f3n le pidi\u00f3 apoyar a sus co-protagonistas, a fin de tener un mejor desempe\u00f1o juntos. \u201cAfortunadamente, tuve algo de tiempo para poder trabajar con ellos sobre distintos temas como la confianza, la fluidez que deber\u00eda existir entre nosotros para poder desempe\u00f1ar personajes tan \u00edntimos como son dos abuelos y su nieto, afortunadamente tambi\u00e9n tuvimos el apoyo de Freddy Chipana un actor de vasta experiencia\u201d.<\/span><\/p>\n<p><span style=\"color: #000000;\">En cuanto a sus compa\u00f1eros de teatro y actuaci\u00f3n, el consejo de Santos es que disfruten de este arte, pues \u201ccrear obras es una gran forma de expresi\u00f3n emocional que te puede ayudar a crecer y a desarrollar nuevas etapas de tu personalidad en distintos aspectos de su vida\u201d (&#8230;) \u00absobre todo divi\u00e9rtanse\u201d.<\/span><\/p>\n<p><span style=\"color: #000000;\"><strong>UTAMA<\/strong><\/span><\/p>\n<p><span style=\"color: #000000;\">&#8216;UTAMA&#8217; es una coproducci\u00f3n de Bolivia, Uruguay y Francia rodada en quechua y espa\u00f1ol, y dirigida por el boliviano Alejandro Loayza; en quechua significa \u00abNuestra casa\u00bb, y presenta una historia de amor entre dos adultos mayores de la comunidad ind\u00edgena quechua, enmarcada en las condiciones extremas con las que el cambio clim\u00e1tico somete al planeta.<\/span><\/p>\n<h4><span style=\"color: #000000;\"><strong>LA FRASE<\/strong><\/span><\/h4>\n<p><img loading=\"lazy\" decoding=\"async\" class=\"wp-image-91625 alignleft\" src=\"https:\/\/unifranz.edu.bo\/wp-content\/uploads\/2022\/05\/SANTOS-SOLO-cropped.png\" alt=\"\" width=\"217\" height=\"217\" srcset=\"https:\/\/unifranz.edu.bo\/wp-content\/uploads\/2022\/05\/SANTOS-SOLO-cropped.png 275w, https:\/\/unifranz.edu.bo\/wp-content\/uploads\/2022\/05\/SANTOS-SOLO-cropped-12x12.png 12w\" sizes=\"auto, (max-width: 217px) 100vw, 217px\" \/><\/p>\n<p>&nbsp;<\/p>\n<h5><span style=\"color: #000000;\">\u201cLa actuaci\u00f3n es una gran manera de hacer de nuestro mundo un lugar m\u00e1s emp\u00e1tico, porque te hace vivir una experiencia distinta a la de tu vida misma\u201d.<\/span><\/h5>\n<p>&nbsp;<\/p>\n<p>&nbsp;<\/p>\n<p>&nbsp;<\/p>\n<p>&nbsp;<\/p>\n<p>&nbsp;<\/p>","protected":false},"excerpt":{"rendered":"<p>Una mezcla entre talento, las ganas de comerse al mundo, propias de un joven de 26 a\u00f1os, y la suerte (o destino) de ser parte de una pel\u00edcula con un excelente equipo, tanto actoral como de producci\u00f3n, tuvo como resultado una experiencia inolvidable para Santos Choque, joven alte\u00f1o, miembro del elenco de teatro UNIFRANZ El &hellip; <a href=\"https:\/\/unifranz.edu.bo\/pt\/blog\/santos-choque-del-taller-de-teatro-universitario-a-lo-alto-del-cine\/\">Continued<\/a><\/p>","protected":false},"author":25,"featured_media":91626,"comment_status":"open","ping_status":"open","sticky":false,"template":"","format":"standard","meta":{"_acf_changed":false,"footnotes":""},"categories":[60,226,302,1004,1940,1782],"tags":[2080],"class_list":["post-91623","post","type-post","status-publish","format-standard","has-post-thumbnail","hentry","category-blog","category-cultura","category-el-alto","category-estudiantes","category-premiacion","category-unifranz","tag-elenco-de-teatro-unifranz"],"acf":[],"_links":{"self":[{"href":"https:\/\/unifranz.edu.bo\/pt\/wp-json\/wp\/v2\/posts\/91623","targetHints":{"allow":["GET"]}}],"collection":[{"href":"https:\/\/unifranz.edu.bo\/pt\/wp-json\/wp\/v2\/posts"}],"about":[{"href":"https:\/\/unifranz.edu.bo\/pt\/wp-json\/wp\/v2\/types\/post"}],"author":[{"embeddable":true,"href":"https:\/\/unifranz.edu.bo\/pt\/wp-json\/wp\/v2\/users\/25"}],"replies":[{"embeddable":true,"href":"https:\/\/unifranz.edu.bo\/pt\/wp-json\/wp\/v2\/comments?post=91623"}],"version-history":[{"count":4,"href":"https:\/\/unifranz.edu.bo\/pt\/wp-json\/wp\/v2\/posts\/91623\/revisions"}],"predecessor-version":[{"id":91633,"href":"https:\/\/unifranz.edu.bo\/pt\/wp-json\/wp\/v2\/posts\/91623\/revisions\/91633"}],"wp:featuredmedia":[{"embeddable":true,"href":"https:\/\/unifranz.edu.bo\/pt\/wp-json\/wp\/v2\/media\/91626"}],"wp:attachment":[{"href":"https:\/\/unifranz.edu.bo\/pt\/wp-json\/wp\/v2\/media?parent=91623"}],"wp:term":[{"taxonomy":"category","embeddable":true,"href":"https:\/\/unifranz.edu.bo\/pt\/wp-json\/wp\/v2\/categories?post=91623"},{"taxonomy":"post_tag","embeddable":true,"href":"https:\/\/unifranz.edu.bo\/pt\/wp-json\/wp\/v2\/tags?post=91623"}],"curies":[{"name":"wp","href":"https:\/\/api.w.org\/{rel}","templated":true}]}}