{"id":86937,"date":"2022-03-16T18:50:57","date_gmt":"2022-03-16T22:50:57","guid":{"rendered":"https:\/\/unifranz.edu.bo\/?p=86937"},"modified":"2022-03-16T18:50:57","modified_gmt":"2022-03-16T22:50:57","slug":"virtual-educa-dos-jornadas-internacionales-de-dialogo-reflexion-y-proactividad-en-la-educacion","status":"publish","type":"post","link":"https:\/\/unifranz.edu.bo\/pt\/blog\/virtual-educa-dos-jornadas-internacionales-de-dialogo-reflexion-y-proactividad-en-la-educacion\/","title":{"rendered":"Virtual Educa: Dos jornadas internacionales de di\u00e1logo, reflexi\u00f3n y proactividad en la educaci\u00f3n"},"content":{"rendered":"<p><span style=\"color: #000000;\">Santa Cruz de la Sierra se transforma en el eje articulador de la innovaci\u00f3n y la transformaci\u00f3n educativa durante dos jornadas en el III Foro Internacional de Educaci\u00f3n Superior organizado por la Universidad Franz Tamayo &#8211; UNIFRANZ y Virtual Educa. El espacio impulsa a la reflexi\u00f3n y el debate ante los nuevos retos que plantea la educaci\u00f3n de grado y postgrado a nivel Latinoam\u00e9rica, con el acompa\u00f1amiento de autoridades nacionales y especialistas internacionales.<\/span><\/p>\n<p><span style=\"color: #000000;\">La jornada inaugural h\u00edbrida del 16 de marzo cont\u00f3 con las palabras de reflexi\u00f3n de la Rectora Nacional de UNIFRANZ, Ver\u00f3nica Agreda de Pazos al indicar que \u201cAm\u00e9rica Latina y el Caribe sin duda han mejorado el acceso a la educaci\u00f3n en todos los niveles[&#8230;], sin embargo, la calidad es fundamental para el desarrollo y crecimiento econ\u00f3mico, [&#8230;] hemos visto que los aprendizajes estudiantiles a\u00fan son bajos, desiguales e inadecuados\u201d. Para la Rectora, la tecnolog\u00eda debe continuar su rol como democratizador de la educaci\u00f3n, haci\u00e9ndola m\u00e1s accesible y al servicio de la sociedad.<\/span><\/p>\n<p><img loading=\"lazy\" decoding=\"async\" class=\"alignnone size-large wp-image-86939\" src=\"https:\/\/unifranz.edu.bo\/wp-content\/uploads\/2022\/03\/ccc_4471961403975988805-1024x683.jpg\" alt=\"\" width=\"1024\" height=\"683\" srcset=\"https:\/\/unifranz.edu.bo\/wp-content\/uploads\/2022\/03\/ccc_4471961403975988805-1024x683.jpg 1024w, https:\/\/unifranz.edu.bo\/wp-content\/uploads\/2022\/03\/ccc_4471961403975988805-300x200.jpg 300w, https:\/\/unifranz.edu.bo\/wp-content\/uploads\/2022\/03\/ccc_4471961403975988805-768x512.jpg 768w, https:\/\/unifranz.edu.bo\/wp-content\/uploads\/2022\/03\/ccc_4471961403975988805-1536x1024.jpg 1536w, https:\/\/unifranz.edu.bo\/wp-content\/uploads\/2022\/03\/ccc_4471961403975988805-2048x1365.jpg 2048w, https:\/\/unifranz.edu.bo\/wp-content\/uploads\/2022\/03\/ccc_4471961403975988805-18x12.jpg 18w\" sizes=\"auto, (max-width: 1024px) 100vw, 1024px\" \/><\/p>\n<p><span style=\"color: #000000;\">El evento en su primera jornada cont\u00f3 con la intervenci\u00f3n de Llu\u00eds Pastor, Profesor en Educacion Superior, Doctor en Periodismo y Consejero de TVE,\u00a0 Jiovany Orozco fundador y CEO de CloudLabs, Araceli Vargas Montagut CEO de Be Exponencial Corp, Rolando Kempff, Presidente C\u00e1mara Nacional de Comercio, Reinaldo Cifuentes Calderon, Coordinador General de RAUI Am\u00e9rica, Nina Py Brozovich, Fundadora de Fridays For Future Bolivia, Jhanisse Vaca, cofundadora de R\u00edos de Pie y Amples Rigiani, estratega creativo.<\/span><\/p>\n<p><span style=\"color: #000000;\">Jos\u00e9 Luis Guti\u00e9rrez, Viceministro de Educaci\u00f3n Superior de Formaci\u00f3n Profesional del Estado Plurinacional de Bolivia, particip\u00f3 del acto inaugural y afirm\u00f3 que: \u201cEste tercer foro posibilitar\u00e1 la generaci\u00f3n de pautas para un futuro educativo de transformaci\u00f3n permanente que nos permita la reflexi\u00f3n, investigaci\u00f3n, cr\u00edtica y autocr\u00edtica\u201d. Este proceso reflexivo del Viceministro, incluye la apropiaci\u00f3n de nuevas tecnolog\u00edas, la inclusi\u00f3n de g\u00e9nero y fortalecer la relaci\u00f3n entre la empresa privada y las universidades, para abandonar el estado de sociedad \u201creactiva y adoptar un estatus de sociedad proactiva\u201d. El viceministro Guti\u00e9rrez, al finalizar su participaci\u00f3n, destac\u00f3 la labor de UNIFRANZ, al ser \u201cuna de las universidades que busca una educaci\u00f3n inclusiva, equitativa y de calidad\u201d.<\/span><\/p>\n<p><span style=\"color: #000000;\">El III Foro Internacional de Educaci\u00f3n Superior &#8211; Virtual Educa: \u201cEl futuro de una educaci\u00f3n transformadora hacia el 2030\u201d, se lleva a cabo en la Ciudad de Santa Cruz de la Sierra del 16 al 17 de marzo. UNIFRANZ por tercera vez consecutiva se convierte en un aliado importante en la organizaci\u00f3n de este evento internacional.\u00a0\u00a0<\/span><\/p>\n","protected":false},"excerpt":{"rendered":"<p>Santa Cruz de la Sierra se transforma en el eje articulador de la innovaci\u00f3n y la transformaci\u00f3n educativa durante dos jornadas en el III Foro Internacional de Educaci\u00f3n Superior organizado por la Universidad Franz Tamayo &#8211; UNIFRANZ y Virtual Educa. El espacio impulsa a la reflexi\u00f3n y el debate ante los nuevos retos que plantea &hellip; <a href=\"https:\/\/unifranz.edu.bo\/pt\/blog\/virtual-educa-dos-jornadas-internacionales-de-dialogo-reflexion-y-proactividad-en-la-educacion\/\">Continued<\/a><\/p>","protected":false},"author":27,"featured_media":86938,"comment_status":"open","ping_status":"open","sticky":false,"template":"","format":"standard","meta":{"_acf_changed":false,"footnotes":""},"categories":[60,1710,1708,1782,1916],"tags":[1422,43,242],"class_list":["post-86937","post","type-post","status-publish","format-standard","has-post-thumbnail","hentry","category-blog","category-expertos","category-innovacion","category-unifranz","category-virtual-educa","tag-innovacion-en-educacion","tag-santa-cruz","tag-unifranz"],"acf":[],"_links":{"self":[{"href":"https:\/\/unifranz.edu.bo\/pt\/wp-json\/wp\/v2\/posts\/86937","targetHints":{"allow":["GET"]}}],"collection":[{"href":"https:\/\/unifranz.edu.bo\/pt\/wp-json\/wp\/v2\/posts"}],"about":[{"href":"https:\/\/unifranz.edu.bo\/pt\/wp-json\/wp\/v2\/types\/post"}],"author":[{"embeddable":true,"href":"https:\/\/unifranz.edu.bo\/pt\/wp-json\/wp\/v2\/users\/27"}],"replies":[{"embeddable":true,"href":"https:\/\/unifranz.edu.bo\/pt\/wp-json\/wp\/v2\/comments?post=86937"}],"version-history":[{"count":1,"href":"https:\/\/unifranz.edu.bo\/pt\/wp-json\/wp\/v2\/posts\/86937\/revisions"}],"predecessor-version":[{"id":86940,"href":"https:\/\/unifranz.edu.bo\/pt\/wp-json\/wp\/v2\/posts\/86937\/revisions\/86940"}],"wp:featuredmedia":[{"embeddable":true,"href":"https:\/\/unifranz.edu.bo\/pt\/wp-json\/wp\/v2\/media\/86938"}],"wp:attachment":[{"href":"https:\/\/unifranz.edu.bo\/pt\/wp-json\/wp\/v2\/media?parent=86937"}],"wp:term":[{"taxonomy":"category","embeddable":true,"href":"https:\/\/unifranz.edu.bo\/pt\/wp-json\/wp\/v2\/categories?post=86937"},{"taxonomy":"post_tag","embeddable":true,"href":"https:\/\/unifranz.edu.bo\/pt\/wp-json\/wp\/v2\/tags?post=86937"}],"curies":[{"name":"wp","href":"https:\/\/api.w.org\/{rel}","templated":true}]}}