{"id":86799,"date":"2022-03-16T14:05:53","date_gmt":"2022-03-16T18:05:53","guid":{"rendered":"https:\/\/unifranz.edu.bo\/?p=86799"},"modified":"2022-03-16T14:09:53","modified_gmt":"2022-03-16T18:09:53","slug":"la-educacion-no-solo-es-construir-buenos-profesionales-sino-tambien-profesionales-mas-humanos","status":"publish","type":"post","link":"https:\/\/unifranz.edu.bo\/pt\/blog\/la-educacion-no-solo-es-construir-buenos-profesionales-sino-tambien-profesionales-mas-humanos\/","title":{"rendered":"\u201cLa educaci\u00f3n no s\u00f3lo es construir buenos profesionales, sino tambi\u00e9n, profesionales m\u00e1s humanos\u201d"},"content":{"rendered":"<p><em>UNIFRANZ lanza la tercera versi\u00f3n del Virtual Educa un Foro especializado en Educaci\u00f3n Superior<\/em><\/p>\n<p><strong>Evento.<\/strong> El Virtual Educa es un espacio din\u00e1mico, enriquecedor y propicio para el debate y la reflexi\u00f3n sobre las tendencias en modelos de educaci\u00f3n superior y postgradual, de cara a los desaf\u00edos que nos plantea los acelerados avances en ciencia y tecnolog\u00eda y la \u201cnueva normalidad\u201d de la mano de expositores internacionales de alta trayectoria.<\/p>\n<p><strong>Santa Cruz, 16 de marzo de 2022. <\/strong>Los educadores y dise\u00f1adores de pol\u00edticas p\u00fablicas tuvieron la oportunidad de descubrir las tendencias educativas en educaci\u00f3n superior y de postgrado, los modelos educativos h\u00edbridos, la inserci\u00f3n de nuevas tecnolog\u00edas como la inteligencia artificial, el <em>machine learning<\/em> (aprendizaje autom\u00e1tico), entre otros.<\/p>\n<p>&nbsp;<\/p>\n<p style=\"text-align: right;\"><em><img loading=\"lazy\" decoding=\"async\" class=\"wp-image-86810 alignleft\" src=\"https:\/\/unifranz.edu.bo\/wp-content\/uploads\/2022\/03\/rectora-nota-300x300.png\" alt=\"\" width=\"210\" height=\"210\" srcset=\"https:\/\/unifranz.edu.bo\/wp-content\/uploads\/2022\/03\/rectora-nota-300x300.png 300w, https:\/\/unifranz.edu.bo\/wp-content\/uploads\/2022\/03\/rectora-nota-12x12.png 12w, https:\/\/unifranz.edu.bo\/wp-content\/uploads\/2022\/03\/rectora-nota.png 626w\" sizes=\"auto, (max-width: 210px) 100vw, 210px\" \/><\/em><\/p>\n<p>&nbsp;<\/p>\n<p style=\"text-align: right;\"><em>\u201cEsta versi\u00f3n cuenta con la participaci\u00f3n actores con un perfil de activistas, aquellos influencers (personas influyentes) que defienden una causa como la defensa de los derechos humanos y la protecci\u00f3n del medioambiente, para que tengamos una cultura de responsabilidad con nuestra comunidad\u201d, <\/em>enfatiz\u00f3 Ver\u00f3nica \u00c1greda de Pazos, Rectora Nacional UNIFRANZ.<\/p>\n<p>&nbsp;<\/p>\n<p>&nbsp;<\/p>\n<p>Por otra parte, existe un antes y despu\u00e9s de la pandemia del Covid-19. UNIFRANZ toma los grandes desaf\u00edos de la educaci\u00f3n y desarroll\u00f3 metodolog\u00edas de ense\u00f1anzas basadas en tecnolog\u00eda e inform\u00e1tica para no hacer un alto en la transformaci\u00f3n de la educaci\u00f3n en Bolivia. <em>\u201cLa pandemia nos ha ense\u00f1ado cu\u00e1n importantes son las competencias para la vida y la responsabilidad con los dem\u00e1s y nuestro planeta\u201d,<\/em> dijo la primera autoridad de la universidad.<\/p>\n<p>En ese sentido, el virtual educa busca una alineaci\u00f3n entre las universidades para llegar a la educaci\u00f3n y el desarrollo sustentable hacia el a\u00f1o 2030, y esta versi\u00f3n se bas\u00f3 en la calidad y est\u00e1ndares en la educaci\u00f3n superior, la universidad y el mercado laboral, la construcci\u00f3n del futuro de la educaci\u00f3n superior, pr\u00e1cticas innovadoras de ense\u00f1anza-aprendizaje y tendencias en educaci\u00f3n superior para el ecosistema de innovaci\u00f3n.<\/p>\n<p><em>\u201cEsta iniciativa se crea con la intenci\u00f3n de construir una red de universidades, para compartir buenas pr\u00e1cticas, desarrollar programas de manera conjunta, investigar e innovar hasta alcanzar el desarrollo sustentable entre todos\u201d, <\/em>acot\u00f3 la Rectora nacional.<\/p>\n<p>En continuidad a las conclusiones de las dos versiones anteriores, este encuentro busca articular una red colaborativa que delinee los pasos a seguir para alcanzar una educaci\u00f3n transformadora, fijado para la consolidaci\u00f3n de la agenda de los 17 Objetivos de Desarrollo Sostenible de las Naciones Unidas, en la b\u00fasqueda de una educaci\u00f3n inclusiva, equitativa y de calidad.<\/p>\n<p>En este a\u00f1o se celebra la participaci\u00f3n de conferencistas y panelistas internacionales de primer nivel, entre ellos: <strong><em>Francesc Pedr\u00f3<\/em><\/strong>, Director del Instituto Internacional de la UNESCO para la Educaci\u00f3n Superior en Am\u00e9rica Latina y el Caribe (IESALC); <strong><em>Adelino Sousa<\/em><\/strong>, Director Ejecutivo Virtual Educa; <strong><em>Jos\u00e9 Eduardo Castillo<\/em><\/strong>, Miembro del Consejo Directivo del Consorcio Universidad 2030; <strong><em>Luis Pastor<\/em><\/strong>, Director del Elearn Center de la U, Universitat Oberta de Catalunya (UOC); <strong><em>Reinaldo Cifuentes<\/em><\/strong>, Coordinador General RAUI Am\u00e9rica; <strong><em>Juan Carlos Solidoro<\/em><\/strong>, Co-Fundador &amp; CEO en NETZUN.com, entre otros.<\/p>\n<p><img loading=\"lazy\" decoding=\"async\" class=\"wp-image-86801 aligncenter\" src=\"https:\/\/unifranz.edu.bo\/wp-content\/uploads\/2022\/03\/Captura-LLuis-Pastor-300x200.png\" alt=\"\" width=\"365\" height=\"243\" srcset=\"https:\/\/unifranz.edu.bo\/wp-content\/uploads\/2022\/03\/Captura-LLuis-Pastor-300x200.png 300w, https:\/\/unifranz.edu.bo\/wp-content\/uploads\/2022\/03\/Captura-LLuis-Pastor-768x513.png 768w, https:\/\/unifranz.edu.bo\/wp-content\/uploads\/2022\/03\/Captura-LLuis-Pastor-18x12.png 18w, https:\/\/unifranz.edu.bo\/wp-content\/uploads\/2022\/03\/Captura-LLuis-Pastor.png 934w\" sizes=\"auto, (max-width: 365px) 100vw, 365px\" \/><\/p>\n<p><em>\u201cLa universidad es una instituci\u00f3n muy valiosa y no puede quedarse detr\u00e1s de todos los cambios que est\u00e1n sucediendo en el mundo de la informaci\u00f3n. La universidad y el mundo siempre tienen que tener una mirada hacia el futuro\u201d. <\/em>Luis Pastor, Director del Elearn Center de la U, Universitat Oberta de Catalunya (UOC).<\/p>\n<p><img loading=\"lazy\" decoding=\"async\" class=\"wp-image-86803 aligncenter\" src=\"https:\/\/unifranz.edu.bo\/wp-content\/uploads\/2022\/03\/ccc_8112490751576112805-300x200.jpg\" alt=\"\" width=\"372\" height=\"248\" srcset=\"https:\/\/unifranz.edu.bo\/wp-content\/uploads\/2022\/03\/ccc_8112490751576112805-300x200.jpg 300w, https:\/\/unifranz.edu.bo\/wp-content\/uploads\/2022\/03\/ccc_8112490751576112805-1024x683.jpg 1024w, https:\/\/unifranz.edu.bo\/wp-content\/uploads\/2022\/03\/ccc_8112490751576112805-768x512.jpg 768w, https:\/\/unifranz.edu.bo\/wp-content\/uploads\/2022\/03\/ccc_8112490751576112805-1536x1024.jpg 1536w, https:\/\/unifranz.edu.bo\/wp-content\/uploads\/2022\/03\/ccc_8112490751576112805-2048x1365.jpg 2048w, https:\/\/unifranz.edu.bo\/wp-content\/uploads\/2022\/03\/ccc_8112490751576112805-18x12.jpg 18w\" sizes=\"auto, (max-width: 372px) 100vw, 372px\" \/><\/p>\n<p>Finalmente, en esta nueva realidad tambi\u00e9n se hace necesario cerrar brechas y acercar la Academia a las nuevas necesidades del mercado laboral, de ah\u00ed que, el III Foro Internacional de Educaci\u00f3n Superior Virtual Educa 2022 cont\u00f3 con la participaci\u00f3n en los paneles de los l\u00edderes del Ministerio de Educaci\u00f3n, la Asociaci\u00f3n Nacional de Universidades Privadas de Bolivia \u2013 ANUP, el Comit\u00e9 Ejecutivo de la Universidad Boliviana \u2013 CEUB, la C\u00e1mara Nacional de Industrias -CNI y la Confederaci\u00f3n de Empresarios Privados de Bolivia -CEPB.<\/p>\n<p><img loading=\"lazy\" decoding=\"async\" class=\"wp-image-86819 aligncenter\" src=\"https:\/\/unifranz.edu.bo\/wp-content\/uploads\/2022\/03\/WhatsApp-Image-2022-03-16-at-13.23.41-1-300x200.jpeg\" alt=\"\" width=\"641\" height=\"427\" srcset=\"https:\/\/unifranz.edu.bo\/wp-content\/uploads\/2022\/03\/WhatsApp-Image-2022-03-16-at-13.23.41-1-300x200.jpeg 300w, https:\/\/unifranz.edu.bo\/wp-content\/uploads\/2022\/03\/WhatsApp-Image-2022-03-16-at-13.23.41-1-1024x683.jpeg 1024w, https:\/\/unifranz.edu.bo\/wp-content\/uploads\/2022\/03\/WhatsApp-Image-2022-03-16-at-13.23.41-1-768x512.jpeg 768w, https:\/\/unifranz.edu.bo\/wp-content\/uploads\/2022\/03\/WhatsApp-Image-2022-03-16-at-13.23.41-1-1536x1024.jpeg 1536w, https:\/\/unifranz.edu.bo\/wp-content\/uploads\/2022\/03\/WhatsApp-Image-2022-03-16-at-13.23.41-1-18x12.jpeg 18w, https:\/\/unifranz.edu.bo\/wp-content\/uploads\/2022\/03\/WhatsApp-Image-2022-03-16-at-13.23.41-1.jpeg 1560w\" sizes=\"auto, (max-width: 641px) 100vw, 641px\" \/><\/p>\n<p style=\"text-align: center;\">Jorge Anton, Director Gerente Virtual Educa<\/p>","protected":false},"excerpt":{"rendered":"<p>UNIFRANZ lanza la tercera versi\u00f3n del Virtual Educa un Foro especializado en Educaci\u00f3n Superior Evento. El Virtual Educa es un espacio din\u00e1mico, enriquecedor y propicio para el debate y la reflexi\u00f3n sobre las tendencias en modelos de educaci\u00f3n superior y postgradual, de cara a los desaf\u00edos que nos plantea los acelerados avances en ciencia y &hellip; <a href=\"https:\/\/unifranz.edu.bo\/pt\/blog\/la-educacion-no-solo-es-construir-buenos-profesionales-sino-tambien-profesionales-mas-humanos\/\">Continued<\/a><\/p>","protected":false},"author":45,"featured_media":86802,"comment_status":"open","ping_status":"open","sticky":false,"template":"","format":"standard","meta":{"_acf_changed":false,"footnotes":""},"categories":[60,1914],"tags":[],"class_list":["post-86799","post","type-post","status-publish","format-standard","has-post-thumbnail","hentry","category-blog","category-virtual-educa-2022"],"acf":[],"_links":{"self":[{"href":"https:\/\/unifranz.edu.bo\/pt\/wp-json\/wp\/v2\/posts\/86799","targetHints":{"allow":["GET"]}}],"collection":[{"href":"https:\/\/unifranz.edu.bo\/pt\/wp-json\/wp\/v2\/posts"}],"about":[{"href":"https:\/\/unifranz.edu.bo\/pt\/wp-json\/wp\/v2\/types\/post"}],"author":[{"embeddable":true,"href":"https:\/\/unifranz.edu.bo\/pt\/wp-json\/wp\/v2\/users\/45"}],"replies":[{"embeddable":true,"href":"https:\/\/unifranz.edu.bo\/pt\/wp-json\/wp\/v2\/comments?post=86799"}],"version-history":[{"count":1,"href":"https:\/\/unifranz.edu.bo\/pt\/wp-json\/wp\/v2\/posts\/86799\/revisions"}],"predecessor-version":[{"id":86820,"href":"https:\/\/unifranz.edu.bo\/pt\/wp-json\/wp\/v2\/posts\/86799\/revisions\/86820"}],"wp:featuredmedia":[{"embeddable":true,"href":"https:\/\/unifranz.edu.bo\/pt\/wp-json\/wp\/v2\/media\/86802"}],"wp:attachment":[{"href":"https:\/\/unifranz.edu.bo\/pt\/wp-json\/wp\/v2\/media?parent=86799"}],"wp:term":[{"taxonomy":"category","embeddable":true,"href":"https:\/\/unifranz.edu.bo\/pt\/wp-json\/wp\/v2\/categories?post=86799"},{"taxonomy":"post_tag","embeddable":true,"href":"https:\/\/unifranz.edu.bo\/pt\/wp-json\/wp\/v2\/tags?post=86799"}],"curies":[{"name":"wp","href":"https:\/\/api.w.org\/{rel}","templated":true}]}}