{"id":86304,"date":"2022-03-14T16:37:27","date_gmt":"2022-03-14T20:37:27","guid":{"rendered":"https:\/\/unifranz.edu.bo\/?p=86304"},"modified":"2022-03-14T16:48:13","modified_gmt":"2022-03-14T20:48:13","slug":"instituciones-unen-fuerzas-para-ayudar-en-la-busqueda-de-desaparecidos","status":"publish","type":"post","link":"https:\/\/unifranz.edu.bo\/pt\/blog\/instituciones-unen-fuerzas-para-ayudar-en-la-busqueda-de-desaparecidos\/","title":{"rendered":"INSTITUCIONES UNEN FUERZAS PARA AYUDAR EN LA B\u00daSQUEDA DE DESAPARECIDOS"},"content":{"rendered":"<p><span style=\"color: #000000;\">Con el objetivo de ayudar a las familias de personas desaparecidas en Bolivia en la recaudaci\u00f3n de fondos para proseguir su b\u00fasqueda, UNIFRANZ El Alto, Fundaci\u00f3n UNIFRANZ, Colegio de Psic\u00f3logos de Bolivia y Fundaci\u00f3n Munasim Kullakita sellaron un \u201cManifiesto \u00c9tico de Valores\u201d con el Proyecto \u201cInmarscecible\u201d, organizaci\u00f3n creada en 2021 con el prop\u00f3sito de luchar contra este mal que aqueja a toda la sociedad. La alianza se sell\u00f3 durante una cena de gala que permiti\u00f3 la recaudaci\u00f3n de fondos para brindar soporte a quienes cuentan con pistas para encontrar a sus familiares, pero que ya no cuentan con los recursos para continuar.<\/span><\/p>\n<p><span style=\"color: #000000;\">La trata y tr\u00e1fico de personas es un delito cuya gravedad se ha visibilizado en Bolivia, con mayor notoriedad en los \u00faltimos a\u00f1os y es considerada una de las formas de violencia m\u00e1s crueles, ya que vulnera derechos como la libertad, la dignidad y la integridad f\u00edsica, psicol\u00f3gica y mental, afectando especialmente a ni\u00f1as, ni\u00f1os y adolescentes.<\/span><\/p>\n<p><span style=\"color: #000000;\">Seg\u00fan datos*, desde 2019, se han reportado alrededor de 2.000 desaparecidos por a\u00f1o, cifras alarmantes que evidencian la magnitud del problema, sin embargo, se dice que muestran solamente la punta del iceberg de un problema mucho mayor, que sobrepasa al Estado y que requiere de la participaci\u00f3n de la sociedad en su conjunto, instituciones y organizaciones para prevenirla, combatirla y castigarla.<\/span><\/p>\n<p><span style=\"color: #000000;\"><strong>PROYECTO INMARSCECIBLE <\/strong><\/span><\/p>\n<p><span style=\"color: #000000;\">Es una organizaci\u00f3n conformada en 2021 por voluntarios, artistas y psic\u00f3logos que realiza diversas actividades de recaudaci\u00f3n de fondos para potenciar la b\u00fasqueda de desaparecidos.<\/span><\/p>\n<p><span style=\"color: #000000;\">Promovida inicialmente por Javier Guachalla, quien a ra\u00edz de haber vivido en carne propia la desaparici\u00f3n de su hermana en circunstancias a\u00fan no esclarecidas, tom\u00f3 consciencia de la vulnerabilidad de las familias de las v\u00edctimas de desapariciones a las que el Estado boliviano no est\u00e1 en condiciones de ayudar. \u201cNo es por incompetencia de la Polic\u00eda o las Fuerzas Armadas, sino por la complejidad del problema de la desaparici\u00f3n de personas\u201d, explica. \u00a0<\/span><\/p>\n<p><span style=\"color: #000000;\">Estas instituciones de seguridad no cuentan con las herramientas y los recursos m\u00e1s modernos que ya existen en otros pa\u00edses, como rastreadores de llamadas y bases de datos, as\u00ed que uno de los objetivos de Inmarscecible es obtenerlos y donarlos a las dependencias encargadas de combatir la trata de personas y otros delitos relacionados con las desapariciones.<\/span><\/p>\n<p><span style=\"color: #000000;\"><strong>TRABAJO COLABORATIVO<\/strong><\/span><\/p>\n<p><span style=\"color: #000000;\">A ra\u00edz de estas necesidades, tanto para los responsables de encarar la lucha contra este delito como para las v\u00edctimas, el trabajo interinstitucional, intersectorial y colaborativo resulta imperante, motivo por el cual se concreta esta alianza, sellada a trav\u00e9s de un \u201cManifiesto \u00c9tico de Valores\u201d que permitir\u00e1 fortalecer las distintas actividades encaradas inicialmente por Inmarscecible, que contemplan campa\u00f1as, sesiones informativas, talleres, apoyo psicol\u00f3gico y contenci\u00f3n a familiares de personas desaparecidas, entre otras acciones de prevenci\u00f3n, socializaci\u00f3n y activismo.<\/span><\/p>\n<p><img loading=\"lazy\" decoding=\"async\" class=\"size-medium wp-image-86360 aligncenter\" src=\"https:\/\/unifranz.edu.bo\/wp-content\/uploads\/2022\/03\/275387566_1050875002134948_3021086207840693205_n-300x200.jpg\" alt=\"\" width=\"300\" height=\"200\" srcset=\"https:\/\/unifranz.edu.bo\/wp-content\/uploads\/2022\/03\/275387566_1050875002134948_3021086207840693205_n-300x200.jpg 300w, https:\/\/unifranz.edu.bo\/wp-content\/uploads\/2022\/03\/275387566_1050875002134948_3021086207840693205_n-1024x683.jpg 1024w, https:\/\/unifranz.edu.bo\/wp-content\/uploads\/2022\/03\/275387566_1050875002134948_3021086207840693205_n-768x512.jpg 768w, https:\/\/unifranz.edu.bo\/wp-content\/uploads\/2022\/03\/275387566_1050875002134948_3021086207840693205_n-1536x1024.jpg 1536w, https:\/\/unifranz.edu.bo\/wp-content\/uploads\/2022\/03\/275387566_1050875002134948_3021086207840693205_n-18x12.jpg 18w, https:\/\/unifranz.edu.bo\/wp-content\/uploads\/2022\/03\/275387566_1050875002134948_3021086207840693205_n.jpg 2048w\" sizes=\"auto, (max-width: 300px) 100vw, 300px\" \/><\/p>\n<p><span style=\"color: #000000;\"><strong>LAS CIFRAS QUE DUELEN<\/strong><\/span><\/p>\n<p><span style=\"color: #000000;\">Cada a\u00f1o, 24 millones de personas desaparecen en todo el mundo. En Bolivia, decenas salen de sus casas y no retornan a ellas, dejando a sus seres queridos en una situaci\u00f3n dram\u00e1tica; muchos de ellos sin ayuda ni recursos para cubrir todos los gastos que supone una b\u00fasqueda incesante, la cual muchas veces queda truncada por diferentes circunstancias.<\/span><\/p>\n<p><span style=\"color: #000000;\">*Datos del Observatorio Nacional de Seguridad Ciudadana &#8211; Bolivia<\/span><\/p>","protected":false},"excerpt":{"rendered":"<p>Con el objetivo de ayudar a las familias de personas desaparecidas en Bolivia en la recaudaci\u00f3n de fondos para proseguir su b\u00fasqueda, UNIFRANZ El Alto, Fundaci\u00f3n UNIFRANZ, Colegio de Psic\u00f3logos de Bolivia y Fundaci\u00f3n Munasim Kullakita sellaron un \u201cManifiesto \u00c9tico de Valores\u201d con el Proyecto \u201cInmarscecible\u201d, organizaci\u00f3n creada en 2021 con el prop\u00f3sito de luchar &hellip; <a href=\"https:\/\/unifranz.edu.bo\/pt\/blog\/instituciones-unen-fuerzas-para-ayudar-en-la-busqueda-de-desaparecidos\/\">Continued<\/a><\/p>","protected":false},"author":25,"featured_media":86359,"comment_status":"open","ping_status":"open","sticky":false,"template":"","format":"standard","meta":{"_acf_changed":false,"footnotes":""},"categories":[60,454,1882],"tags":[1166,236,1910,242],"class_list":["post-86304","post","type-post","status-publish","format-standard","has-post-thumbnail","hentry","category-blog","category-convenios","category-solidaridad","tag-convenio-interinstitucional","tag-fundacion-unifranz","tag-inmarscecible","tag-unifranz"],"acf":[],"_links":{"self":[{"href":"https:\/\/unifranz.edu.bo\/pt\/wp-json\/wp\/v2\/posts\/86304","targetHints":{"allow":["GET"]}}],"collection":[{"href":"https:\/\/unifranz.edu.bo\/pt\/wp-json\/wp\/v2\/posts"}],"about":[{"href":"https:\/\/unifranz.edu.bo\/pt\/wp-json\/wp\/v2\/types\/post"}],"author":[{"embeddable":true,"href":"https:\/\/unifranz.edu.bo\/pt\/wp-json\/wp\/v2\/users\/25"}],"replies":[{"embeddable":true,"href":"https:\/\/unifranz.edu.bo\/pt\/wp-json\/wp\/v2\/comments?post=86304"}],"version-history":[{"count":2,"href":"https:\/\/unifranz.edu.bo\/pt\/wp-json\/wp\/v2\/posts\/86304\/revisions"}],"predecessor-version":[{"id":86371,"href":"https:\/\/unifranz.edu.bo\/pt\/wp-json\/wp\/v2\/posts\/86304\/revisions\/86371"}],"wp:featuredmedia":[{"embeddable":true,"href":"https:\/\/unifranz.edu.bo\/pt\/wp-json\/wp\/v2\/media\/86359"}],"wp:attachment":[{"href":"https:\/\/unifranz.edu.bo\/pt\/wp-json\/wp\/v2\/media?parent=86304"}],"wp:term":[{"taxonomy":"category","embeddable":true,"href":"https:\/\/unifranz.edu.bo\/pt\/wp-json\/wp\/v2\/categories?post=86304"},{"taxonomy":"post_tag","embeddable":true,"href":"https:\/\/unifranz.edu.bo\/pt\/wp-json\/wp\/v2\/tags?post=86304"}],"curies":[{"name":"wp","href":"https:\/\/api.w.org\/{rel}","templated":true}]}}