{"id":85777,"date":"2022-03-11T14:34:15","date_gmt":"2022-03-11T18:34:15","guid":{"rendered":"https:\/\/unifranz.edu.bo\/?p=85777"},"modified":"2022-03-11T14:34:15","modified_gmt":"2022-03-11T18:34:15","slug":"unifranz-cochabamba-inaugura-nueva-clinica-odontologica","status":"publish","type":"post","link":"https:\/\/unifranz.edu.bo\/pt\/noticias\/unifranz-cochabamba-inaugura-nueva-clinica-odontologica\/","title":{"rendered":"Unifranz Cochabamba Inaugura nueva Cl\u00ednica Odontol\u00f3gica"},"content":{"rendered":"<p>Este viernes 11\u00a0 de marzo se inauguraron los nuevos ambientes de la Cl\u00ednica Odontol\u00f3gica Unifranz Cochabamba, los ambientes est\u00e1n ubicados en el edificio Continental, calle Pedro Blanco entre Av Santa Cruz y Tomas Fr\u00edas.<\/p>\n<p><img loading=\"lazy\" decoding=\"async\" class=\"size-medium wp-image-85819 alignright\" src=\"https:\/\/unifranz.edu.bo\/wp-content\/uploads\/2022\/03\/2-212x300.png\" alt=\"\" width=\"212\" height=\"300\" srcset=\"https:\/\/unifranz.edu.bo\/wp-content\/uploads\/2022\/03\/2-212x300.png 212w, https:\/\/unifranz.edu.bo\/wp-content\/uploads\/2022\/03\/2-724x1024.png 724w, https:\/\/unifranz.edu.bo\/wp-content\/uploads\/2022\/03\/2-768x1087.png 768w, https:\/\/unifranz.edu.bo\/wp-content\/uploads\/2022\/03\/2-1085x1536.png 1085w, https:\/\/unifranz.edu.bo\/wp-content\/uploads\/2022\/03\/2-1447x2048.png 1447w, https:\/\/unifranz.edu.bo\/wp-content\/uploads\/2022\/03\/2-8x12.png 8w, https:\/\/unifranz.edu.bo\/wp-content\/uploads\/2022\/03\/2.png 1797w\" sizes=\"auto, (max-width: 212px) 100vw, 212px\" \/>La cl\u00ednica cuenta con 23 unidades odontol\u00f3gicas modernas, distribuidas en dos cl\u00ednicas multifuncionales, que permitir\u00e1n aplicar los principios cient\u00edficos de la atenci\u00f3n dental a personas y avanzar en la formaci\u00f3n pr\u00e1ctica de los estudiantes orientados por docentes especialistas en cada una de las \u00e1reas de formaci\u00f3n (Cirug\u00eda Bucal, Odontopediatr\u00eda, Ortodoncia, Endodoncia, Pr\u00f3tesis Fija, Pr\u00f3tesis Removible, Semiolog\u00eda Estomatol\u00f3gica).<\/p>\n<p>La nueva cl\u00ednica cuenta con tres ambientes distribuidos para la atenci\u00f3n p\u00fablica, quir\u00f3fano, sala de rayos x, sala de simulaci\u00f3n con circuito cerrado y laboratorio. Los equipos dentales de \u00faltima generaci\u00f3n que emplear\u00e1n los futuros profesionales son enteramente digitales y cuentan con sensores de movimiento que facilitan el manejo y manipulaci\u00f3n del equipo.<\/p>\n<p>Un<span style=\"letter-spacing: 0.02em;\">a ventaj<\/span><span style=\"letter-spacing: 0.02em;\">a notable para el aprendizaje dentro de la cl\u00ednica es el quir\u00f3fano y sala din\u00e1mica que cuenta con un sistema de circuito cerrado que permite proyectar las intervenciones quir\u00fargicas de alta complejidad a pantallas en una sala contigua con el prop\u00f3sito de maximizar la experiencia en tiempo real respetando los protocolos de bioseguridad para salvaguardar a los estudiantes.<\/span><\/p>\n<p>Estos espacios se encuentran disponibles en las cuatro sedes Unifranz y han logrado atender a m\u00e1s de 100 pacientes por d\u00eda. convirti\u00e9ndose en una opci\u00f3n econ\u00f3mica y segura para garantizar la salud bucal de los pacientes.<\/p>\n<p><img loading=\"lazy\" decoding=\"async\" class=\"wp-image-85778 alignleft\" style=\"letter-spacing: 0.26px;\" src=\"https:\/\/unifranz.edu.bo\/wp-content\/uploads\/2022\/03\/Post-para-instagram-gift-card-navidad-festivo-rojo-blanco-y-verde-3-300x300.png\" alt=\"\" width=\"187\" height=\"187\" srcset=\"https:\/\/unifranz.edu.bo\/wp-content\/uploads\/2022\/03\/Post-para-instagram-gift-card-navidad-festivo-rojo-blanco-y-verde-3-300x300.png 300w, https:\/\/unifranz.edu.bo\/wp-content\/uploads\/2022\/03\/Post-para-instagram-gift-card-navidad-festivo-rojo-blanco-y-verde-3-1024x1024.png 1024w, https:\/\/unifranz.edu.bo\/wp-content\/uploads\/2022\/03\/Post-para-instagram-gift-card-navidad-festivo-rojo-blanco-y-verde-3-768x768.png 768w, https:\/\/unifranz.edu.bo\/wp-content\/uploads\/2022\/03\/Post-para-instagram-gift-card-navidad-festivo-rojo-blanco-y-verde-3-12x12.png 12w, https:\/\/unifranz.edu.bo\/wp-content\/uploads\/2022\/03\/Post-para-instagram-gift-card-navidad-festivo-rojo-blanco-y-verde-3.png 1080w\" sizes=\"auto, (max-width: 187px) 100vw, 187px\" \/><\/p>\n<blockquote><p>&nbsp;<\/p><\/blockquote>\n<p><em><b>\u00abEstos ambientes permitir\u00e1n potenciar el aprendizaje de nuestros estudiantes, dot\u00e1ndoles\u00a0de experiencias que los formen con competencias t\u00e9cnicas , profesionales y humanas con el trato real al paciente\u00bb <\/b><\/em><\/p>\n<p><b>Dr. Gonzalo Patzi, Director de Carrera de Odontolog\u00eda.\u00a0<\/b><\/p>\n<p>&nbsp;<\/p>\n<p>&nbsp;<\/p>\n<p>Participaron del evento el Padre Honny\u00a0 Villaroel\u00a0 , Luis Laredo- presidente de la FEPC, nuestro vicerrector- Ing. Rolando Lopez ,Gonzalo Rivera &#8211; Presidente del Colegio de Odont\u00f3logos de Cochabamba y autoridades de la universidad.<\/p>\n<div id='gallery-1' class='gallery galleryid-85777 gallery-columns-1 gallery-size-large'><figure class='gallery-item'>\n\t\t\t<div class='gallery-icon landscape'>\n\t\t\t\t<a href='https:\/\/unifranz.edu.bo\/pt\/noticias\/unifranz-cochabamba-inaugura-nueva-clinica-odontologica\/attachment\/3-66\/'><img loading=\"lazy\" decoding=\"async\" width=\"1024\" height=\"662\" src=\"https:\/\/unifranz.edu.bo\/wp-content\/uploads\/2022\/03\/3-1-1024x662.png\" class=\"attachment-large size-large\" alt=\"\" srcset=\"https:\/\/unifranz.edu.bo\/wp-content\/uploads\/2022\/03\/3-1-1024x662.png 1024w, https:\/\/unifranz.edu.bo\/wp-content\/uploads\/2022\/03\/3-1-300x194.png 300w, https:\/\/unifranz.edu.bo\/wp-content\/uploads\/2022\/03\/3-1-768x496.png 768w, https:\/\/unifranz.edu.bo\/wp-content\/uploads\/2022\/03\/3-1-1536x992.png 1536w, https:\/\/unifranz.edu.bo\/wp-content\/uploads\/2022\/03\/3-1-2048x1323.png 2048w, https:\/\/unifranz.edu.bo\/wp-content\/uploads\/2022\/03\/3-1-18x12.png 18w\" sizes=\"auto, (max-width: 1024px) 100vw, 1024px\" \/><\/a>\n\t\t\t<\/div><\/figure><figure class='gallery-item'>\n\t\t\t<div class='gallery-icon landscape'>\n\t\t\t\t<a href='https:\/\/unifranz.edu.bo\/pt\/noticias\/unifranz-cochabamba-inaugura-nueva-clinica-odontologica\/attachment\/1-82\/'><img loading=\"lazy\" decoding=\"async\" width=\"1024\" height=\"679\" src=\"https:\/\/unifranz.edu.bo\/wp-content\/uploads\/2022\/03\/1-1024x679.png\" class=\"attachment-large size-large\" alt=\"\" srcset=\"https:\/\/unifranz.edu.bo\/wp-content\/uploads\/2022\/03\/1-1024x679.png 1024w, https:\/\/unifranz.edu.bo\/wp-content\/uploads\/2022\/03\/1-300x199.png 300w, https:\/\/unifranz.edu.bo\/wp-content\/uploads\/2022\/03\/1-768x509.png 768w, https:\/\/unifranz.edu.bo\/wp-content\/uploads\/2022\/03\/1-1536x1018.png 1536w, https:\/\/unifranz.edu.bo\/wp-content\/uploads\/2022\/03\/1-18x12.png 18w, https:\/\/unifranz.edu.bo\/wp-content\/uploads\/2022\/03\/1.png 1761w\" sizes=\"auto, (max-width: 1024px) 100vw, 1024px\" \/><\/a>\n\t\t\t<\/div><\/figure>\n\t\t<\/div>\n\n<p><img loading=\"lazy\" decoding=\"async\" class=\"alignnone wp-image-85826 size-large\" src=\"https:\/\/unifranz.edu.bo\/wp-content\/uploads\/2022\/03\/5-1024x579.png\" alt=\"\" width=\"1024\" height=\"579\" srcset=\"https:\/\/unifranz.edu.bo\/wp-content\/uploads\/2022\/03\/5-1024x579.png 1024w, https:\/\/unifranz.edu.bo\/wp-content\/uploads\/2022\/03\/5-300x170.png 300w, https:\/\/unifranz.edu.bo\/wp-content\/uploads\/2022\/03\/5-768x434.png 768w, https:\/\/unifranz.edu.bo\/wp-content\/uploads\/2022\/03\/5-1536x868.png 1536w, https:\/\/unifranz.edu.bo\/wp-content\/uploads\/2022\/03\/5-2048x1157.png 2048w, https:\/\/unifranz.edu.bo\/wp-content\/uploads\/2022\/03\/5-18x10.png 18w\" sizes=\"auto, (max-width: 1024px) 100vw, 1024px\" \/> <img loading=\"lazy\" decoding=\"async\" class=\"alignnone wp-image-85827 size-large\" src=\"https:\/\/unifranz.edu.bo\/wp-content\/uploads\/2022\/03\/6-1024x678.png\" alt=\"\" width=\"1024\" height=\"678\" srcset=\"https:\/\/unifranz.edu.bo\/wp-content\/uploads\/2022\/03\/6-1024x678.png 1024w, https:\/\/unifranz.edu.bo\/wp-content\/uploads\/2022\/03\/6-300x199.png 300w, https:\/\/unifranz.edu.bo\/wp-content\/uploads\/2022\/03\/6-768x509.png 768w, https:\/\/unifranz.edu.bo\/wp-content\/uploads\/2022\/03\/6-1536x1017.png 1536w, https:\/\/unifranz.edu.bo\/wp-content\/uploads\/2022\/03\/6-2048x1356.png 2048w, https:\/\/unifranz.edu.bo\/wp-content\/uploads\/2022\/03\/6-18x12.png 18w\" sizes=\"auto, (max-width: 1024px) 100vw, 1024px\" \/> <img loading=\"lazy\" decoding=\"async\" class=\"alignnone wp-image-85828 size-large\" src=\"https:\/\/unifranz.edu.bo\/wp-content\/uploads\/2022\/03\/WhatsApp-Image-2022-03-11-at-13.47.40-1-1024x766.jpeg\" alt=\"\" width=\"1024\" height=\"766\" srcset=\"https:\/\/unifranz.edu.bo\/wp-content\/uploads\/2022\/03\/WhatsApp-Image-2022-03-11-at-13.47.40-1-1024x766.jpeg 1024w, https:\/\/unifranz.edu.bo\/wp-content\/uploads\/2022\/03\/WhatsApp-Image-2022-03-11-at-13.47.40-1-300x225.jpeg 300w, https:\/\/unifranz.edu.bo\/wp-content\/uploads\/2022\/03\/WhatsApp-Image-2022-03-11-at-13.47.40-1-768x575.jpeg 768w, https:\/\/unifranz.edu.bo\/wp-content\/uploads\/2022\/03\/WhatsApp-Image-2022-03-11-at-13.47.40-1-16x12.jpeg 16w, https:\/\/unifranz.edu.bo\/wp-content\/uploads\/2022\/03\/WhatsApp-Image-2022-03-11-at-13.47.40-1.jpeg 1280w\" sizes=\"auto, (max-width: 1024px) 100vw, 1024px\" \/> <img loading=\"lazy\" decoding=\"async\" class=\"alignnone wp-image-85829 size-large\" src=\"https:\/\/unifranz.edu.bo\/wp-content\/uploads\/2022\/03\/WhatsApp-Image-2022-03-11-at-13.47.40-1024x766.jpeg\" alt=\"\" width=\"1024\" height=\"766\" srcset=\"https:\/\/unifranz.edu.bo\/wp-content\/uploads\/2022\/03\/WhatsApp-Image-2022-03-11-at-13.47.40-1024x766.jpeg 1024w, https:\/\/unifranz.edu.bo\/wp-content\/uploads\/2022\/03\/WhatsApp-Image-2022-03-11-at-13.47.40-300x225.jpeg 300w, https:\/\/unifranz.edu.bo\/wp-content\/uploads\/2022\/03\/WhatsApp-Image-2022-03-11-at-13.47.40-768x575.jpeg 768w, https:\/\/unifranz.edu.bo\/wp-content\/uploads\/2022\/03\/WhatsApp-Image-2022-03-11-at-13.47.40-16x12.jpeg 16w, https:\/\/unifranz.edu.bo\/wp-content\/uploads\/2022\/03\/WhatsApp-Image-2022-03-11-at-13.47.40.jpeg 1280w\" sizes=\"auto, (max-width: 1024px) 100vw, 1024px\" \/><\/p>","protected":false},"excerpt":{"rendered":"<p>Este viernes 11\u00a0 de marzo se inauguraron los nuevos ambientes de la Cl\u00ednica Odontol\u00f3gica Unifranz Cochabamba, los ambientes est\u00e1n ubicados en el edificio Continental, calle Pedro Blanco entre Av Santa Cruz y Tomas Fr\u00edas. La cl\u00ednica cuenta con 23 unidades odontol\u00f3gicas modernas, distribuidas en dos cl\u00ednicas multifuncionales, que permitir\u00e1n aplicar los principios cient\u00edficos de la &hellip; <a href=\"https:\/\/unifranz.edu.bo\/pt\/noticias\/unifranz-cochabamba-inaugura-nueva-clinica-odontologica\/\">Continued<\/a><\/p>","protected":false},"author":45,"featured_media":85817,"comment_status":"open","ping_status":"open","sticky":false,"template":"","format":"standard","meta":{"_acf_changed":false,"footnotes":""},"categories":[60,280,1772,45,1710,1708,1690,29,1686],"tags":[186,242],"class_list":["post-85777","post","type-post","status-publish","format-standard","has-post-thumbnail","hentry","category-blog","category-cochabamba","category-divulgacion","category-eventos","category-expertos","category-innovacion","category-marketing","category-noticias","category-tecnologia","tag-odontologia","tag-unifranz"],"acf":[],"_links":{"self":[{"href":"https:\/\/unifranz.edu.bo\/pt\/wp-json\/wp\/v2\/posts\/85777","targetHints":{"allow":["GET"]}}],"collection":[{"href":"https:\/\/unifranz.edu.bo\/pt\/wp-json\/wp\/v2\/posts"}],"about":[{"href":"https:\/\/unifranz.edu.bo\/pt\/wp-json\/wp\/v2\/types\/post"}],"author":[{"embeddable":true,"href":"https:\/\/unifranz.edu.bo\/pt\/wp-json\/wp\/v2\/users\/45"}],"replies":[{"embeddable":true,"href":"https:\/\/unifranz.edu.bo\/pt\/wp-json\/wp\/v2\/comments?post=85777"}],"version-history":[{"count":8,"href":"https:\/\/unifranz.edu.bo\/pt\/wp-json\/wp\/v2\/posts\/85777\/revisions"}],"predecessor-version":[{"id":85832,"href":"https:\/\/unifranz.edu.bo\/pt\/wp-json\/wp\/v2\/posts\/85777\/revisions\/85832"}],"wp:featuredmedia":[{"embeddable":true,"href":"https:\/\/unifranz.edu.bo\/pt\/wp-json\/wp\/v2\/media\/85817"}],"wp:attachment":[{"href":"https:\/\/unifranz.edu.bo\/pt\/wp-json\/wp\/v2\/media?parent=85777"}],"wp:term":[{"taxonomy":"category","embeddable":true,"href":"https:\/\/unifranz.edu.bo\/pt\/wp-json\/wp\/v2\/categories?post=85777"},{"taxonomy":"post_tag","embeddable":true,"href":"https:\/\/unifranz.edu.bo\/pt\/wp-json\/wp\/v2\/tags?post=85777"}],"curies":[{"name":"wp","href":"https:\/\/api.w.org\/{rel}","templated":true}]}}