{"id":80352,"date":"2022-02-09T16:25:36","date_gmt":"2022-02-09T20:25:36","guid":{"rendered":"https:\/\/unifranz.edu.bo\/?p=80352"},"modified":"2022-02-09T16:25:36","modified_gmt":"2022-02-09T20:25:36","slug":"xfranco-toco-el-corazon-de-los-bolivianos","status":"publish","type":"post","link":"https:\/\/unifranz.edu.bo\/pt\/blog\/xfranco-toco-el-corazon-de-los-bolivianos\/","title":{"rendered":"XFranco toc\u00f3 el coraz\u00f3n de los bolivianos"},"content":{"rendered":"<p><em>Solidaridad. XFranco es una Master Conference que busca recaudar USD 40.000 por medio de auspicios y ventas de entradas para ayudar a Franco Encinas, un peque\u00f1o de 11 a\u00f1os que necesita un trasplante de H\u00edgado.<\/em><\/p>\n<p>#Innovaci\u00f3n #Startup #Marketing #FuturoDigital #TechCapacitaci\u00f3n<\/p>\n<p>El caso de Franco Encinas toc\u00f3 el coraz\u00f3n de los bolivianos, quien fue detectado con Hipertensi\u00f3n Portal en diciembre pasado en la Cl\u00ednica Foianini. Por fortuna, all\u00ed se encontraban m\u00e9dicos argentinos que recomendaron a los padres de Franco una intervenci\u00f3n quir\u00fargica de urgencia. Franco fue trasladado al vecino pa\u00eds, donde se tendr\u00eda que realizar un trasplante de h\u00edgado, procedimiento que promet\u00eda la mejor\u00eda de su salud.<\/p>\n<p>Cabe resaltar, que es un proceso que requiere un alto monto de dinero, ascendiendo a m\u00e1s de USD 80 mil. Sus familiares, amigos y todas las personas de noble coraz\u00f3n se unen para recaudar recursos que ser\u00e1n destinados para su recuperaci\u00f3n.<\/p>\n<p>XFranco es una iniciativa de Amples Regiani, escritor, publicista y conferencista, evento h\u00edbrido (presencial y virtual) que re\u00fane a m\u00e1s de 80 voluntarios, empresas reconocidas de Bolivia, speakers especializados en Marketing Digital y todos los participantes ser\u00e1n certificados por la Escuela de Postgrado de la Universidad Privada Franz Tamayo \u2013 UNIFRANZ que certificar\u00e1 el contenido acad\u00e9mico del evento.<\/p>\n<p>Ver\u00f3nica \u00c1greda de Pazos, Arquitecta con grado de Maestr\u00eda en Materiaux pour l&#8217;Architecture de l&#8217;UTC de Compiegne y l&#8217;\u00c9cole d&#8217;Architecture de Paris la Seine, Presidenta de Nodo Bolivia del Millenniun Project y Rectora Nacional de UNIFRANZ, ser\u00e1 parte del equipo de speakers que participar\u00e1n del Podcast \u201cEducaci\u00f3n y Cultura\u201d, bajo el criterio de \u00bfCu\u00e1l es el futuro de la educaci\u00f3n? \u00bfC\u00f3mo se complementa con la comunicaci\u00f3n, cultura y los modelos mentales?<\/p>\n<p><img loading=\"lazy\" decoding=\"async\" class=\"alignnone size-medium wp-image-80353\" src=\"https:\/\/unifranz.edu.bo\/wp-content\/uploads\/2022\/02\/Ver\u00f3nica-\u00c1greda-XFranco-300x300.jpg\" alt=\"\" width=\"300\" height=\"300\" srcset=\"https:\/\/unifranz.edu.bo\/wp-content\/uploads\/2022\/02\/Ver\u00f3nica-\u00c1greda-XFranco-300x300.jpg 300w, https:\/\/unifranz.edu.bo\/wp-content\/uploads\/2022\/02\/Ver\u00f3nica-\u00c1greda-XFranco-12x12.jpg 12w, https:\/\/unifranz.edu.bo\/wp-content\/uploads\/2022\/02\/Ver\u00f3nica-\u00c1greda-XFranco.jpg 526w\" sizes=\"auto, (max-width: 300px) 100vw, 300px\" \/><\/p>\n<p>UNIFRANZ a trav\u00e9s de la Escuela de Postgrado otorgar\u00e1 certificados de participaci\u00f3n, no s\u00f3lo con el objetivo de ser parte de esta conmovedora actividad, sino tambi\u00e9n, con la oportunidad de promover la formaci\u00f3n acad\u00e9mica a nivel superior.<\/p>\n<p style=\"text-align: right;\"><em style=\"letter-spacing: 0.26px;\"><img loading=\"lazy\" decoding=\"async\" class=\"wp-image-80354 alignleft\" src=\"https:\/\/unifranz.edu.bo\/wp-content\/uploads\/2022\/02\/Amples-PP-300x300.jpg\" alt=\"\" width=\"99\" height=\"99\" srcset=\"https:\/\/unifranz.edu.bo\/wp-content\/uploads\/2022\/02\/Amples-PP-300x300.jpg 300w, https:\/\/unifranz.edu.bo\/wp-content\/uploads\/2022\/02\/Amples-PP-768x768.jpg 768w, https:\/\/unifranz.edu.bo\/wp-content\/uploads\/2022\/02\/Amples-PP-12x12.jpg 12w, https:\/\/unifranz.edu.bo\/wp-content\/uploads\/2022\/02\/Amples-PP.jpg 982w\" sizes=\"auto, (max-width: 99px) 100vw, 99px\" \/><\/em><\/p>\n<p>&nbsp;<\/p>\n<p style=\"text-align: right;\"><em>\u201cUnifranz Postgrado tiene como objetivo formar l\u00edderes \u00edntegros e innovadores que, a trav\u00e9s de un alto nive<\/em><em style=\"letter-spacing: 0.02em;\">l de capacitaci\u00f3n y formaci\u00f3n, impulsen la generaci\u00f3n de nuevos entornos de trabajo, desarrollo personal y competitividad\u201d,<\/em><span style=\"letter-spacing: 0.02em;\">\u00a0<\/span><span style=\"letter-spacing: 0.02em;\">expres\u00f3 Regiani.<\/span><\/p>\n<p>&nbsp;<\/p>\n<p style=\"text-align: left;\">Para ser parte del evento puedes acceder a una entrada con los siguientes pasos:<\/p>\n<p><img loading=\"lazy\" decoding=\"async\" class=\"wp-image-80356 alignright\" style=\"letter-spacing: 0.26px;\" src=\"https:\/\/unifranz.edu.bo\/wp-content\/uploads\/2022\/02\/QR-Xfranco-300x300.jpg\" alt=\"\" width=\"203\" height=\"203\" srcset=\"https:\/\/unifranz.edu.bo\/wp-content\/uploads\/2022\/02\/QR-Xfranco-300x300.jpg 300w, https:\/\/unifranz.edu.bo\/wp-content\/uploads\/2022\/02\/QR-Xfranco-1024x1024.jpg 1024w, https:\/\/unifranz.edu.bo\/wp-content\/uploads\/2022\/02\/QR-Xfranco-768x768.jpg 768w, https:\/\/unifranz.edu.bo\/wp-content\/uploads\/2022\/02\/QR-Xfranco-1536x1536.jpg 1536w, https:\/\/unifranz.edu.bo\/wp-content\/uploads\/2022\/02\/QR-Xfranco-12x12.jpg 12w, https:\/\/unifranz.edu.bo\/wp-content\/uploads\/2022\/02\/QR-Xfranco.jpg 2000w\" sizes=\"auto, (max-width: 203px) 100vw, 203px\" \/><\/p>\n<ol>\n<li style=\"text-align: left;\">Realiza tu transferencia de Bs 700 utilizando el QR asignado y revisa que los datos sean correctos.<\/li>\n<li style=\"text-align: left;\">El s\u00e1bado 12 de febrero a las 8:00 horas, al momento de ingresar al Hotel Los Ta<\/li>\n<li style=\"text-align: left;\">jibos deber\u00e1s presentar un comprobante de transferencia, para que uno de los voluntarios lo <a href=\"https:\/\/bit.ly\/TicketXFRANCO\" target=\"_blank\" rel=\"noopener\">valide tu ticket en el sistema<\/a>.<\/li>\n<li style=\"text-align: left;\">\nEse d\u00eda mismo d\u00eda se entregar\u00e1n manillas de asistencia, para que los participantes puedan circular libremente por el lugar.<\/li>\n<li style=\"text-align: left;\">Las personas que realizaron su <a href=\"https:\/\/bit.ly\/xFRANCO\" target=\"_blank\" rel=\"noopener\">pre-registro<\/a> cuentan con sus cupos reservados y recibir\u00e1n un correo con los datos de pago.<\/li>\n<li style=\"text-align: left;\">Puedes ingresar a la P\u00e1gina Oficial en Facebook<a href=\"https:\/\/www.facebook.com\/xFrancoBO\" target=\"_blank\" rel=\"noopener\"> xFrancoBO<\/a> para mayor informaci\u00f3n<\/li>\n<\/ol>\n<p><img loading=\"lazy\" decoding=\"async\" class=\"size-medium wp-image-80357 aligncenter\" src=\"https:\/\/unifranz.edu.bo\/wp-content\/uploads\/2022\/02\/Captura-video-de-Amples-300x168.png\" alt=\"\" width=\"300\" height=\"168\" srcset=\"https:\/\/unifranz.edu.bo\/wp-content\/uploads\/2022\/02\/Captura-video-de-Amples-300x168.png 300w, https:\/\/unifranz.edu.bo\/wp-content\/uploads\/2022\/02\/Captura-video-de-Amples-18x10.png 18w, https:\/\/unifranz.edu.bo\/wp-content\/uploads\/2022\/02\/Captura-video-de-Amples.png 447w\" sizes=\"auto, (max-width: 300px) 100vw, 300px\" \/><\/p>\n<p style=\"text-align: center;\"><a href=\"https:\/\/www.facebook.com\/672329819\/videos\/332029625491716\/\" target=\"_blank\" rel=\"noopener\"><em>Amples Regiani<\/em><\/a><\/p>","protected":false},"excerpt":{"rendered":"<p>Solidaridad. XFranco es una Master Conference que busca recaudar USD 40.000 por medio de auspicios y ventas de entradas para ayudar a Franco Encinas, un peque\u00f1o de 11 a\u00f1os que necesita un trasplante de H\u00edgado. #Innovaci\u00f3n #Startup #Marketing #FuturoDigital #TechCapacitaci\u00f3n El caso de Franco Encinas toc\u00f3 el coraz\u00f3n de los bolivianos, quien fue detectado con &hellip; <a href=\"https:\/\/unifranz.edu.bo\/pt\/blog\/xfranco-toco-el-corazon-de-los-bolivianos\/\">Continued<\/a><\/p>","protected":false},"author":45,"featured_media":80358,"comment_status":"open","ping_status":"open","sticky":false,"template":"","format":"standard","meta":{"_acf_changed":false,"footnotes":""},"categories":[60,1880,1882,1782],"tags":[1338,43,242],"class_list":["post-80352","post","type-post","status-publish","format-standard","has-post-thumbnail","hentry","category-blog","category-insercion-laboral","category-solidaridad","category-unifranz","tag-postgrado-unifranz","tag-santa-cruz","tag-unifranz"],"acf":[],"_links":{"self":[{"href":"https:\/\/unifranz.edu.bo\/pt\/wp-json\/wp\/v2\/posts\/80352","targetHints":{"allow":["GET"]}}],"collection":[{"href":"https:\/\/unifranz.edu.bo\/pt\/wp-json\/wp\/v2\/posts"}],"about":[{"href":"https:\/\/unifranz.edu.bo\/pt\/wp-json\/wp\/v2\/types\/post"}],"author":[{"embeddable":true,"href":"https:\/\/unifranz.edu.bo\/pt\/wp-json\/wp\/v2\/users\/45"}],"replies":[{"embeddable":true,"href":"https:\/\/unifranz.edu.bo\/pt\/wp-json\/wp\/v2\/comments?post=80352"}],"version-history":[{"count":1,"href":"https:\/\/unifranz.edu.bo\/pt\/wp-json\/wp\/v2\/posts\/80352\/revisions"}],"predecessor-version":[{"id":80359,"href":"https:\/\/unifranz.edu.bo\/pt\/wp-json\/wp\/v2\/posts\/80352\/revisions\/80359"}],"wp:featuredmedia":[{"embeddable":true,"href":"https:\/\/unifranz.edu.bo\/pt\/wp-json\/wp\/v2\/media\/80358"}],"wp:attachment":[{"href":"https:\/\/unifranz.edu.bo\/pt\/wp-json\/wp\/v2\/media?parent=80352"}],"wp:term":[{"taxonomy":"category","embeddable":true,"href":"https:\/\/unifranz.edu.bo\/pt\/wp-json\/wp\/v2\/categories?post=80352"},{"taxonomy":"post_tag","embeddable":true,"href":"https:\/\/unifranz.edu.bo\/pt\/wp-json\/wp\/v2\/tags?post=80352"}],"curies":[{"name":"wp","href":"https:\/\/api.w.org\/{rel}","templated":true}]}}