{"id":80282,"date":"2022-02-09T03:10:05","date_gmt":"2022-02-09T07:10:05","guid":{"rendered":"https:\/\/unifranz.edu.bo\/?p=80282"},"modified":"2022-02-09T03:10:05","modified_gmt":"2022-02-09T07:10:05","slug":"unifranz-protege-la-salud-de-los-bolivianos","status":"publish","type":"post","link":"https:\/\/unifranz.edu.bo\/pt\/blog\/unifranz-protege-la-salud-de-los-bolivianos\/","title":{"rendered":"UNIFRANZ, protege la salud de los bolivianos"},"content":{"rendered":"<p><strong><em>Salud.<\/em><\/strong><em> A d\u00edas de finalizar el mes de enero, el Punto de Vacunaci\u00f3n UNIFRANZ Santa Cruz alcanza m\u00e1s de 20.000 personas inmunizadas con una \u201cdosis de esperanza\u201d <\/em><\/p>\n<p>En marzo del 2020, el pa\u00eds fue azotado por la pandemia. La COVID 19 hab\u00eda llegado para cambiar la vida de miles de familias cruce\u00f1as y bolivianas. Se inaugur\u00f3 con una escalada de contagios provocando la internaci\u00f3n de pacientes leves e intubaci\u00f3n de pacientes graves; incluso ocasion\u00f3 el deceso de muchos compatriotas.<\/p>\n<p>Durante ese a\u00f1o, los 3 niveles gobierno (Central, Departamental y Municipal) ejecutaron un plan de acci\u00f3n contra el virus, desde restricciones de circulaci\u00f3n, cierres de todos los negocios, campa\u00f1as de desinfecci\u00f3n casa por casa, organizaci\u00f3n de brigadas m\u00e9dicas para primeros auxilios, recepci\u00f3n de equipamientos de bioseguridad, habilitaci\u00f3n de todos los centros de salud, hospitales e incluso la construcci\u00f3n de domos para internaci\u00f3n, fueron parte de la batalla desigual que tuvimos como sociedad contra la Covid-19.<\/p>\n<p>Pese a los esfuerzos, nada parec\u00eda ser suficiente, las estad\u00edsticas ten\u00edan un constante ascenso de casos de contagio y las miradas se pon\u00edan hacia otros pa\u00edses donde parec\u00eda haber esperanza.<\/p>\n<p>Un a\u00f1o despu\u00e9s, Bolivia ten\u00eda su mejor aliado. Finalmente, llegaron las vacunas de inmunizaci\u00f3n de diferentes industrias. Vacunas chinas, rusas, americanas (EE.UU.); el proceso se ejecut\u00f3 de manera paulatina, colocando planes de vacunaci\u00f3n seg\u00fan grupos et\u00e1reos ordeanados por enfermedades de base y edad.<\/p>\n<p>Este enero 2022, a dos a\u00f1os del inicio de la pandemia a nivel global, los bolivianos estamos pasando por una nueva ola de contagio y Santa Cruz sigue siendo el epicentro. <a href=\"https:\/\/eldeber.com.bo\/santa-cruz\/con-1493-infectados-de-covid-19-santa-cruz-registra-la-cifra-mas-alta-de-toda-la-pandemia_260781\" target=\"_blank\" rel=\"noopener\">Carlos Hurtados, responsable de Epidemiolog\u00eda de la Gobernaci\u00f3n cruce\u00f1a, anunci\u00f3 el pico m\u00e1s alto de la pandemia; 1.493 casos positivos en un d\u00eda<\/a>.<\/p>\n<p>Cabe resaltar que batimos records de contagios en esta 4ta ola, pero gracias a las vacunas la mayoria de los infectados no llegaron a las Unidades de Terapia Intensibas (UTIs), y es que la repuesta m\u00e9dica por parte del Serivico Departamental de Salud Santa Cruz (Sedes) no llev\u00f3 a deducir que las vacunas aminoraron la gravedad de los contagios. Bolivia habr\u00eda tenido dos campa\u00f1as de vacunaci\u00f3n, la segunda denominada \u201cdosis de refuerzo\u201d.<\/p>\n<p>Cuando pensabamos que el esquema de vacunaci\u00f3n culminaba con dos dosis, a principio de este a\u00f1o, Bolivia recibio 1,9 millones de vacunas \u2018Moderna\u2019 donadas por Espa\u00f1a y Alemania, que servir\u00e1n como terceras dosis de refuerzo para inmunizar a la poblaci\u00f3n vacunable.<\/p>\n<p>El Gobierno nacional, exhort\u00f3 a la poblacion reforzar las medidas de bioseguridad complentando su esquema de vacunaci\u00f3n, adem\u00e1s de las \u2013ahora t\u00edpicas- medidas: Uso obligatorio de barbijo, alcohol en gel y distanciamiento social.<\/p>\n<p>El pa\u00eds utiliza las vacunas Sinopharm, Sputnik V, Astra Zeneca, Pfizer, Jhonson Jhonson y ahora Moderna, para la lucha contra el Covid-19. En ese entendido, UNIFRANZ sigue firme en el cuidado de la salud de los bolivianos con sus cuatro centros de vacunacion -Santa Cruz, La Paz, El Alto y Cochabamba- en plena campa\u00f1a de vacunaci\u00f3n.<\/p>\n<p><img loading=\"lazy\" decoding=\"async\" class=\"alignnone size-medium wp-image-80284\" src=\"https:\/\/unifranz.edu.bo\/wp-content\/uploads\/2022\/02\/amples-300x300.jpg\" alt=\"\" width=\"300\" height=\"300\" srcset=\"https:\/\/unifranz.edu.bo\/wp-content\/uploads\/2022\/02\/amples-300x300.jpg 300w, https:\/\/unifranz.edu.bo\/wp-content\/uploads\/2022\/02\/amples-768x768.jpg 768w, https:\/\/unifranz.edu.bo\/wp-content\/uploads\/2022\/02\/amples-12x12.jpg 12w, https:\/\/unifranz.edu.bo\/wp-content\/uploads\/2022\/02\/amples.jpg 1000w\" sizes=\"auto, (max-width: 300px) 100vw, 300px\" \/><\/p>\n<p><strong><em>\u00a1Ya somos 20.000!<\/em><\/strong> as\u00ed anunici\u00f3 la universidad en sus redes sociales el importante logro. Este puesto de vacunaci\u00f3n se destaca por ser c\u00e9ntrico y ordenado, teniendo a personajes reconocidos del medio cruce\u00f1o como pacientes en la espera de una \u2018Dosis de Esperanza\u2019, as\u00ed como lo hizo Chichi Kim, presentador de televisi\u00f3n y comediante y Amples Regiani, l\u00edder e opini\u00f3n en Redes Sociales, que acompa\u00f1\u00f3 a su peque\u00f1o hijo a recibir su primer dosis de vacunaci\u00f3n.<\/p>\n<p>Regiani, poste\u00f3 en sus redes sociales una l\u00edneas de opini\u00f3n donde detalla el porqu\u00e9 decidi\u00f3 vacunar a su hijo de 11 a\u00f1os. <a href=\"https:\/\/www.facebook.com\/amplesregiani\/posts\/10159875818294820\" target=\"_blank\" rel=\"noopener\">\u201cVacunar o no vacunar a los ni\u00f1os\u201d. Mi experiencia personal.<\/a><\/p>\n<p><img loading=\"lazy\" decoding=\"async\" class=\"alignnone size-medium wp-image-80283\" src=\"https:\/\/unifranz.edu.bo\/wp-content\/uploads\/2022\/02\/DSC_0961-300x200.jpg\" alt=\"\" width=\"300\" height=\"200\" \/><\/p>\n<p>El Punto de Vacunaci\u00f3n UNIFRANZ Santa Cruz abre de 13:00 a 19:00 horas, en Av. Busch, esq. 2do anillo, N\u00ba 1113. Teniendo disponibles las siguientes dosis:<\/p>\n<ul>\n<li>Sinopharm 1ra y 2da dosis: Para ni\u00f1os de 5 a 11 a\u00f1os y todas las personas que tengan la primera dosis.<\/li>\n<li>Astrazeneca 1ra, 2da y 3ra dosis: Para mayores de 18 a\u00f1os.<\/li>\n<li>Pfizer 1ra y 2da: Para adolescentes de 12 a 17 a\u00f1os y todas las personas que tengan su primera dosis.<\/li>\n<li>Moderna 1ra, 2da y 3ra dosis: Para mayores de 18 a\u00f1os y para quienes dos dosis esperando 6 meses.<\/li>\n<\/ul>\n<p>Contraindicaciones: No haberse colocado la vacuna de la influenza y\/o antitet\u00e1nica.<\/p>\n<p>&nbsp;<\/p>\n<p><strong><em>\u00a1Este virus lo paramos Unidos!<\/em><\/strong><\/p>","protected":false},"excerpt":{"rendered":"<p>Salud. A d\u00edas de finalizar el mes de enero, el Punto de Vacunaci\u00f3n UNIFRANZ Santa Cruz alcanza m\u00e1s de 20.000 personas inmunizadas con una \u201cdosis de esperanza\u201d En marzo del 2020, el pa\u00eds fue azotado por la pandemia. La COVID 19 hab\u00eda llegado para cambiar la vida de miles de familias cruce\u00f1as y bolivianas. Se &hellip; <a href=\"https:\/\/unifranz.edu.bo\/pt\/blog\/unifranz-protege-la-salud-de-los-bolivianos\/\">Continued<\/a><\/p>","protected":false},"author":45,"featured_media":80285,"comment_status":"open","ping_status":"open","sticky":false,"template":"","format":"standard","meta":{"_acf_changed":false,"footnotes":""},"categories":[60,274,1782],"tags":[124,43,242],"class_list":["post-80282","post","type-post","status-publish","format-standard","has-post-thumbnail","hentry","category-blog","category-santa-cruz","category-unifranz","tag-salud","tag-santa-cruz","tag-unifranz"],"acf":[],"_links":{"self":[{"href":"https:\/\/unifranz.edu.bo\/pt\/wp-json\/wp\/v2\/posts\/80282","targetHints":{"allow":["GET"]}}],"collection":[{"href":"https:\/\/unifranz.edu.bo\/pt\/wp-json\/wp\/v2\/posts"}],"about":[{"href":"https:\/\/unifranz.edu.bo\/pt\/wp-json\/wp\/v2\/types\/post"}],"author":[{"embeddable":true,"href":"https:\/\/unifranz.edu.bo\/pt\/wp-json\/wp\/v2\/users\/45"}],"replies":[{"embeddable":true,"href":"https:\/\/unifranz.edu.bo\/pt\/wp-json\/wp\/v2\/comments?post=80282"}],"version-history":[{"count":1,"href":"https:\/\/unifranz.edu.bo\/pt\/wp-json\/wp\/v2\/posts\/80282\/revisions"}],"predecessor-version":[{"id":80286,"href":"https:\/\/unifranz.edu.bo\/pt\/wp-json\/wp\/v2\/posts\/80282\/revisions\/80286"}],"wp:featuredmedia":[{"embeddable":true,"href":"https:\/\/unifranz.edu.bo\/pt\/wp-json\/wp\/v2\/media\/80285"}],"wp:attachment":[{"href":"https:\/\/unifranz.edu.bo\/pt\/wp-json\/wp\/v2\/media?parent=80282"}],"wp:term":[{"taxonomy":"category","embeddable":true,"href":"https:\/\/unifranz.edu.bo\/pt\/wp-json\/wp\/v2\/categories?post=80282"},{"taxonomy":"post_tag","embeddable":true,"href":"https:\/\/unifranz.edu.bo\/pt\/wp-json\/wp\/v2\/tags?post=80282"}],"curies":[{"name":"wp","href":"https:\/\/api.w.org\/{rel}","templated":true}]}}