{"id":79270,"date":"2022-01-24T17:50:46","date_gmt":"2022-01-24T21:50:46","guid":{"rendered":"https:\/\/unifranz.edu.bo\/?p=79270"},"modified":"2022-01-24T17:53:22","modified_gmt":"2022-01-24T21:53:22","slug":"unifranz-especializate-en-periodismo-digital-y-periodismo-investigativo-y-de-datos","status":"publish","type":"post","link":"https:\/\/unifranz.edu.bo\/pt\/blog\/unifranz-especializate-en-periodismo-digital-y-periodismo-investigativo-y-de-datos\/","title":{"rendered":"UNIFRANZ, especial\u00edzate en Periodismo Digital y Periodismo Investigativo y de Datos"},"content":{"rendered":"<p><strong>Santa Cruz, 24 de enero de 2022.<\/strong> \u00a0La llegada de la pandemia puso de manifiesto la desconexi\u00f3n entre la academia y el mundo profesional, esta realidad oblig\u00f3 a las universidades a revolucionar la forma de ense\u00f1ar, porque el mercado laboral requiere profesionales altamente capacitados que logren verdaderos cambios \u00a1significativos y revolucionarios! para sus entornos. <a href=\"https:\/\/ux.unifranz.edu.bo\/\"><strong>UNIFRANZ<\/strong><\/a> tiene el desaf\u00edo de <strong>TRANSFORMAR LA FORMA DE APRENDER;<\/strong> introduciendo las menciones de especializaci\u00f3n y la simulaci\u00f3n pr\u00e1ctica.<\/p>\n<p><a href=\"https:\/\/fb.watch\/aEijnes9tW\/\" target=\"_blank\" rel=\"noopener\"><em><img loading=\"lazy\" decoding=\"async\" class=\"alignnone size-medium wp-image-79271\" src=\"https:\/\/unifranz.edu.bo\/wp-content\/uploads\/2022\/01\/periodismo-testimonial-300x160.png\" alt=\"\" width=\"300\" height=\"160\" srcset=\"https:\/\/unifranz.edu.bo\/wp-content\/uploads\/2022\/01\/periodismo-testimonial-300x160.png 300w, https:\/\/unifranz.edu.bo\/wp-content\/uploads\/2022\/01\/periodismo-testimonial-1024x545.png 1024w, https:\/\/unifranz.edu.bo\/wp-content\/uploads\/2022\/01\/periodismo-testimonial-768x409.png 768w, https:\/\/unifranz.edu.bo\/wp-content\/uploads\/2022\/01\/periodismo-testimonial-18x10.png 18w, https:\/\/unifranz.edu.bo\/wp-content\/uploads\/2022\/01\/periodismo-testimonial.png 1127w\" sizes=\"auto, (max-width: 300px) 100vw, 300px\" \/><\/em><\/a><\/p>\n<p><a href=\"https:\/\/fb.watch\/aEijnes9tW\/\" target=\"_blank\" rel=\"noopener\"><em>Daniel Robles, estudiante de Periodismo UNIFRANZ La Paz<\/em><\/a><\/p>\n<p><img loading=\"lazy\" decoding=\"async\" class=\"wp-image-79272 alignright\" style=\"letter-spacing: 0.26px;\" src=\"https:\/\/unifranz.edu.bo\/wp-content\/uploads\/2022\/01\/Pedro-Rivero-240x300.png\" alt=\"\" width=\"227\" height=\"283\" srcset=\"https:\/\/unifranz.edu.bo\/wp-content\/uploads\/2022\/01\/Pedro-Rivero-240x300.png 240w, https:\/\/unifranz.edu.bo\/wp-content\/uploads\/2022\/01\/Pedro-Rivero-819x1024.png 819w, https:\/\/unifranz.edu.bo\/wp-content\/uploads\/2022\/01\/Pedro-Rivero-768x960.png 768w, https:\/\/unifranz.edu.bo\/wp-content\/uploads\/2022\/01\/Pedro-Rivero-10x12.png 10w, https:\/\/unifranz.edu.bo\/wp-content\/uploads\/2022\/01\/Pedro-Rivero.png 821w\" sizes=\"auto, (max-width: 227px) 100vw, 227px\" \/><\/p>\n<p>&nbsp;<\/p>\n<blockquote>\n<p style=\"text-align: left;\"><em>\u201cEstamos entregando todas las herramientas para que nuestros estudiantes tengan una formaci\u00f3n s\u00f3lida, consi<\/em><em>stente y de muy alto nivel para que enfrenten los nuevos desaf\u00edos del Periodismo\u201d, <\/em>dijo <a href=\"https:\/\/bit.ly\/PedroRiveroUNIFRANZ\" target=\"_blank\" rel=\"noopener\"><strong>Pedro \u201cChoco\u201d Rivero<\/strong><\/a>, Director de la carrera de Periodismo, quien lider\u00f3 el encuentro con los futuros estudiantes, en el foro denominado <a href=\"https:\/\/fb.watch\/aEhzFqxwPS\/\" target=\"_blank\" rel=\"noopener\"><strong>\u201cMenci<\/strong><\/a><a href=\"https:\/\/fb.watch\/aEhzFqxwPS\/\" target=\"_blank\" rel=\"noopener\"><strong>ones de Especializaci\u00f3n\u201d<\/strong>,<\/a> donde se desglos\u00f3 el contenido acad\u00e9mico de la dos especialidades: <strong>Menci\u00f3n en Periodismo Digital y Menci\u00f3n en<\/strong><\/p>\n<p style=\"text-align: left;\"><strong>\u00a0Periodismo Investigativo y\u00a0 de Datos, <\/strong>haciendo del encuentro una experiencia real, donde reconocidos periodistas de Bolivia compartieron m\u00e1s de 15 a\u00f1os de trayectoria.<\/p>\n<\/blockquote>\n<p><img loading=\"lazy\" decoding=\"async\" class=\"size-medium wp-image-79273 alignleft\" src=\"https:\/\/unifranz.edu.bo\/wp-content\/uploads\/2022\/01\/Arte-Menci\u00f3n-en-Periodismo-Investigativo-y-de-Datos-300x300.png\" alt=\"\" width=\"300\" height=\"300\" srcset=\"https:\/\/unifranz.edu.bo\/wp-content\/uploads\/2022\/01\/Arte-Menci\u00f3n-en-Periodismo-Investigativo-y-de-Datos-300x300.png 300w, https:\/\/unifranz.edu.bo\/wp-content\/uploads\/2022\/01\/Arte-Menci\u00f3n-en-Periodismo-Investigativo-y-de-Datos-768x769.png 768w, https:\/\/unifranz.edu.bo\/wp-content\/uploads\/2022\/01\/Arte-Menci\u00f3n-en-Periodismo-Investigativo-y-de-Datos-12x12.png 12w, https:\/\/unifranz.edu.bo\/wp-content\/uploads\/2022\/01\/Arte-Menci\u00f3n-en-Periodismo-Investigativo-y-de-Datos.png 804w\" sizes=\"auto, (max-width: 300px) 100vw, 300px\" \/><\/p>\n<p>&nbsp;<\/p>\n<p>&nbsp;<\/p>\n<p>&nbsp;<\/p>\n<p><strong>El Periodismo Investigativo y de Datos.<\/strong> Prepara a los estudiantes para que desarrollen y analicen el uso de datos como fuentes importantes de informaci\u00f3n, combinando las herramientas digitales que permiten hacer uso de tendencias sociales con m\u00e1s precisi\u00f3n e impacto.<\/p>\n<p>&nbsp;<\/p>\n<p><img loading=\"lazy\" decoding=\"async\" class=\"size-medium wp-image-79274 alignright\" style=\"letter-spacing: 0.26px;\" src=\"https:\/\/unifranz.edu.bo\/wp-content\/uploads\/2022\/01\/Arte-Menci\u00f3n-en-Periodismo-Digital-300x300.png\" alt=\"\" width=\"300\" height=\"300\" srcset=\"https:\/\/unifranz.edu.bo\/wp-content\/uploads\/2022\/01\/Arte-Menci\u00f3n-en-Periodismo-Digital-300x300.png 300w, https:\/\/unifranz.edu.bo\/wp-content\/uploads\/2022\/01\/Arte-Menci\u00f3n-en-Periodismo-Digital-768x769.png 768w, https:\/\/unifranz.edu.bo\/wp-content\/uploads\/2022\/01\/Arte-Menci\u00f3n-en-Periodismo-Digital-12x12.png 12w, https:\/\/unifranz.edu.bo\/wp-content\/uploads\/2022\/01\/Arte-Menci\u00f3n-en-Periodismo-Digital.png 804w\" sizes=\"auto, (max-width: 300px) 100vw, 300px\" \/><\/p>\n<p>&nbsp;<\/p>\n<p>&nbsp;<\/p>\n<p>&nbsp;<\/p>\n<p><strong>Periodismo Digital. <\/strong>Est\u00e1 \u00edntimamente vinculado a la tendencia de las sociedades contempor\u00e1neas migrando a las nuevas pantallas tecnol\u00f3gicas en su af\u00e1n de ejercer el derecho a estar informados, pero, al mismo tiempo, de producir informaci\u00f3n.<\/p>\n<p>&nbsp;<\/p>\n<p>&nbsp;<\/p>\n<p>&nbsp;<\/p>\n<p><strong>El Periodismo es importante como registro hist\u00f3rico, pero tambi\u00e9n como un estandarte de la verdad<\/strong>, porque es la expresi\u00f3n de la sociedad, el desarrollo del conocimiento y fundamentalmente representa la libertad de las personas. Porque la informaci\u00f3n te hace libre.<\/p>\n<blockquote>\n<h5 style=\"text-align: center;\">\u201c<em>La informaci\u00f3n seguir\u00e1 siendo la que mande en el Periodismo de ayer, de hoy y del futuro\u201d,<\/em> manifest\u00f3 Beatriz \u00c1valos, editora Digital del Grupo Multimedia El Deber<\/h5>\n<p>A tiempo de motivar a los nuevos postulantes de la carrera de Periodismo en UNIFRANZ, misma que desarroll\u00f3 una cronolog\u00eda de la evoluci\u00f3n del periodismo en Bolivia, reconocidos periodistas del medio compartieron sus experiencias e impulsaron a las nuevas generaciones a seguir especializ\u00e1ndose en el \u00e1rea del Periodismo.<\/p>\n<figure id=\"attachment_79278\" aria-describedby=\"caption-attachment-79278\" style=\"width: 300px\" class=\"wp-caption alignnone\"><img loading=\"lazy\" decoding=\"async\" class=\"wp-image-79278 size-medium\" src=\"https:\/\/unifranz.edu.bo\/wp-content\/uploads\/2022\/01\/panel-periodismo-digital-captura-300x200.png\" alt=\"\" width=\"300\" height=\"200\" srcset=\"https:\/\/unifranz.edu.bo\/wp-content\/uploads\/2022\/01\/panel-periodismo-digital-captura-300x200.png 300w, https:\/\/unifranz.edu.bo\/wp-content\/uploads\/2022\/01\/panel-periodismo-digital-captura-768x513.png 768w, https:\/\/unifranz.edu.bo\/wp-content\/uploads\/2022\/01\/panel-periodismo-digital-captura-18x12.png 18w, https:\/\/unifranz.edu.bo\/wp-content\/uploads\/2022\/01\/panel-periodismo-digital-captura.png 937w\" sizes=\"auto, (max-width: 300px) 100vw, 300px\" \/><figcaption id=\"caption-attachment-79278\" class=\"wp-caption-text\">Foto: Panel de Periodismo Digital<\/figcaption><\/figure><\/blockquote>\n<p>La formaci\u00f3n profesional en periodismo, a nivel pregrado, forma parte de la oferta acad\u00e9mica en UNIFRANZ en sus campus de La Paz y Santa Cruz, la importancia de su estudio y las caracter\u00edsticas de ense\u00f1anza-aprendizaje, van de acuerdo a su utilidad en el desenvolvimiento profesional y los cambios introducidos en el mundo laboral, principalmente por la aparici\u00f3n de la nuevas Tecnolog\u00eda de la informaci\u00f3n y la Comunicaci\u00f3n (TIC\u2019s). Tuff\u00ed Ar\u00e9, periodista y presentador del programa de radio-digital Asuntos Centrales, manifest\u00f3 que, en el futuro inmediato, los creadores de contenidos van a necesitar periodistas y los periodistas vamos a tener que ser creadores de contenidos. (Ver video)<\/p>\n<figure id=\"attachment_79277\" aria-describedby=\"caption-attachment-79277\" style=\"width: 300px\" class=\"wp-caption alignnone\"><img loading=\"lazy\" decoding=\"async\" class=\"wp-image-79277 size-medium\" src=\"https:\/\/unifranz.edu.bo\/wp-content\/uploads\/2022\/01\/Tuff\u00ed-Ar\u00e9-captura-300x169.png\" alt=\"\" width=\"300\" height=\"169\" srcset=\"https:\/\/unifranz.edu.bo\/wp-content\/uploads\/2022\/01\/Tuff\u00ed-Ar\u00e9-captura-300x169.png 300w, https:\/\/unifranz.edu.bo\/wp-content\/uploads\/2022\/01\/Tuff\u00ed-Ar\u00e9-captura-1024x577.png 1024w, https:\/\/unifranz.edu.bo\/wp-content\/uploads\/2022\/01\/Tuff\u00ed-Ar\u00e9-captura-768x433.png 768w, https:\/\/unifranz.edu.bo\/wp-content\/uploads\/2022\/01\/Tuff\u00ed-Ar\u00e9-captura-18x10.png 18w, https:\/\/unifranz.edu.bo\/wp-content\/uploads\/2022\/01\/Tuff\u00ed-Ar\u00e9-captura.png 1064w\" sizes=\"auto, (max-width: 300px) 100vw, 300px\" \/><figcaption id=\"caption-attachment-79277\" class=\"wp-caption-text\">Tuff\u00ed Ar\u00e9 en UNIFRANZ<\/figcaption><\/figure>\n<p>Finalmente, una de los conceptos que se manej\u00f3 en el foro de las \u201cMenciones de Especializaci\u00f3n\u201d, para enfrentar la crisis en el pa\u00eds fue el de Roberto Navia, Ganador del Premio Rey de Espa\u00f1a de Periodismo <em>\u201cSi me piden una receta para salir de la crisis, econ\u00f3mica, por ejemplo, mi respuesta es Periodismo de investigaci\u00f3n\u201d. <\/em>Porque el periodista de investigaci\u00f3n es el que analiza en profundidad un tema con el fin de poner en evidencia hechos que suceden en una sociedad.<\/p>\n<p>Un periodista de investigaci\u00f3n puede dedicarse meses o a\u00f1os a un solo tema, porque toma la iniciativa para exponer un asunto de manera p\u00fablica, que de otro modo permanecer\u00edan ocultos en forma deliberada o accidental.<\/p>\n<figure id=\"attachment_79275\" aria-describedby=\"caption-attachment-79275\" style=\"width: 300px\" class=\"wp-caption alignnone\"><img loading=\"lazy\" decoding=\"async\" class=\"wp-image-79275 size-medium\" src=\"https:\/\/unifranz.edu.bo\/wp-content\/uploads\/2022\/01\/panel-periodismo-investigativo-captura-300x170.png\" alt=\"\" width=\"300\" height=\"170\" srcset=\"https:\/\/unifranz.edu.bo\/wp-content\/uploads\/2022\/01\/panel-periodismo-investigativo-captura-300x170.png 300w, https:\/\/unifranz.edu.bo\/wp-content\/uploads\/2022\/01\/panel-periodismo-investigativo-captura-1024x579.png 1024w, https:\/\/unifranz.edu.bo\/wp-content\/uploads\/2022\/01\/panel-periodismo-investigativo-captura-768x434.png 768w, https:\/\/unifranz.edu.bo\/wp-content\/uploads\/2022\/01\/panel-periodismo-investigativo-captura-18x10.png 18w, https:\/\/unifranz.edu.bo\/wp-content\/uploads\/2022\/01\/panel-periodismo-investigativo-captura.png 1112w\" sizes=\"auto, (max-width: 300px) 100vw, 300px\" \/><figcaption id=\"caption-attachment-79275\" class=\"wp-caption-text\">Foto: Panel de Periodismo Investigativo y de Datos<\/figcaption><\/figure>\n<p>&nbsp;<\/p>\n<p>&nbsp;<\/p>","protected":false},"excerpt":{"rendered":"<p>Santa Cruz, 24 de enero de 2022. \u00a0La llegada de la pandemia puso de manifiesto la desconexi\u00f3n entre la academia y el mundo profesional, esta realidad oblig\u00f3 a las universidades a revolucionar la forma de ense\u00f1ar, porque el mercado laboral requiere profesionales altamente capacitados que logren verdaderos cambios \u00a1significativos y revolucionarios! para sus entornos. UNIFRANZ &hellip; <a href=\"https:\/\/unifranz.edu.bo\/pt\/blog\/unifranz-especializate-en-periodismo-digital-y-periodismo-investigativo-y-de-datos\/\">Continued<\/a><\/p>","protected":false},"author":45,"featured_media":79319,"comment_status":"open","ping_status":"open","sticky":false,"template":"","format":"standard","meta":{"_acf_changed":false,"footnotes":""},"categories":[60,1840,1862,1874,274],"tags":[278,43,242],"class_list":["post-79270","post","type-post","status-publish","format-standard","has-post-thumbnail","hentry","category-blog","category-blx","category-educacion","category-menciones-de-especializacion","category-santa-cruz","tag-periodismo","tag-santa-cruz","tag-unifranz"],"acf":[],"_links":{"self":[{"href":"https:\/\/unifranz.edu.bo\/pt\/wp-json\/wp\/v2\/posts\/79270","targetHints":{"allow":["GET"]}}],"collection":[{"href":"https:\/\/unifranz.edu.bo\/pt\/wp-json\/wp\/v2\/posts"}],"about":[{"href":"https:\/\/unifranz.edu.bo\/pt\/wp-json\/wp\/v2\/types\/post"}],"author":[{"embeddable":true,"href":"https:\/\/unifranz.edu.bo\/pt\/wp-json\/wp\/v2\/users\/45"}],"replies":[{"embeddable":true,"href":"https:\/\/unifranz.edu.bo\/pt\/wp-json\/wp\/v2\/comments?post=79270"}],"version-history":[{"count":1,"href":"https:\/\/unifranz.edu.bo\/pt\/wp-json\/wp\/v2\/posts\/79270\/revisions"}],"predecessor-version":[{"id":79318,"href":"https:\/\/unifranz.edu.bo\/pt\/wp-json\/wp\/v2\/posts\/79270\/revisions\/79318"}],"wp:featuredmedia":[{"embeddable":true,"href":"https:\/\/unifranz.edu.bo\/pt\/wp-json\/wp\/v2\/media\/79319"}],"wp:attachment":[{"href":"https:\/\/unifranz.edu.bo\/pt\/wp-json\/wp\/v2\/media?parent=79270"}],"wp:term":[{"taxonomy":"category","embeddable":true,"href":"https:\/\/unifranz.edu.bo\/pt\/wp-json\/wp\/v2\/categories?post=79270"},{"taxonomy":"post_tag","embeddable":true,"href":"https:\/\/unifranz.edu.bo\/pt\/wp-json\/wp\/v2\/tags?post=79270"}],"curies":[{"name":"wp","href":"https:\/\/api.w.org\/{rel}","templated":true}]}}