{"id":79257,"date":"2022-01-24T17:28:15","date_gmt":"2022-01-24T21:28:15","guid":{"rendered":"https:\/\/unifranz.edu.bo\/?p=79257"},"modified":"2022-01-24T17:28:15","modified_gmt":"2022-01-24T21:28:15","slug":"unifranz-reimagina-la-educacion-y-transforma-la-forma-de-aprender","status":"publish","type":"post","link":"https:\/\/unifranz.edu.bo\/pt\/blog\/unifranz-reimagina-la-educacion-y-transforma-la-forma-de-aprender\/","title":{"rendered":"UNIFRANZ, reimagina la educaci\u00f3n y transforma la forma de aprender"},"content":{"rendered":"<p>Para afrontar la crisis y alcanzar un verdadero cambio en la educaci\u00f3n, hay que repensarla \u00a1reimaginarla! y colocar al estudiante como l\u00edder de transformaciones, solucionador de problemas y generador de nuevas ideas.<\/p>\n<p>&nbsp;<\/p>\n<p><strong>Santa Cruz, 23 de enero de 2022.<\/strong> Hace tiempo que la educaci\u00f3n est\u00e1 en crisis y en la b\u00fasqueda de agentes de cambios que apunten a la formaci\u00f3n integral, que usen todas sus capacidades y energ\u00edas en generar un impacto positivo en el mundo. Para alcanzar este cambio se necesita una metodolog\u00eda que acompa\u00f1e y gu\u00ede el proceso. Xavier Aragay, fundador de Reimagine Education Lab-Barcelona, desde el 2019 viene acompa\u00f1ando el proceso de transformaci\u00f3n educativa en UNIFRANZ. \u00a0<a href=\"https:\/\/redinnovacioneducativa.com\/\" target=\"_blank\" rel=\"noopener\">https:\/\/redinnovacioneducativa.com\/<\/a><\/p>\n<p>&nbsp;<\/p>\n<p><em>\u201cLa educaci\u00f3n ya estaba en crisis antes de la pandemia, por el modelo tradicional que a\u00fan se mantienen no s\u00f3lo en Bolivia, sino tambi\u00e9n, en otros pa\u00edses de la regi\u00f3n. La crisis de Covid-19 fue un impulso y una llamada de atenci\u00f3n para acelerar el proceso de transformaci\u00f3n y cambio educativo, porque todos hemos tenido conciencia de que el mundo ha cambiado y que la educaci\u00f3n deber cambiar\u201d, Xavier Aragay.<\/em><\/p>\n<p>&nbsp;<\/p>\n<p>UNIFRANZ y Reimagine Education (Barcelona) vienen trabajando en la transformaci\u00f3n de la educaci\u00f3n en Bolivia, a trav\u00e9s de talleres colaborativos donde se abordan temas como la \u2018Innovaci\u00f3n en Educaci\u00f3n y el \u2018Futuro de la Educaci\u00f3n\u2019. UNIFRANZ encontr\u00f3 un aliado estrat\u00e9gico en Aragay, y apost\u00f3 por la transformaci\u00f3n de la educaci\u00f3n e integr\u00f3 a todos los actores, los estudiantes, padres de familia y empresarios; hasta el momento forman parte del trabajo de tres etapas clave: el redise\u00f1o curricular basado en un modelo de educaci\u00f3n por competencias, la implementaci\u00f3n de la modalidad y el reimaginar la educaci\u00f3n BLX (Blended Learning Experience).<\/p>\n<p>&nbsp;<\/p>\n<p>A partir del segundo aspecto es donde se generan m\u00e1s objetivos, tomando en cuenta que el BLX promueve la combinaci\u00f3n de lo mejor de lo presencial y virtual para el proceso de aprendizaje. En UNIFRANZ se optimiza el aprendizaje trabajando de forma personalizada en modernos laboratorios donde se realizan pr\u00e1cticas con equipos de \u00faltima tecnolog\u00eda seg\u00fan el \u00e1rea de formaci\u00f3n.<\/p>\n<p>&nbsp;<\/p>\n<p><em>\u201cHay que tomar en serio la transformaci\u00f3n de la educaci\u00f3n y trabajar con personas que sepan del tema\u201d,<\/em> dijo Ver\u00f3nica \u00c1greda de Pazos, Rectora nacional UNIFRANZ, a tiempo de resaltar el trabajo de Reimagine Education en Latinoam\u00e9rica y el Sur de Europa. <em>\u201cEntonces empiezas introduciendo estas pr\u00e1cticas en la universidad y empoderas no s\u00f3lo a los profesores, sino tambi\u00e9n a todos los gestores\u201d, <\/em>agreg\u00f3.<\/p>\n<p>&nbsp;<\/p>\n<p>Aragay, con m\u00e1s de 25 a\u00f1os de experiencia en liderazgo y gesti\u00f3n de cambio educativo, ha transformado instituciones como la Fundaci\u00f3 Jesu\u00eftes Educaci\u00f3, la Universitat Oberta de Catalunya, el Vall Hebron Institute of Oncology y la Universitat Polit\u00e9cnica de Catalunya, e implement\u00f3 la metodolog\u00eda RIEDUSIS ideada por remagine.education un sistema l\u00f3gico, ordenado e integral.<\/p>\n<p>&nbsp;<\/p>\n<p>Esta consultora propone soluciones para avanzar hacia un resultado \u00fanico y genuino en las instituciones educativas. No hay un modelo a seguir, sino, cada instituci\u00f3n debe desarrollar su propia soluci\u00f3n, adaptadarla a su contexto, su historia y sus valores.<\/p>\n<p>&nbsp;<\/p>\n<p>Adem\u00e1s, el estudiante es protagonista de su formaci\u00f3n, organiza sus tiempos para tener una experiencia c\u00f3moda y optimizada a la hora de estudiar. Respecto al \u00faltimo punto, se incluye una tercera dimensi\u00f3n al aprendizaje, que plantea lograr un modelo de persona transformadora de su entorno.<\/p>\n<div style=\"width: 1280px;\" class=\"wp-video\"><video class=\"wp-video-shortcode\" id=\"video-79257-1\" width=\"1280\" height=\"720\" preload=\"metadata\" controls=\"controls\"><source type=\"video\/mp4\" src=\"https:\/\/unifranz.edu.bo\/wp-content\/uploads\/2022\/01\/Video-estudiante-\u00c1ngel-Rapu.mp4?_=1\" \/><a href=\"https:\/\/unifranz.edu.bo\/wp-content\/uploads\/2022\/01\/Video-estudiante-\u00c1ngel-Rapu.mp4\">https:\/\/unifranz.edu.bo\/wp-content\/uploads\/2022\/01\/Video-estudiante-\u00c1ngel-Rapu.mp4<\/a><\/video><\/div>\n<p style=\"text-align: center;\"><a href=\"https:\/\/fb.watch\/aEBjCkKMJ2\/\" target=\"_blank\" rel=\"noopener\"><em>Angel Rapu, profesional en Dise\u00f1o Gr\u00e1fico<\/em><\/a><\/p>\n<p>El nuevo perfil profesional que UNIFRANZ desarrolla en sus estudiantes, se centra en llevar la pr\u00e1ctica a las aulas, deslind\u00e1ndose del antiguo modelo educativo conductista, reforzando competencias y enfoc\u00e1ndose cada vez en la simulaci\u00f3n de situaciones reales en ambientes reales.<\/p>\n<p><img loading=\"lazy\" decoding=\"async\" class=\"alignnone size-medium wp-image-79264\" src=\"https:\/\/unifranz.edu.bo\/wp-content\/uploads\/2022\/01\/TEAS-1-300x300.png\" alt=\"\" width=\"300\" height=\"300\" srcset=\"https:\/\/unifranz.edu.bo\/wp-content\/uploads\/2022\/01\/TEAS-1-300x300.png 300w, https:\/\/unifranz.edu.bo\/wp-content\/uploads\/2022\/01\/TEAS-1-768x769.png 768w, https:\/\/unifranz.edu.bo\/wp-content\/uploads\/2022\/01\/TEAS-1-12x12.png 12w, https:\/\/unifranz.edu.bo\/wp-content\/uploads\/2022\/01\/TEAS-1.png 804w\" sizes=\"auto, (max-width: 300px) 100vw, 300px\" \/><\/p>\n<p><img loading=\"lazy\" decoding=\"async\" class=\"alignnone size-medium wp-image-79265\" src=\"https:\/\/unifranz.edu.bo\/wp-content\/uploads\/2022\/01\/TEAS-2-300x300.png\" alt=\"\" width=\"300\" height=\"300\" srcset=\"https:\/\/unifranz.edu.bo\/wp-content\/uploads\/2022\/01\/TEAS-2-300x300.png 300w, https:\/\/unifranz.edu.bo\/wp-content\/uploads\/2022\/01\/TEAS-2-768x769.png 768w, https:\/\/unifranz.edu.bo\/wp-content\/uploads\/2022\/01\/TEAS-2-12x12.png 12w, https:\/\/unifranz.edu.bo\/wp-content\/uploads\/2022\/01\/TEAS-2.png 804w\" sizes=\"auto, (max-width: 300px) 100vw, 300px\" \/><\/p>\n<p>&nbsp;<\/p>\n<p><img loading=\"lazy\" decoding=\"async\" class=\"alignnone size-medium wp-image-79266\" src=\"https:\/\/unifranz.edu.bo\/wp-content\/uploads\/2022\/01\/TEAS-3-300x300.png\" alt=\"\" width=\"300\" height=\"300\" srcset=\"https:\/\/unifranz.edu.bo\/wp-content\/uploads\/2022\/01\/TEAS-3-300x300.png 300w, https:\/\/unifranz.edu.bo\/wp-content\/uploads\/2022\/01\/TEAS-3-768x769.png 768w, https:\/\/unifranz.edu.bo\/wp-content\/uploads\/2022\/01\/TEAS-3-12x12.png 12w, https:\/\/unifranz.edu.bo\/wp-content\/uploads\/2022\/01\/TEAS-3.png 804w\" sizes=\"auto, (max-width: 300px) 100vw, 300px\" \/><\/p>\n<p>Finalmente, UNIFRANZ cada vez innova, crea y transforma su manera de educar. Apuesta a los grandes y significativos cambios, da valor a sus estudiantes y trabaja de manera conjunta con los padres de familias y sus aliados estrat\u00e9gico. Esta debe ser una oportunidad para que desde padres de familia exijan un cambio en la educaci\u00f3n, y que sean las autoridades quienes tengan este desaf\u00edo, tienen que ser un desaf\u00edo para replantearla porque si volvemos a las aulas con la educaci\u00f3n.<\/p>\n<p>Quieres saber m\u00e1s sobre UNIFRANZ, puedes ingresar a https:\/\/ux.unifranz.edu.bo\/<\/p>\n<p>&nbsp;<\/p>\n<p>&nbsp;<\/p>","protected":false},"excerpt":{"rendered":"<p>Para afrontar la crisis y alcanzar un verdadero cambio en la educaci\u00f3n, hay que repensarla \u00a1reimaginarla! y colocar al estudiante como l\u00edder de transformaciones, solucionador de problemas y generador de nuevas ideas. &nbsp; Santa Cruz, 23 de enero de 2022. Hace tiempo que la educaci\u00f3n est\u00e1 en crisis y en la b\u00fasqueda de agentes de &hellip; <a href=\"https:\/\/unifranz.edu.bo\/pt\/blog\/unifranz-reimagina-la-educacion-y-transforma-la-forma-de-aprender\/\">Continued<\/a><\/p>","protected":false},"author":45,"featured_media":79267,"comment_status":"open","ping_status":"open","sticky":false,"template":"","format":"standard","meta":{"_acf_changed":false,"footnotes":""},"categories":[60,1710,1714,1874,274,1686,1782],"tags":[414,1042,43,408,242],"class_list":["post-79257","post","type-post","status-publish","format-standard","has-post-thumbnail","hentry","category-blog","category-expertos","category-fablab","category-menciones-de-especializacion","category-santa-cruz","category-tecnologia","category-unifranz","tag-diseno-grafico","tag-diseno-grafico-y-produccion-crossmedia","tag-santa-cruz","tag-tecnologias","tag-unifranz"],"acf":[],"_links":{"self":[{"href":"https:\/\/unifranz.edu.bo\/pt\/wp-json\/wp\/v2\/posts\/79257","targetHints":{"allow":["GET"]}}],"collection":[{"href":"https:\/\/unifranz.edu.bo\/pt\/wp-json\/wp\/v2\/posts"}],"about":[{"href":"https:\/\/unifranz.edu.bo\/pt\/wp-json\/wp\/v2\/types\/post"}],"author":[{"embeddable":true,"href":"https:\/\/unifranz.edu.bo\/pt\/wp-json\/wp\/v2\/users\/45"}],"replies":[{"embeddable":true,"href":"https:\/\/unifranz.edu.bo\/pt\/wp-json\/wp\/v2\/comments?post=79257"}],"version-history":[{"count":1,"href":"https:\/\/unifranz.edu.bo\/pt\/wp-json\/wp\/v2\/posts\/79257\/revisions"}],"predecessor-version":[{"id":79268,"href":"https:\/\/unifranz.edu.bo\/pt\/wp-json\/wp\/v2\/posts\/79257\/revisions\/79268"}],"wp:featuredmedia":[{"embeddable":true,"href":"https:\/\/unifranz.edu.bo\/pt\/wp-json\/wp\/v2\/media\/79267"}],"wp:attachment":[{"href":"https:\/\/unifranz.edu.bo\/pt\/wp-json\/wp\/v2\/media?parent=79257"}],"wp:term":[{"taxonomy":"category","embeddable":true,"href":"https:\/\/unifranz.edu.bo\/pt\/wp-json\/wp\/v2\/categories?post=79257"},{"taxonomy":"post_tag","embeddable":true,"href":"https:\/\/unifranz.edu.bo\/pt\/wp-json\/wp\/v2\/tags?post=79257"}],"curies":[{"name":"wp","href":"https:\/\/api.w.org\/{rel}","templated":true}]}}