{"id":78544,"date":"2022-01-17T09:38:58","date_gmt":"2022-01-17T13:38:58","guid":{"rendered":"https:\/\/unifranz.edu.bo\/?p=78544"},"modified":"2022-01-17T09:38:58","modified_gmt":"2022-01-17T13:38:58","slug":"los-retos-del-periodismo-en-debate-en-un-foro-que-reune-a-los-comunicadores-y-estudiantes-en-la-unifranz","status":"publish","type":"post","link":"https:\/\/unifranz.edu.bo\/pt\/carreras\/los-retos-del-periodismo-en-debate-en-un-foro-que-reune-a-los-comunicadores-y-estudiantes-en-la-unifranz\/","title":{"rendered":"Los retos del periodismo en debate, en un foro que re\u00fane a los comunicadores y estudiantes en la Unifranz"},"content":{"rendered":"<h2><\/h2>\n<h2><\/h2>\n<h2>El II Foro &#8216;Periodismo Innovador e Investigativo&#8217; reunir\u00e1 a diversos profesionales de la informaci\u00f3n ser\u00e1 la antesala al inicio de la carrera de Periodismo.<\/h2>\n<p>&nbsp;<\/p>\n<p>La Universidad Franz Tamayo (Unifranz) alista su\u00a0<b>segundo foro sobre periodismo\u00a0<\/b>como parte de las actividades de promoci\u00f3n y lanzamiento de la carrera que ofrecer\u00e1 en sus aulas desde el 14 de febrero. Profesionales consagrados y premiados a nivel nacional e internacional\u00a0<b>debatir\u00e1n sobre los retos del periodismo\u00a0<\/b>en el escenario moderno\u00a0<b>y la importancia de innovar para mantenerse vigente.<\/b><\/p>\n<p>El foro se enmarca en las acciones de promoci\u00f3n a la primera carrera de Periodismo, a nivel de licenciatura, que se ofrecer\u00e1 en la capital cruce\u00f1a.<\/p>\n<p>El debate<b>\u00a0se centrar\u00e1 en las dos especialidades que brindar\u00e1 la Unifranz a los estudiantes.<\/b>\u00a0Por un lado, el<b>\u00a0&#8216;Periodismo digital&#8217;\u00a0<\/b>se muestra como una realidad en las redacciones informativas de medios de comunicaci\u00f3n para adecuarse a la forma de exhibir las noticias para\u00a0 las audiencias. Por otra parte, las reflexiones indagar\u00e1n en las potencialidades del<b>\u00a0&#8216;Periodismo de investigaci\u00f3n&#8217;,\u00a0<\/b>a trav\u00e9s del acceso a la data.<\/p>\n<p>La cita est\u00e1 prevista para el\u00a0<b>martes 18 de enero, a partir de las 10:00 horas.<\/b>\u00a0Las normas de bioseguridad que rigen obligan a un\u00a0<b>aforo reducido.<\/b>\u00a0Sin embargo, la Unifranz\u00a0<b>transmitir\u00e1 los conversatorios desde sus plataformas virtuales,\u00a0<\/b>para que los interesados se puedan sumar a la actividad.<\/p>\n<div class=\"ad ad-medium\">\n<div id=\"div-gpt-ad-1567518784578-0-263790\" data-google-query-id=\"CPyvvdDtuPUCFRsAuQYdm6oP8w\">\n<div id=\"google_ads_iframe_\/78777691\/EDHS_0__container__\"><\/div>\n<\/div>\n<\/div>\n<p>El primer conversatorio enfocar\u00e1 las exposiciones en torno a\u00a0un mundo de innovaciones que ya se manifiesta presente.<b>\u00a0Dos periodistas de importante trayectoria\u00a0<\/b>como\u00a0<b>Beatriz \u00c1valos<\/b>\u00a0(Editora digital del Grupo Multimedia EL DEBER)\u00a0<b>y Tuff\u00ed Ar\u00e9<\/b>\u00a0(Director de Asuntos Centrales) ser\u00e1n los responsables de\u00a0<b>aclarar el camino sobre el que avanza<\/b>\u00a0el periodismo digital. La mesa estar\u00e1 moderada por Juan Manuel Ijurko, periodista multimedia de EL DEBER.<\/p>\n<p>A partir de las 11:00 ser\u00e1 el turno para el &#8216;<b>Periodismo de investigaci\u00f3n y de datos&#8217;<\/b>, un coloquio sobre la verdad que se genera a partir de las lecturas de los datos. La participaci\u00f3n en el panel\u00a0<b>estar\u00e1 moderada por M\u00f3nica Salvatierra,<\/b>\u00a0jefa de Redacci\u00f3n de EL DEBER\u00a0<b>y la participaci\u00f3n de Nelfi Fern\u00e1ndez,<\/b>\u00a0periodista de EL DEBER,<b>\u00a0y Roberto Navia<\/b>, cronista, investigador y premio Rey de Espa\u00f1a de Periodismo.<\/p>\n<p>A principios de diciembre de 2021, junto a la presentaci\u00f3n de Pedro Rivero Jord\u00e1n como director de la carrera, se realiz\u00f3 el primer foro que discuti\u00f3 el rol de los informadores en la sociedad actual.\u00a0<img decoding=\"async\" src=\"https:\/\/static.eldeber.com.bo\/\/Files\/Sizes\/2022\/1\/16\/unifranz_1330012520_760x520.PNG\" \/><\/p>\n<div class=\"ad ad-medium\">\n<div id=\"div-gpt-ad-1567518811449-0-263790\" data-google-query-id=\"CJOWvtDtuPUCFaEFuQYd6fgPjQ\">\n<div id=\"google_ads_iframe_\/78777691\/EDHSA_0__container__\"><\/div>\n<\/div>\n<\/div>\n<p>La carrera de periodismo\u00a0est\u00e1 enfocada en j\u00f3venes creativos con ganas de innovar y transformar la sociedad a trav\u00e9s del relato de historias.<\/p>\n<p>Durante la presentaci\u00f3n de la carrera,<b>\u00a0<\/b><b>Carlos Dabdoub, vicerrector de la Unifranz,<\/b>\u00a0se\u00f1al\u00f3 que \u201ccon esta nueva carrera, esperamos<b>\u00a0iniciar un nuevo ciclo<\/b>\u00a0en el periodismo nacional, pues nuestro prop\u00f3sito es<b>\u00a0formar profesionales de talla mundial<\/b>, con menciones en periodismo digital y de investigaci\u00f3n, dos \u00e1reas muy importantes en el presente. Ello permitir\u00e1 que los\u00a0nuevos periodistas<b>\u00a0usen la \u00e9tica profesional<\/b><b>\u00a0<\/b><b>y rescaten la verdad en medio de un pa\u00eds polarizado\u201d.<\/b><\/p>\n<div class=\"ad ad-medium\">\n<div id=\"div-gpt-ad-1567518840305-0-263790\" data-google-query-id=\"CIS9wdDtuPUCFQUN1Aodau4NgA\">\n<div id=\"google_ads_iframe_\/78777691\/EDHSB_0__container__\"><\/div>\n<\/div>\n<\/div>\n<p>La\u00a0Unifranz acumula 28 a\u00f1os de trayectoria educativa en el pa\u00eds con una propuesta acad\u00e9mica que aspira a innovar no solo los procesos de ense\u00f1anza y aprendizaje, sin tambi\u00e9n en sostener el compromiso de los estudiantes con la realidad que les rodea.<\/p>\n<p>&nbsp;<\/p>\n<p><strong>Fuente:<\/strong> <a href=\"https:\/\/eldeber.com.bo\/santa-cruz\/los-retos-del-periodismo-en-debate-en-un-foro-que-reune-a-los-comunicadores-y-estudiantes-en-la-unif_263790\" target=\"_blank\" rel=\"noopener\">EL DEBER\u00a0<\/a><\/p>","protected":false},"excerpt":{"rendered":"<p>El II Foro &#8216;Periodismo Innovador e Investigativo&#8217; reunir\u00e1 a diversos profesionales de la informaci\u00f3n ser\u00e1 la antesala al inicio de la carrera de Periodismo. &nbsp; La Universidad Franz Tamayo (Unifranz) alista su\u00a0segundo foro sobre periodismo\u00a0como parte de las actividades de promoci\u00f3n y lanzamiento de la carrera que ofrecer\u00e1 en sus aulas desde el 14 de &hellip; <a href=\"https:\/\/unifranz.edu.bo\/pt\/carreras\/los-retos-del-periodismo-en-debate-en-un-foro-que-reune-a-los-comunicadores-y-estudiantes-en-la-unifranz\/\">Continued<\/a><\/p>","protected":false},"author":45,"featured_media":78545,"comment_status":"open","ping_status":"open","sticky":false,"template":"","format":"standard","meta":{"_acf_changed":false,"footnotes":""},"categories":[60,1840,35,1862,1004,1708,274,1782],"tags":[1422,278,1876,43,242],"class_list":["post-78544","post","type-post","status-publish","format-standard","has-post-thumbnail","hentry","category-blog","category-blx","category-carreras","category-educacion","category-estudiantes","category-innovacion","category-santa-cruz","category-unifranz","tag-innovacion-en-educacion","tag-periodismo","tag-periodismo-santa-cruz","tag-santa-cruz","tag-unifranz"],"acf":[],"_links":{"self":[{"href":"https:\/\/unifranz.edu.bo\/pt\/wp-json\/wp\/v2\/posts\/78544","targetHints":{"allow":["GET"]}}],"collection":[{"href":"https:\/\/unifranz.edu.bo\/pt\/wp-json\/wp\/v2\/posts"}],"about":[{"href":"https:\/\/unifranz.edu.bo\/pt\/wp-json\/wp\/v2\/types\/post"}],"author":[{"embeddable":true,"href":"https:\/\/unifranz.edu.bo\/pt\/wp-json\/wp\/v2\/users\/45"}],"replies":[{"embeddable":true,"href":"https:\/\/unifranz.edu.bo\/pt\/wp-json\/wp\/v2\/comments?post=78544"}],"version-history":[{"count":1,"href":"https:\/\/unifranz.edu.bo\/pt\/wp-json\/wp\/v2\/posts\/78544\/revisions"}],"predecessor-version":[{"id":78546,"href":"https:\/\/unifranz.edu.bo\/pt\/wp-json\/wp\/v2\/posts\/78544\/revisions\/78546"}],"wp:featuredmedia":[{"embeddable":true,"href":"https:\/\/unifranz.edu.bo\/pt\/wp-json\/wp\/v2\/media\/78545"}],"wp:attachment":[{"href":"https:\/\/unifranz.edu.bo\/pt\/wp-json\/wp\/v2\/media?parent=78544"}],"wp:term":[{"taxonomy":"category","embeddable":true,"href":"https:\/\/unifranz.edu.bo\/pt\/wp-json\/wp\/v2\/categories?post=78544"},{"taxonomy":"post_tag","embeddable":true,"href":"https:\/\/unifranz.edu.bo\/pt\/wp-json\/wp\/v2\/tags?post=78544"}],"curies":[{"name":"wp","href":"https:\/\/api.w.org\/{rel}","templated":true}]}}