{"id":78244,"date":"2022-01-11T02:31:57","date_gmt":"2022-01-11T06:31:57","guid":{"rendered":"https:\/\/unifranz.edu.bo\/?p=78244"},"modified":"2022-01-11T02:31:57","modified_gmt":"2022-01-11T06:31:57","slug":"unifranz-unica-universidad-con-menciones-de-especializacion-profesional","status":"publish","type":"post","link":"https:\/\/unifranz.edu.bo\/pt\/blog\/unifranz-unica-universidad-con-menciones-de-especializacion-profesional\/","title":{"rendered":"UNIFRANZ, \u00fanica universidad con menciones de especializaci\u00f3n profesional"},"content":{"rendered":"<p><em>El mundo se est\u00e1 transformando y la educaci\u00f3n tambi\u00e9n. En UNIFRANZ adem\u00e1s de obtener el t\u00edtulo profesional, los estudiantes pueden especializarse en un \u00e1rea de conocimiento de su carrera y graduarse con una menci\u00f3n universitaria<\/em><\/p>\n<p><strong>Santa Cruz, 11 de enero de 2022.<\/strong> La pandemia del COVID-19 nos han dejado aprendizajes importantes y lecciones que deben perdurar en el tiempo. <strong>Universidad Privada Franz Tamayo \u2013 UNIFRANZ<\/strong> afront\u00f3 los nuevos desaf\u00edos -de la educaci\u00f3n en Bolivia- e implement\u00f3 un innovador Modelo Educativo <strong>\u201cBlended Learning Experience &#8211; BLX\u201d <\/strong>pensando en preparar adecuadamente a sus estudiantes para un mundo en constante transformaci\u00f3n, mediante el desarrollo de sus talentos y habilidades profesionales.<\/p>\n<p>Dentro de la modalidad BLX se combina lo mejor del aprendizaje presencial y virtual, gracias a ella los estudiantes podr\u00e1n \u2018aprender haciendo\u2019 porque vivenciar\u00e1n sus experiencias de aprendizaje mediante la pr\u00e1ctica, podr\u00e1n participar de encuentros virtuales y acceder en todo momento a los materiales de clases en un aula virtual alojada en nuestra plataforma <strong>(Learning Management System &#8211; LMS).<\/strong><\/p>\n<p>En UNIFRANZ velan por la formaci\u00f3n integral de sus estudiantes, aprovechando la presencialidad para poner en pr\u00e1ctica sus aprendizajes. Pero en este tiempo, <em>\u201caprendimos tambi\u00e9n que los avances tecnol\u00f3gicos nos traen nuevos retos y abren las puertas a nuevas formas de trabajo que pueden ser m\u00e1s flexibles como el teletrabajo\u201d, <\/em>Carlos Dabdoub, Vicerrector UNIFRANZ Santa Cruz.<\/p>\n<p>En la vida universitaria puedes experimentar, adaptarte a esos cambios y aprovechar la combinaci\u00f3n de diferentes modalidades de aprendizaje \u2014presencial, h\u00edbrida y virtual\u2014 BLX que adem\u00e1s contribuyen a tu desarrollo integral y que te preparan para el entorno laboral del futuro. <strong>Conoce m\u00e1s sobre UNIFRAZ en <\/strong><a href=\"http:\/\/unifranz.edu.bo\/\">http:\/\/unifranz.edu.bo\/<\/a><\/p>\n<p>&nbsp;<\/p>\n<p><strong>Menciones de especializaci\u00f3n acorde a la demanda del mercado laboral<\/strong><\/p>\n<p><strong>\u00a0<\/strong><\/p>\n<p>UNIFRANZ es la \u00fanica universidad con menciones de especializaci\u00f3n, que permite al estudiante destacarse dentro del mercado laboral. La revoluci\u00f3n digital y la innovaci\u00f3n tecnol\u00f3gica est\u00e1n transformando sustancialmente el mercado de trabajo a una velocidad vertiginosa, un mercado laboral en constante renovaci\u00f3n que obliga a una formaci\u00f3n profesional de clase mundial.<\/p>\n<figure id=\"attachment_78246\" aria-describedby=\"caption-attachment-78246\" style=\"width: 436px\" class=\"wp-caption aligncenter\"><img loading=\"lazy\" decoding=\"async\" class=\"wp-image-78246\" src=\"https:\/\/unifranz.edu.bo\/wp-content\/uploads\/2022\/01\/vida-estudiantil-captura-300x201.png\" alt=\"\" width=\"436\" height=\"292\" srcset=\"https:\/\/unifranz.edu.bo\/wp-content\/uploads\/2022\/01\/vida-estudiantil-captura-300x201.png 300w, https:\/\/unifranz.edu.bo\/wp-content\/uploads\/2022\/01\/vida-estudiantil-captura-768x516.png 768w, https:\/\/unifranz.edu.bo\/wp-content\/uploads\/2022\/01\/vida-estudiantil-captura-18x12.png 18w, https:\/\/unifranz.edu.bo\/wp-content\/uploads\/2022\/01\/vida-estudiantil-captura.png 940w\" sizes=\"auto, (max-width: 436px) 100vw, 436px\" \/><figcaption id=\"caption-attachment-78246\" class=\"wp-caption-text\">UNIFRANZ Santa Cruz, Av. Busch, esq. 2do anillo, N\u00b0 1113<\/figcaption><\/figure>\n<p>UNIFRANZ pone a disposici\u00f3n del estudiante programas de ense\u00f1anza innovadores y con un fuerte componente tecnol\u00f3gico, UNIFRANZ responde a desaf\u00edos con una oferta de valor a tono con los requerimientos del mercado. Hoy en d\u00eda las empresas requieren profesionales altamente calificados y capaces de encarar los constante cambios inciertos. <strong>Para saber m\u00e1s sobre la carrera que te apasiona puedes ingresar a<\/strong> <a href=\"https:\/\/ux.unifranz.edu.bo\/\">https:\/\/ux.unifranz.edu.bo\/<\/a><\/p>\n<p>&nbsp;<\/p>\n<p><strong>Carreras con menciones de especializaci\u00f3n<\/strong><\/p>\n<p>&nbsp;<\/p>\n<p><em>De 15 carreras ofertadas en UNIFRANZ Santa Cruz, 7 tienen menciones de especializaci\u00f3n dise\u00f1adas exclusivamente en base a los requerimientos del mundo laboral: \u00a0<\/em><\/p>\n<p>&nbsp;<\/p>\n<p><strong>Jornalismo<\/strong><\/p>\n<p>&nbsp;<\/p>\n<ul>\n<li>Menci\u00f3n Periodismo digital<\/li>\n<li>Menci\u00f3n Periodismo Investigativo y de Datos<\/li>\n<\/ul>\n<p><strong>\u00a0<\/strong><\/p>\n<p><strong>Engenharia Comercial <\/strong><\/p>\n<p><strong>\u00a0<\/strong><\/p>\n<ul>\n<li>Menci\u00f3n Comercio exterior<\/li>\n<li>Menci\u00f3n E-Commerce<\/li>\n<li><\/li>\n<\/ul>\n<p><strong>Arquitetura<\/strong><\/p>\n<p>&nbsp;<\/p>\n<ul>\n<li>Menci\u00f3n Arquitectura Bioclim\u00e1tica<\/li>\n<li>Menci\u00f3n Ciudad y Territorio<\/li>\n<li><\/li>\n<\/ul>\n<p><strong>Administra\u00e7\u00e3o de Hot\u00e9is e Turismo<\/strong><\/p>\n<p><strong>\u00a0<\/strong><\/p>\n<ul>\n<li>Menci\u00f3n Gesti\u00f3n Hotelera<\/li>\n<li>Menci\u00f3n Tech Tourism<\/li>\n<\/ul>\n<p>&nbsp;<\/p>\n<p><strong>Administra\u00e7\u00e3o de Empresas<\/strong><\/p>\n<p><strong>\u00a0<\/strong><\/p>\n<ul>\n<li>Menci\u00f3n Gesti\u00f3n de Talento Humano<\/li>\n<li>Menci\u00f3n Emprededurismo e Innovaci\u00f3n<\/li>\n<\/ul>\n<p>&nbsp;<\/p>\n<p><strong>Contabilidade P\u00fablica<\/strong><\/p>\n<p><strong>\u00a0<\/strong><\/p>\n<ul>\n<li>Menci\u00f3n Gesti\u00f3n Tributaria<\/li>\n<li>Menci\u00f3n Gesti\u00f3n Financiera<\/li>\n<\/ul>\n<p>&nbsp;<\/p>\n<p><strong>Publicidade e Marketing<\/strong><\/p>\n<p>&nbsp;<\/p>\n<ul>\n<li>Menci\u00f3n Creatividad y Gesti\u00f3n Publicitaria<\/li>\n<li>Menci\u00f3n Marketing Digital<\/li>\n<\/ul>","protected":false},"excerpt":{"rendered":"<p>El mundo se est\u00e1 transformando y la educaci\u00f3n tambi\u00e9n. En UNIFRANZ adem\u00e1s de obtener el t\u00edtulo profesional, los estudiantes pueden especializarse en un \u00e1rea de conocimiento de su carrera y graduarse con una menci\u00f3n universitaria Santa Cruz, 11 de enero de 2022. La pandemia del COVID-19 nos han dejado aprendizajes importantes y lecciones que deben &hellip; <a href=\"https:\/\/unifranz.edu.bo\/pt\/blog\/unifranz-unica-universidad-con-menciones-de-especializacion-profesional\/\">Continued<\/a><\/p>","protected":false},"author":45,"featured_media":78245,"comment_status":"open","ping_status":"open","sticky":false,"template":"","format":"standard","meta":{"_acf_changed":false,"footnotes":""},"categories":[60,1840,318,1874,274,1686,1782],"tags":[1422,62,43,242],"class_list":["post-78244","post","type-post","status-publish","format-standard","has-post-thumbnail","hentry","category-blog","category-blx","category-competencias","category-menciones-de-especializacion","category-santa-cruz","category-tecnologia","category-unifranz","tag-innovacion-en-educacion","tag-internacionalizate","tag-santa-cruz","tag-unifranz"],"acf":[],"_links":{"self":[{"href":"https:\/\/unifranz.edu.bo\/pt\/wp-json\/wp\/v2\/posts\/78244","targetHints":{"allow":["GET"]}}],"collection":[{"href":"https:\/\/unifranz.edu.bo\/pt\/wp-json\/wp\/v2\/posts"}],"about":[{"href":"https:\/\/unifranz.edu.bo\/pt\/wp-json\/wp\/v2\/types\/post"}],"author":[{"embeddable":true,"href":"https:\/\/unifranz.edu.bo\/pt\/wp-json\/wp\/v2\/users\/45"}],"replies":[{"embeddable":true,"href":"https:\/\/unifranz.edu.bo\/pt\/wp-json\/wp\/v2\/comments?post=78244"}],"version-history":[{"count":2,"href":"https:\/\/unifranz.edu.bo\/pt\/wp-json\/wp\/v2\/posts\/78244\/revisions"}],"predecessor-version":[{"id":78248,"href":"https:\/\/unifranz.edu.bo\/pt\/wp-json\/wp\/v2\/posts\/78244\/revisions\/78248"}],"wp:featuredmedia":[{"embeddable":true,"href":"https:\/\/unifranz.edu.bo\/pt\/wp-json\/wp\/v2\/media\/78245"}],"wp:attachment":[{"href":"https:\/\/unifranz.edu.bo\/pt\/wp-json\/wp\/v2\/media?parent=78244"}],"wp:term":[{"taxonomy":"category","embeddable":true,"href":"https:\/\/unifranz.edu.bo\/pt\/wp-json\/wp\/v2\/categories?post=78244"},{"taxonomy":"post_tag","embeddable":true,"href":"https:\/\/unifranz.edu.bo\/pt\/wp-json\/wp\/v2\/tags?post=78244"}],"curies":[{"name":"wp","href":"https:\/\/api.w.org\/{rel}","templated":true}]}}