{"id":77465,"date":"2021-12-20T10:17:32","date_gmt":"2021-12-20T14:17:32","guid":{"rendered":"https:\/\/unifranz.edu.bo\/?p=77465"},"modified":"2021-12-20T11:10:14","modified_gmt":"2021-12-20T15:10:14","slug":"bolivia-gana-concurso-internacional-de-maquinas-de-ingenieria-genetica-igem","status":"publish","type":"post","link":"https:\/\/unifranz.edu.bo\/pt\/blog\/bolivia-gana-concurso-internacional-de-maquinas-de-ingenieria-genetica-igem\/","title":{"rendered":"Bolivia destaca en Concurso de Ingenier\u00eda Gen\u00e9tica"},"content":{"rendered":"<p>El equipo Boliviano recibi\u00f3 una medalla de oro como reconocimiento en el concurso internacional de M\u00e1quinas de Ingenier\u00eda Gen\u00e9tica (iGEM), compitiendo contra 340 equipos de m\u00e1s de 40 pa\u00edses. El equipo de nuestro pa\u00eds present\u00f3 un biosensor port\u00e1til autom\u00e1tico para la detecci\u00f3n de ars\u00e9nico en aguas, que indica el grado de contaminaci\u00f3n que tiene un cuerpo de agua natural o artificial.<\/p>\n<p>\u201cSe logr\u00f3 la medalla de oro en la competencia general y complementariamente se obtuvo 2 premios especiales: Mejor Pr\u00e1cticas Humanas Integradas e Inclusividad. El primero se refiere a que el equipo aprendi\u00f3 a divulgar y comunicar con la sociedad sobre su proyecto; y el segundo premio, fue novedoso para ellos al ser m\u00e1s de 6 videos educativos en idiomas aymara, quechua y guaran\u00ed\u201d, dijo Cecilia G\u00f3nzalez, especialista en biotecnolog\u00eda y cofundadora de <a href=\"https:\/\/www.facebook.com\/iGEMBolivia\/\" target=\"_blank\" rel=\"noopener\">iGEM Bolivia<\/a>.<\/p>\n<p><img loading=\"lazy\" decoding=\"async\" class=\"wp-image-74642 alignleft\" src=\"https:\/\/unifranz.edu.bo\/wp-content\/uploads\/2021\/11\/docente-9-300x251.png\" alt=\"\" width=\"225\" height=\"188\" srcset=\"https:\/\/unifranz.edu.bo\/wp-content\/uploads\/2021\/11\/docente-9-300x251.png 300w, https:\/\/unifranz.edu.bo\/wp-content\/uploads\/2021\/11\/docente-9-768x644.png 768w, https:\/\/unifranz.edu.bo\/wp-content\/uploads\/2021\/11\/docente-9-14x12.png 14w, https:\/\/unifranz.edu.bo\/wp-content\/uploads\/2021\/11\/docente-9.png 940w\" sizes=\"auto, (max-width: 225px) 100vw, 225px\" \/>Nuestra Coordinadora Nacional de Investigaci\u00f3n, PhD. Luc\u00eda Alvarado menciona: \u00abEs importante la apertura de estos espacios de trabajo colaborativo, donde el inter\u00e9s por un \u00e1rea del conocimiento como es la biotecnolog\u00eda, ha permitido integrar de forma in\u00e9dita a un equipo boliviano para que realice su participaci\u00f3n en una competencia tan renombrada como iGEM. Habiendo obtenido un resultado satisfactorio en esta primera experiencia, como Universidad seguiremos apoyando el desarrollo de las pr\u00e1cticas y de prototipos experimentales en nuestros laboratorios\u00bb<\/p>\n<p>Por otra parte, Tania Pozzo, tambi\u00e9n cofundadora de iGEM Bolivia y especialista en la rama, que radica en Suecia explic\u00f3 que \u201cpara Bolivia es muy importante tener una representaci\u00f3n en este tipo de competencia internacional para destacar como pa\u00eds. Lo que se espera es establecer las bases en biolog\u00eda sint\u00e9tica con el objetivo de que las nuevas generaciones de j\u00f3venes bolivianos tengan el acceso a hacer ciencia en Bolivia resolviendo problemas que la sociedad boliviana confronta\u201d.<\/p>\n<p style=\"letter-spacing: 0.26px;\"><img loading=\"lazy\" decoding=\"async\" class=\"size-medium wp-image-77544 alignright\" style=\"letter-spacing: 0.26px;\" src=\"https:\/\/unifranz.edu.bo\/wp-content\/uploads\/2021\/12\/igem-300x239.png\" alt=\"IGEM\" width=\"300\" height=\"239\" srcset=\"https:\/\/unifranz.edu.bo\/wp-content\/uploads\/2021\/12\/igem-300x239.png 300w, https:\/\/unifranz.edu.bo\/wp-content\/uploads\/2021\/12\/igem-15x12.png 15w, https:\/\/unifranz.edu.bo\/wp-content\/uploads\/2021\/12\/igem.png 574w\" sizes=\"auto, (max-width: 300px) 100vw, 300px\" \/><\/p>\n<p>El equipo boliviano se conform\u00f3 por m\u00e1s de 60 estudiantes de La Paz, Cochabamba, Santa Cruz y Chuquisaca, baj<span style=\"letter-spacing: 0.02em;\">o la direcci\u00f3n de Tania Pozzo y Cecilia G\u00f3nzalez, ambas biotecn\u00f3logas y cont\u00f3 con el apoyo de la Universidad Franz Tamayo (<a href=\"https:\/\/unifranz.edu.bo\/\">UNIFRANZ<\/a>) en Cochabamba que puso\u00a0a su disposici\u00f3n laboratorios, reactivos e insumos para poder llevar a cabo esta investigaci\u00f3n.<\/span><\/p>\n<p style=\"letter-spacing: 0.26px;\"><span style=\"letter-spacing: 0.02em;\">\u201cARSENITO\u201d es el nombre de este biosensor de ars\u00e9nico con circuitos gen\u00e9ticos para detectar el ars\u00e9nico en el agua. El equipo ganador\u00a0dise\u00f1\u00f3 un biosensor para metal pesado que es un dispositivo anal\u00edtico que consta de un componente biol\u00f3gico y un sistema transductor.\u00a0<\/span><\/p>\n<p>&nbsp;<\/p>\n<p>&nbsp;<\/p>\n<p>&nbsp;<\/p>\n<p>&nbsp;<\/p>\n<p>&nbsp;<\/p>","protected":false},"excerpt":{"rendered":"<p>El equipo Boliviano recibi\u00f3 una medalla de oro como reconocimiento en el concurso internacional de M\u00e1quinas de Ingenier\u00eda Gen\u00e9tica (iGEM), compitiendo contra 340 equipos de m\u00e1s de 40 pa\u00edses. El equipo de nuestro pa\u00eds present\u00f3 un biosensor port\u00e1til autom\u00e1tico para la detecci\u00f3n de ars\u00e9nico en aguas, que indica el grado de contaminaci\u00f3n que tiene un &hellip; <a href=\"https:\/\/unifranz.edu.bo\/pt\/blog\/bolivia-gana-concurso-internacional-de-maquinas-de-ingenieria-genetica-igem\/\">Continued<\/a><\/p>","protected":false},"author":45,"featured_media":77466,"comment_status":"open","ping_status":"open","sticky":false,"template":"","format":"standard","meta":{"_acf_changed":false,"footnotes":""},"categories":[60,280,1772,1636,1686,1782],"tags":[1868,1870,268,1806],"class_list":["post-77465","post","type-post","status-publish","format-standard","has-post-thumbnail","hentry","category-blog","category-cochabamba","category-divulgacion","category-investigacion","category-tecnologia","category-unifranz","tag-biotecnologia","tag-ingenieria-genetica","tag-investigacion","tag-unifranz-cochabamba"],"acf":[],"_links":{"self":[{"href":"https:\/\/unifranz.edu.bo\/pt\/wp-json\/wp\/v2\/posts\/77465","targetHints":{"allow":["GET"]}}],"collection":[{"href":"https:\/\/unifranz.edu.bo\/pt\/wp-json\/wp\/v2\/posts"}],"about":[{"href":"https:\/\/unifranz.edu.bo\/pt\/wp-json\/wp\/v2\/types\/post"}],"author":[{"embeddable":true,"href":"https:\/\/unifranz.edu.bo\/pt\/wp-json\/wp\/v2\/users\/45"}],"replies":[{"embeddable":true,"href":"https:\/\/unifranz.edu.bo\/pt\/wp-json\/wp\/v2\/comments?post=77465"}],"version-history":[{"count":11,"href":"https:\/\/unifranz.edu.bo\/pt\/wp-json\/wp\/v2\/posts\/77465\/revisions"}],"predecessor-version":[{"id":77561,"href":"https:\/\/unifranz.edu.bo\/pt\/wp-json\/wp\/v2\/posts\/77465\/revisions\/77561"}],"wp:featuredmedia":[{"embeddable":true,"href":"https:\/\/unifranz.edu.bo\/pt\/wp-json\/wp\/v2\/media\/77466"}],"wp:attachment":[{"href":"https:\/\/unifranz.edu.bo\/pt\/wp-json\/wp\/v2\/media?parent=77465"}],"wp:term":[{"taxonomy":"category","embeddable":true,"href":"https:\/\/unifranz.edu.bo\/pt\/wp-json\/wp\/v2\/categories?post=77465"},{"taxonomy":"post_tag","embeddable":true,"href":"https:\/\/unifranz.edu.bo\/pt\/wp-json\/wp\/v2\/tags?post=77465"}],"curies":[{"name":"wp","href":"https:\/\/api.w.org\/{rel}","templated":true}]}}