{"id":74104,"date":"2021-11-03T15:03:38","date_gmt":"2021-11-03T19:03:38","guid":{"rendered":"https:\/\/unifranz.edu.bo\/?p=74104"},"modified":"2021-11-04T13:30:17","modified_gmt":"2021-11-04T17:30:17","slug":"estudiantes-altenos-conforman-brigada-para-vivir-sin-violencia","status":"publish","type":"post","link":"https:\/\/unifranz.edu.bo\/pt\/blog\/estudiantes-altenos-conforman-brigada-para-vivir-sin-violencia\/","title":{"rendered":"ESTUDIANTES ALTE\u00d1OS CONFORMAN BRIGADA PARA \u201cVIVIR SIN VIOLENCIA\u201d"},"content":{"rendered":"<p><span style=\"color: #000000;\">En el marco de su l\u00ednea institucional de Responsabilidad Social Universitaria (RSU) y con el objetivo de contribuir en la concientizaci\u00f3n, generaci\u00f3n de propuestas de soluci\u00f3n y medidas preventivas para reducir los \u00edndices de violencia en la urbe alte\u00f1a, UNIFRANZ El Alto, a trav\u00e9s de sus carreras de Derecho y Psicolog\u00eda, consolid\u00f3 la creaci\u00f3n de la Brigada \u201cVivir sin Violencia\u201d.<\/span><\/p>\n<p><span style=\"color: #000000;\">La brigada est\u00e1 conformada por estudiantes voluntarios de semestres superiores de las carreras de Psicolog\u00eda y Derecho de Unifranz El Alto, quienes fueron previamente capacitados por profesionales de ambas \u00e1reas, sobre los elementos m\u00e1s importantes de la violencia y la forma correcta de darlos a conocer a los diversos p\u00fablicos con los que se trabajar\u00e1. Estos j\u00f3venes est\u00e1n liderados por sus directores de carrera, Eliana Exalto y Joaqu\u00edn V\u00e1squez, respectivamente.<\/span><\/p>\n<p><span style=\"color: #000000;\">La creaci\u00f3n de este importante proyecto concentr\u00f3 la atenci\u00f3n de diversas instituciones como la Polic\u00eda Nacional, Fuerzas Armadas, Defensor\u00eda del Pueblo, Universidad Policial, Asociaci\u00f3n de Gobiernos Municipales de La Paz (AGAMDEPAZ), Gobierno Aut\u00f3nomo Municipal de El Alto (GAMEA), entre otras, que reafirmaron su compromiso social apoyando la iniciativa que, en su primera fase, prev\u00e9 la realizaci\u00f3n de diversos talleres de concientizaci\u00f3n y prevenci\u00f3n de la violencia en instituciones, unidades educativas, ONG\u2019s, etc.<\/span><\/p>\n<p><span style=\"color: #000000;\">La pasada semana, la Defensor\u00eda del Pueblo y el Comando de la Polic\u00eda fueron las primeras instancias en abrir sus puertas y participar de los talleres que incluyeron socio dramas, din\u00e1micas y la exposici\u00f3n de diversos temas inherentes a la violencia. Asimismo, diversas instancias ya solicitaron la presencia de la Brigada en sus instalaciones por lo que \u00e9sta ya cuenta con un extenso cronograma de actividades para los siguientes tres meses. Ma\u00f1ana se tiene previsto un taller en la Unidad de la Mujer del GAMEA.<\/span><\/p>\n<p><span style=\"color: #000000;\">Esta iniciativa se suma a otros proyectos de UNIFRANZ que apuntan a generar cambios positivos en la sociedad como \u201cAmar es Educar\u201d, de la carrera de Psicolog\u00eda que, adem\u00e1s de la participaci\u00f3n y organizaci\u00f3n en Ferias y eventos diversos, actualmente se encuentra realizando su segundo ciclo de charlas con expertos, sobre distintos t\u00f3picos como violencia, autoestima, equidad de g\u00e9nero, uso correcto de la tecnolog\u00eda, consumo de alcohol, entre otros, con el fin de generar conciencia y mejorar la calidad de vida de las personas.<\/span><\/p>\n<p>&nbsp;<\/p>\n<p><img loading=\"lazy\" decoding=\"async\" class=\"alignnone size-medium wp-image-74108\" src=\"https:\/\/unifranz.edu.bo\/wp-content\/uploads\/2021\/11\/IMG_20211028_114035-300x169.jpg\" alt=\"\" width=\"300\" height=\"169\" srcset=\"https:\/\/unifranz.edu.bo\/wp-content\/uploads\/2021\/11\/IMG_20211028_114035-300x169.jpg 300w, https:\/\/unifranz.edu.bo\/wp-content\/uploads\/2021\/11\/IMG_20211028_114035-1024x576.jpg 1024w, https:\/\/unifranz.edu.bo\/wp-content\/uploads\/2021\/11\/IMG_20211028_114035-768x432.jpg 768w, https:\/\/unifranz.edu.bo\/wp-content\/uploads\/2021\/11\/IMG_20211028_114035-1536x864.jpg 1536w, https:\/\/unifranz.edu.bo\/wp-content\/uploads\/2021\/11\/IMG_20211028_114035-2048x1152.jpg 2048w, https:\/\/unifranz.edu.bo\/wp-content\/uploads\/2021\/11\/IMG_20211028_114035-18x10.jpg 18w\" sizes=\"auto, (max-width: 300px) 100vw, 300px\" \/> <img loading=\"lazy\" decoding=\"async\" class=\"alignnone size-medium wp-image-74110\" src=\"https:\/\/unifranz.edu.bo\/wp-content\/uploads\/2021\/11\/IMG_20211028_122558-300x169.jpg\" alt=\"\" width=\"300\" height=\"169\" srcset=\"https:\/\/unifranz.edu.bo\/wp-content\/uploads\/2021\/11\/IMG_20211028_122558-300x169.jpg 300w, https:\/\/unifranz.edu.bo\/wp-content\/uploads\/2021\/11\/IMG_20211028_122558-1024x576.jpg 1024w, https:\/\/unifranz.edu.bo\/wp-content\/uploads\/2021\/11\/IMG_20211028_122558-768x432.jpg 768w, https:\/\/unifranz.edu.bo\/wp-content\/uploads\/2021\/11\/IMG_20211028_122558-1536x864.jpg 1536w, https:\/\/unifranz.edu.bo\/wp-content\/uploads\/2021\/11\/IMG_20211028_122558-2048x1152.jpg 2048w, https:\/\/unifranz.edu.bo\/wp-content\/uploads\/2021\/11\/IMG_20211028_122558-18x10.jpg 18w\" sizes=\"auto, (max-width: 300px) 100vw, 300px\" \/><\/p>\n<p><img loading=\"lazy\" decoding=\"async\" class=\"alignnone size-medium wp-image-74113\" src=\"https:\/\/unifranz.edu.bo\/wp-content\/uploads\/2021\/11\/WhatsApp-Image-2021-11-03-at-15.36.01-300x225.jpeg\" alt=\"\" width=\"300\" height=\"225\" srcset=\"https:\/\/unifranz.edu.bo\/wp-content\/uploads\/2021\/11\/WhatsApp-Image-2021-11-03-at-15.36.01-300x225.jpeg 300w, https:\/\/unifranz.edu.bo\/wp-content\/uploads\/2021\/11\/WhatsApp-Image-2021-11-03-at-15.36.01-1024x768.jpeg 1024w, https:\/\/unifranz.edu.bo\/wp-content\/uploads\/2021\/11\/WhatsApp-Image-2021-11-03-at-15.36.01-768x576.jpeg 768w, https:\/\/unifranz.edu.bo\/wp-content\/uploads\/2021\/11\/WhatsApp-Image-2021-11-03-at-15.36.01-1536x1152.jpeg 1536w, https:\/\/unifranz.edu.bo\/wp-content\/uploads\/2021\/11\/WhatsApp-Image-2021-11-03-at-15.36.01-16x12.jpeg 16w, https:\/\/unifranz.edu.bo\/wp-content\/uploads\/2021\/11\/WhatsApp-Image-2021-11-03-at-15.36.01.jpeg 1600w\" sizes=\"auto, (max-width: 300px) 100vw, 300px\" \/> <img loading=\"lazy\" decoding=\"async\" class=\"alignnone size-medium wp-image-74114\" src=\"https:\/\/unifranz.edu.bo\/wp-content\/uploads\/2021\/11\/WhatsApp-Image-2021-11-03-at-15.36.01-2-300x225.jpeg\" alt=\"\" width=\"300\" height=\"225\" srcset=\"https:\/\/unifranz.edu.bo\/wp-content\/uploads\/2021\/11\/WhatsApp-Image-2021-11-03-at-15.36.01-2-300x225.jpeg 300w, https:\/\/unifranz.edu.bo\/wp-content\/uploads\/2021\/11\/WhatsApp-Image-2021-11-03-at-15.36.01-2-1024x768.jpeg 1024w, https:\/\/unifranz.edu.bo\/wp-content\/uploads\/2021\/11\/WhatsApp-Image-2021-11-03-at-15.36.01-2-768x576.jpeg 768w, https:\/\/unifranz.edu.bo\/wp-content\/uploads\/2021\/11\/WhatsApp-Image-2021-11-03-at-15.36.01-2-1536x1152.jpeg 1536w, https:\/\/unifranz.edu.bo\/wp-content\/uploads\/2021\/11\/WhatsApp-Image-2021-11-03-at-15.36.01-2-16x12.jpeg 16w, https:\/\/unifranz.edu.bo\/wp-content\/uploads\/2021\/11\/WhatsApp-Image-2021-11-03-at-15.36.01-2.jpeg 1600w\" sizes=\"auto, (max-width: 300px) 100vw, 300px\" \/><\/p>","protected":false},"excerpt":{"rendered":"<p>En el marco de su l\u00ednea institucional de Responsabilidad Social Universitaria (RSU) y con el objetivo de contribuir en la concientizaci\u00f3n, generaci\u00f3n de propuestas de soluci\u00f3n y medidas preventivas para reducir los \u00edndices de violencia en la urbe alte\u00f1a, UNIFRANZ El Alto, a trav\u00e9s de sus carreras de Derecho y Psicolog\u00eda, consolid\u00f3 la creaci\u00f3n de &hellip; <a href=\"https:\/\/unifranz.edu.bo\/pt\/blog\/estudiantes-altenos-conforman-brigada-para-vivir-sin-violencia\/\">Continued<\/a><\/p>","protected":false},"author":25,"featured_media":74106,"comment_status":"open","ping_status":"open","sticky":false,"template":"","format":"standard","meta":{"_acf_changed":false,"footnotes":""},"categories":[60,302,1004,1782],"tags":[1846,39,240],"class_list":["post-74104","post","type-post","status-publish","format-standard","has-post-thumbnail","hentry","category-blog","category-el-alto","category-estudiantes","category-unifranz","tag-brigada-vivir-sin-violencia","tag-derecho","tag-psicologia"],"acf":[],"_links":{"self":[{"href":"https:\/\/unifranz.edu.bo\/pt\/wp-json\/wp\/v2\/posts\/74104","targetHints":{"allow":["GET"]}}],"collection":[{"href":"https:\/\/unifranz.edu.bo\/pt\/wp-json\/wp\/v2\/posts"}],"about":[{"href":"https:\/\/unifranz.edu.bo\/pt\/wp-json\/wp\/v2\/types\/post"}],"author":[{"embeddable":true,"href":"https:\/\/unifranz.edu.bo\/pt\/wp-json\/wp\/v2\/users\/25"}],"replies":[{"embeddable":true,"href":"https:\/\/unifranz.edu.bo\/pt\/wp-json\/wp\/v2\/comments?post=74104"}],"version-history":[{"count":5,"href":"https:\/\/unifranz.edu.bo\/pt\/wp-json\/wp\/v2\/posts\/74104\/revisions"}],"predecessor-version":[{"id":74147,"href":"https:\/\/unifranz.edu.bo\/pt\/wp-json\/wp\/v2\/posts\/74104\/revisions\/74147"}],"wp:featuredmedia":[{"embeddable":true,"href":"https:\/\/unifranz.edu.bo\/pt\/wp-json\/wp\/v2\/media\/74106"}],"wp:attachment":[{"href":"https:\/\/unifranz.edu.bo\/pt\/wp-json\/wp\/v2\/media?parent=74104"}],"wp:term":[{"taxonomy":"category","embeddable":true,"href":"https:\/\/unifranz.edu.bo\/pt\/wp-json\/wp\/v2\/categories?post=74104"},{"taxonomy":"post_tag","embeddable":true,"href":"https:\/\/unifranz.edu.bo\/pt\/wp-json\/wp\/v2\/tags?post=74104"}],"curies":[{"name":"wp","href":"https:\/\/api.w.org\/{rel}","templated":true}]}}