{"id":74011,"date":"2021-11-01T09:14:43","date_gmt":"2021-11-01T13:14:43","guid":{"rendered":"https:\/\/unifranz.edu.bo\/?p=74011"},"modified":"2021-11-01T09:14:43","modified_gmt":"2021-11-01T13:14:43","slug":"estudiantes-altenos-realizan-sus-primeras-practicas-en-la-camara-gesell","status":"publish","type":"post","link":"https:\/\/unifranz.edu.bo\/pt\/carreras\/estudiantes-altenos-realizan-sus-primeras-practicas-en-la-camara-gesell\/","title":{"rendered":"ESTUDIANTES ALTE\u00d1OS REALIZAN SUS PRIMERAS PR\u00c1CTICAS EN LA C\u00c1MARA GESELL"},"content":{"rendered":"<p><span style=\"color: #000000;\">Estudiantes de Psicolog\u00eda de UNIFRANZ El Alto fortalecieron sus conocimientos a trav\u00e9s del Taller H\u00edbrido de Terapia Sist\u00e9mica \u201cHerramientas de Diagn\u00f3stico e Intervenci\u00f3n en Grupos Terap\u00e9uticos\u201d, desarrollado en dos sesiones, la primera virtual \u2013 te\u00f3rica y la segunda en modalidad presencial, desarrollada en la C\u00e1mara Gesell de la universidad. \u00a0<\/span><\/p>\n<p><span style=\"color: #000000;\">El evento se realiz\u00f3 con el apoyo del Bolivia, instituci\u00f3n dedicada a prestar servicios desde la psicolog\u00eda de enfoque sist\u00e9mico y cient\u00edfico que, a trav\u00e9s de tres profesionales, llevaron adelante el simulacro de una sesi\u00f3n de terapia desde el enfoque sist\u00e9mico, que permiti\u00f3 a los estudiantes conocer las destrezas cl\u00ednicas que precisa un terapeuta, los elementos importantes del abordaje cl\u00ednico y el aprovechamiento de la moderna infraestructura con la que cuenta la carrera. \u00a0\u00a0<\/span><\/p>\n<p><span style=\"color: #000000;\">Acorde a la modalidad de aprendizaje Blended Learning Experience (BLX) aplicada por UNIFRANZ, el taller se realiz\u00f3 de forma h\u00edbrida, con una primera etapa virtual &#8211; te\u00f3rica sobre\u00a0\u00a0 Herramientas de Diagn\u00f3stico e Intervenci\u00f3n en Grupos Terap\u00e9uticos, impartido a 50 personas, entre estudiantes de Psicolog\u00eda y p\u00fablico externo.<\/span><\/p>\n<p><span style=\"color: #000000;\">La segunda fase se realiz\u00f3 en modalidad presencial en la C\u00e1mara Gesell de la universidad y fue transmitida para el p\u00fablico general a trav\u00e9s de la fan page de Unifranz El Alto, en la que 12 estudiantes, a trav\u00e9s del vidrio de visi\u00f3n unilateral, presenciaron la sesi\u00f3n con el acompa\u00f1amiento de la directora de la carrera de Psicolog\u00eda, Eliana Exalto, y una terapeuta que apoy\u00f3 con la explicaci\u00f3n de los momentos m\u00e1s importantes del taller.<\/span><\/p>\n<p><span style=\"color: #000000;\">La cantidad de estudiantes durante la pr\u00e1ctica, fue definida con el fin de precautelar la salud de los estudiantes, cuidando sana distancia, uso de cubrebocas y gel antibacterial. Participaron alumnos de primer semestre y sexto semestre de la carrera.<\/span><\/p>\n<p><span style=\"color: #000000;\"><strong>C\u00c1MARA GESELL EN UNIFRANZ EL ALTO<\/strong><\/span><\/p>\n<p><span style=\"color: #000000;\">Este espacio es una habitaci\u00f3n acondicionada para permitir la observaci\u00f3n con personas en dos ambientes separados por un vidrio de visi\u00f3n unilateral, los cuales cuentan con equipos de audio y de video profesional para la grabaci\u00f3n de las diferentes actividades.<\/span><\/p>\n<p><span style=\"color: #000000;\">En una de las salas de trabajo se desarrollar\u00e1n sesiones de entrevista, grupos focales, experimentos psicosociales y t\u00e9cnicas vivenciales, y el otro espacio es una sala de observaci\u00f3n, donde se graban las sesiones a trav\u00e9s de un equipo de circuito cerrado, en las cuales los observadores (investigadores y alumnos) pueden presenciar las actividades sin ser vistos directamente.<\/span><\/p>\n<p><span style=\"color: #000000;\">\u201cEste espacio cuenta con equipo de alta tecnolog\u00eda y es considerado como un \u00e1rea que permitir\u00e1 realizar estudios e investigaciones sobre diferentes procesos de interacci\u00f3n grupal\u201d, indic\u00f3 Eliana Exalto.<\/span><\/p>\n<p><span style=\"color: #000000;\">Ana Marina Condori, estudiante de primer semestre de Psicolog\u00eda, afirm\u00f3 sentirse sorprendida por contar con una infraestructura de esas caracter\u00edsticas que aporte a su aprendizaje. Sobre su experiencia, aseguro que \u201cnunca hab\u00eda presenciado esto\u2026 es como si estuvieras comentando esto con alguien que realmente te importa o que le tienes mucha confianza\u201d.<\/span><\/p>\n<p><span style=\"color: #000000;\"><strong>\u00bfQU\u00c9 ES LA TERAPIA SIST\u00c9MICA?<\/strong><\/span><\/p>\n<p><span style=\"color: #000000;\">La terapia Sist\u00e9mica utiliza herramientas pr\u00e1cticas muy \u00fatiles para el trabajo en consulta y en talleres de grupo. Permite entender los problemas desde el marco contextual y se focaliza en comprender y cambiar las din\u00e1micas de las relaciones (familiares, laborales, etc.).<\/span><\/p>\n<p><span style=\"color: #000000;\">Seg\u00fan el autor Haley (1996), durante los primeros cien a\u00f1os de la psicoterapia, los terapeutas aprend\u00edan acerca de c\u00f3mo hacer terapia someti\u00e9ndose a ella. El aprendiz nunca hab\u00eda visto trabajar a su maestro ni viceversa. Sin embargo, menciona que la mejor manera de ense\u00f1ar destrezas cl\u00ednicas es instruir al terapeuta en formaci\u00f3n en el vivo, mientras se lo observa en el curso de la entrevista terap\u00e9utica.<\/span><\/p>\n<p><img loading=\"lazy\" decoding=\"async\" class=\"alignnone size-medium wp-image-74013\" src=\"https:\/\/unifranz.edu.bo\/wp-content\/uploads\/2021\/11\/IMG_20211014_173520-300x225.jpg\" alt=\"\" width=\"300\" height=\"225\" srcset=\"https:\/\/unifranz.edu.bo\/wp-content\/uploads\/2021\/11\/IMG_20211014_173520-300x225.jpg 300w, https:\/\/unifranz.edu.bo\/wp-content\/uploads\/2021\/11\/IMG_20211014_173520-1024x768.jpg 1024w, https:\/\/unifranz.edu.bo\/wp-content\/uploads\/2021\/11\/IMG_20211014_173520-768x576.jpg 768w, https:\/\/unifranz.edu.bo\/wp-content\/uploads\/2021\/11\/IMG_20211014_173520-1536x1152.jpg 1536w, https:\/\/unifranz.edu.bo\/wp-content\/uploads\/2021\/11\/IMG_20211014_173520-2048x1536.jpg 2048w, https:\/\/unifranz.edu.bo\/wp-content\/uploads\/2021\/11\/IMG_20211014_173520-16x12.jpg 16w\" sizes=\"auto, (max-width: 300px) 100vw, 300px\" \/> <img loading=\"lazy\" decoding=\"async\" class=\"alignnone size-medium wp-image-74014\" src=\"https:\/\/unifranz.edu.bo\/wp-content\/uploads\/2021\/11\/IMG_20211014_170957-300x225.jpg\" alt=\"\" width=\"300\" height=\"225\" srcset=\"https:\/\/unifranz.edu.bo\/wp-content\/uploads\/2021\/11\/IMG_20211014_170957-300x225.jpg 300w, https:\/\/unifranz.edu.bo\/wp-content\/uploads\/2021\/11\/IMG_20211014_170957-1024x768.jpg 1024w, https:\/\/unifranz.edu.bo\/wp-content\/uploads\/2021\/11\/IMG_20211014_170957-768x576.jpg 768w, https:\/\/unifranz.edu.bo\/wp-content\/uploads\/2021\/11\/IMG_20211014_170957-1536x1152.jpg 1536w, https:\/\/unifranz.edu.bo\/wp-content\/uploads\/2021\/11\/IMG_20211014_170957-2048x1536.jpg 2048w, https:\/\/unifranz.edu.bo\/wp-content\/uploads\/2021\/11\/IMG_20211014_170957-16x12.jpg 16w\" sizes=\"auto, (max-width: 300px) 100vw, 300px\" \/> <img loading=\"lazy\" decoding=\"async\" class=\"alignnone size-medium wp-image-74015\" src=\"https:\/\/unifranz.edu.bo\/wp-content\/uploads\/2021\/11\/IMG_20211014_162945-300x224.jpg\" alt=\"\" width=\"300\" height=\"224\" srcset=\"https:\/\/unifranz.edu.bo\/wp-content\/uploads\/2021\/11\/IMG_20211014_162945-300x224.jpg 300w, https:\/\/unifranz.edu.bo\/wp-content\/uploads\/2021\/11\/IMG_20211014_162945-1024x766.jpg 1024w, https:\/\/unifranz.edu.bo\/wp-content\/uploads\/2021\/11\/IMG_20211014_162945-768x574.jpg 768w, https:\/\/unifranz.edu.bo\/wp-content\/uploads\/2021\/11\/IMG_20211014_162945-1536x1149.jpg 1536w, https:\/\/unifranz.edu.bo\/wp-content\/uploads\/2021\/11\/IMG_20211014_162945-2048x1532.jpg 2048w, https:\/\/unifranz.edu.bo\/wp-content\/uploads\/2021\/11\/IMG_20211014_162945-16x12.jpg 16w\" sizes=\"auto, (max-width: 300px) 100vw, 300px\" \/><\/p>\n<p>&nbsp;<\/p>","protected":false},"excerpt":{"rendered":"<p>Estudiantes de Psicolog\u00eda de UNIFRANZ El Alto fortalecieron sus conocimientos a trav\u00e9s del Taller H\u00edbrido de Terapia Sist\u00e9mica \u201cHerramientas de Diagn\u00f3stico e Intervenci\u00f3n en Grupos Terap\u00e9uticos\u201d, desarrollado en dos sesiones, la primera virtual \u2013 te\u00f3rica y la segunda en modalidad presencial, desarrollada en la C\u00e1mara Gesell de la universidad. \u00a0 El evento se realiz\u00f3 con &hellip; <a href=\"https:\/\/unifranz.edu.bo\/pt\/carreras\/estudiantes-altenos-realizan-sus-primeras-practicas-en-la-camara-gesell\/\">Continued<\/a><\/p>","protected":false},"author":25,"featured_media":74012,"comment_status":"open","ping_status":"open","sticky":false,"template":"","format":"standard","meta":{"_acf_changed":false,"footnotes":""},"categories":[60,35,302,1004,1782],"tags":[1844,53,47,240],"class_list":["post-74011","post","type-post","status-publish","format-standard","has-post-thumbnail","hentry","category-blog","category-carreras","category-el-alto","category-estudiantes","category-unifranz","tag-camara-gesell","tag-educacion","tag-el-alto","tag-psicologia"],"acf":[],"_links":{"self":[{"href":"https:\/\/unifranz.edu.bo\/pt\/wp-json\/wp\/v2\/posts\/74011","targetHints":{"allow":["GET"]}}],"collection":[{"href":"https:\/\/unifranz.edu.bo\/pt\/wp-json\/wp\/v2\/posts"}],"about":[{"href":"https:\/\/unifranz.edu.bo\/pt\/wp-json\/wp\/v2\/types\/post"}],"author":[{"embeddable":true,"href":"https:\/\/unifranz.edu.bo\/pt\/wp-json\/wp\/v2\/users\/25"}],"replies":[{"embeddable":true,"href":"https:\/\/unifranz.edu.bo\/pt\/wp-json\/wp\/v2\/comments?post=74011"}],"version-history":[{"count":1,"href":"https:\/\/unifranz.edu.bo\/pt\/wp-json\/wp\/v2\/posts\/74011\/revisions"}],"predecessor-version":[{"id":74016,"href":"https:\/\/unifranz.edu.bo\/pt\/wp-json\/wp\/v2\/posts\/74011\/revisions\/74016"}],"wp:featuredmedia":[{"embeddable":true,"href":"https:\/\/unifranz.edu.bo\/pt\/wp-json\/wp\/v2\/media\/74012"}],"wp:attachment":[{"href":"https:\/\/unifranz.edu.bo\/pt\/wp-json\/wp\/v2\/media?parent=74011"}],"wp:term":[{"taxonomy":"category","embeddable":true,"href":"https:\/\/unifranz.edu.bo\/pt\/wp-json\/wp\/v2\/categories?post=74011"},{"taxonomy":"post_tag","embeddable":true,"href":"https:\/\/unifranz.edu.bo\/pt\/wp-json\/wp\/v2\/tags?post=74011"}],"curies":[{"name":"wp","href":"https:\/\/api.w.org\/{rel}","templated":true}]}}