{"id":73442,"date":"2021-10-22T15:32:16","date_gmt":"2021-10-22T19:32:16","guid":{"rendered":"https:\/\/unifranz.edu.bo\/?p=73442"},"modified":"2021-10-25T12:27:33","modified_gmt":"2021-10-25T16:27:33","slug":"pnud-y-unifranz-presentan-la-red-de-innovacion-educativa-latam","status":"publish","type":"post","link":"https:\/\/unifranz.edu.bo\/pt\/noticias\/pnud-y-unifranz-presentan-la-red-de-innovacion-educativa-latam\/","title":{"rendered":"PNUD Y UNIFRANZ PRESENTAN LA RED DE INNOVACI\u00d3N EDUCATIVA LATAM"},"content":{"rendered":"<p>Transformar la educaci\u00f3n a partir de la innovaci\u00f3n disruptiva es un gran proyecto que involucra varios actores y etapas. Es as\u00ed, que resulta indispensable comenzar a crear nuevos puentes entre la educaci\u00f3n primaria y la educaci\u00f3n superior. Conexiones reales que permitan cerrar las brechas en el \u00e1mbito tecnol\u00f3gico y proporcionen recursos, capacitaci\u00f3n, informaci\u00f3n y un espacio propio para digitalizar parte de su servicio y conectar con su comunidad.<\/p>\n<p>La Red de Innovaci\u00f3n Educativa Latam, es esa iniciativa que nace de la mano de<a href=\"https:\/\/unifranz.edu.bo\/\"> UNIFRANZ<\/a> y el apoyo del Programa de las <a href=\"https:\/\/www.bo.undp.org\/\" target=\"_blank\" rel=\"noopener\">Naciones Unidas para el Desarrollo (PNUD)<\/a> y fue presentada el pasado jueves 21 de octubre a Directores de colegios de Cochabamba. Durante el \u00a0lanzamiento se naveg\u00f3 a trav\u00e9s del sitio web y se mostraron los recursos disponibles \u00a0dentro de la plataforma colaborativa, cuya implementaci\u00f3n facilitar\u00e1 el acceso a informaci\u00f3n sobre educaci\u00f3n a toda la comunidad educativa de colegios (directores, padres, maestros y estudiantes).<\/p>\n<p><strong><img loading=\"lazy\" decoding=\"async\" class=\"wp-image-73444 alignleft\" src=\"https:\/\/unifranz.edu.bo\/wp-content\/uploads\/2021\/10\/red-300x171.png\" alt=\"\" width=\"511\" height=\"291\" srcset=\"https:\/\/unifranz.edu.bo\/wp-content\/uploads\/2021\/10\/red-300x171.png 300w, https:\/\/unifranz.edu.bo\/wp-content\/uploads\/2021\/10\/red-1024x584.png 1024w, https:\/\/unifranz.edu.bo\/wp-content\/uploads\/2021\/10\/red-768x438.png 768w, https:\/\/unifranz.edu.bo\/wp-content\/uploads\/2021\/10\/red-18x10.png 18w, https:\/\/unifranz.edu.bo\/wp-content\/uploads\/2021\/10\/red.png 1508w\" sizes=\"auto, (max-width: 511px) 100vw, 511px\" \/>La Red de Innovaci\u00f3n Educativa Latam<\/strong><\/p>\n<p><strong>\u00a0<\/strong>Los Colegios pueden afiliarse de manera gratuita en el siguiente enlace: <a href=\"https:\/\/redinnovacioneducativa.com\/\" target=\"_blank\" rel=\"noopener\">https:\/\/redinnovacioneducativa.com\/<\/a> . Una vez afiliados, autom\u00e1ticamente son parte de la red y podr\u00e1n capacitarse continuamente accediendo a Bootcamps con expertos internacionales, webinars especializados y recursos did\u00e1cticos en l\u00ednea para uso en el aula.<\/p>\n<p>Los estudiantes de colegios afiliados tambi\u00e9n recibir\u00e1n contenido de formaci\u00f3n a trav\u00e9s de talleres gratuitos que buscan fortalecer la formaci\u00f3n y el desarrollo en distintas \u00e1reas desde el uso de nuevas tecnolog\u00edas hasta el desarrollo intrapersonal.<\/p>\n<p>El aporte de la<a href=\"https:\/\/redinnovacioneducativa.com\/\" target=\"_blank\" rel=\"noopener\"> Red I+E Latam<\/a> no s\u00f3lo est\u00e1 en la dotaci\u00f3n de conocimiento actualizado, tambi\u00e9n se dotar\u00e1n herramientas de comunicaci\u00f3n digital para mejorar la comunicaci\u00f3n de todos los actores de las comunidades mediante un subdominio web propio para cada colegio.<\/p>\n<p>Visita, con\u00f3cenos, af\u00edliate :\u00a0<a href=\"https:\/\/redinnovacioneducativa.com\/\" target=\"_blank\" rel=\"noopener\">https:\/\/redinnovacioneducativa.com\/<\/a><\/p>\n<p><strong>Una web: un espacio para comunicar y mostrarse al mundo<\/strong><\/p>\n<p>En un contexto cada vez m\u00e1s digital entendemos que la comunicaci\u00f3n puede ser m\u00e1s eficiente si optimizamos canales. La Red proporcionar\u00e1 a los colegios afiliados un espacio web para articularse e interactuar con padres de familia, estudiantes y otros actores que puedan visibilizar estas instituciones en un entorno digital seguro, permiti\u00e9ndoles administrar su informaci\u00f3n por medio de contenidos como logros de estudiantes, comunicados, anuarios digitales, campa\u00f1as, etc.<\/p>\n<p><iframe loading=\"lazy\" title=\"YouTube video player\" src=\"https:\/\/www.youtube.com\/embed\/1gDW6IfTkO0\" width=\"560\" height=\"315\" frameborder=\"0\" allowfullscreen=\"allowfullscreen\"><\/iframe><\/p>\n<p><strong>Sobre el PNUD<\/strong><\/p>\n<p><a href=\"https:\/\/www.bo.undp.org\/\" target=\"_blank\" rel=\"noopener\">El Programa de las Naciones Unidas para el Desarrollo en Bolivia<\/a> busca adaptar el desarrollo a las necesidades de las regiones donde tiene incidencia. Sus \u00e1mbitos de impacto son la erradicaci\u00f3n de la pobreza en todas sus formas y dimensiones, aceleraci\u00f3n de las trasformaciones estructurales y construcci\u00f3n de resiliencia a las crisis y conflictos. Estos ejes de impacto est\u00e1n vinculados a los objetivos de Desarrollo Sostenible 2030.<\/p>\n<p><strong>\u00a0<\/strong><strong>Sobre UNIFRANZ<\/strong><\/p>\n<p>La Universidad Privada Franz Tamayo \u2013<a href=\"https:\/\/www.facebook.com\/watch\/?v=464605094645858\" target=\"_blank\" rel=\"noopener\"> UNIFRANZ cumpli\u00f3 28 a\u00f1os<\/a> de trayectoria en educaci\u00f3n superior y mantiene el compromiso de acompa\u00f1ar la evoluci\u00f3n de la sociedad en este mundo globalizado. Su actual modelo pedag\u00f3gico tiene un enfoque por competencias que se apoya en tres pilares: el saber, el saber hacer y el saber ser, a fin de formar profesionales con talento de clase mundial. Igualmente, UNIFRANZ considera vital la internacionalizaci\u00f3n en su visi\u00f3n de una universidad disruptiva y transformadora que apunta a cambiar el modelo educativo en Bolivia.<\/p>\n<p>Cuenta con una infraestructura de m\u00e1s 65.000 metros cuadrados construidos en La Paz, El Alto, Cochabamba y Santa Cruz. Unifranz obtuvo la recertificaci\u00f3n de calidad ISO 9001:2015. Esta ecuaci\u00f3n resume el futuro de la educaci\u00f3n; donde convergen lo mejor del aprendizaje presencial y virtual, gracias a una innovadora sinergia entre el aprendizaje e-learning que recurre a clases virtuales en entornos sincr\u00f3nicos y asincr\u00f3nicos y el aprendizaje pr\u00e1ctico que se desarrolla en un entorno presencial equivalente al mundo laboral. La combinaci\u00f3n de aprendizajes permite potenciar las competencias que requiere un profesional de clase mundial.<\/p>\n<div id='gallery-1' class='gallery galleryid-73442 gallery-columns-3 gallery-size-medium'><figure class='gallery-item'>\n\t\t\t<div class='gallery-icon landscape'>\n\t\t\t\t<a href=\"https:\/\/unifranz.edu.bo\/pt\/noticias\/pnud-y-unifranz-presentan-la-red-de-innovacion-educativa-latam\/attachment\/9d39aa4e-a47a-469f-9deb-676cac98dfe3\/\"><img loading=\"lazy\" decoding=\"async\" width=\"300\" height=\"200\" src=\"https:\/\/unifranz.edu.bo\/wp-content\/uploads\/2021\/10\/9d39aa4e-a47a-469f-9deb-676cac98dfe3-300x200.jpg\" class=\"attachment-medium size-medium\" alt=\"\" srcset=\"https:\/\/unifranz.edu.bo\/wp-content\/uploads\/2021\/10\/9d39aa4e-a47a-469f-9deb-676cac98dfe3-300x200.jpg 300w, https:\/\/unifranz.edu.bo\/wp-content\/uploads\/2021\/10\/9d39aa4e-a47a-469f-9deb-676cac98dfe3-1024x682.jpg 1024w, https:\/\/unifranz.edu.bo\/wp-content\/uploads\/2021\/10\/9d39aa4e-a47a-469f-9deb-676cac98dfe3-768x512.jpg 768w, https:\/\/unifranz.edu.bo\/wp-content\/uploads\/2021\/10\/9d39aa4e-a47a-469f-9deb-676cac98dfe3-18x12.jpg 18w, https:\/\/unifranz.edu.bo\/wp-content\/uploads\/2021\/10\/9d39aa4e-a47a-469f-9deb-676cac98dfe3.jpg 1280w\" sizes=\"auto, (max-width: 300px) 100vw, 300px\" \/><\/a>\n\t\t\t<\/div><\/figure><figure class='gallery-item'>\n\t\t\t<div class='gallery-icon landscape'>\n\t\t\t\t<a href=\"https:\/\/unifranz.edu.bo\/pt\/noticias\/pnud-y-unifranz-presentan-la-red-de-innovacion-educativa-latam\/attachment\/dsc_0437\/\"><img loading=\"lazy\" decoding=\"async\" width=\"300\" height=\"199\" src=\"https:\/\/unifranz.edu.bo\/wp-content\/uploads\/2021\/10\/DSC_0437-300x199.jpg\" class=\"attachment-medium size-medium\" alt=\"\" srcset=\"https:\/\/unifranz.edu.bo\/wp-content\/uploads\/2021\/10\/DSC_0437-300x199.jpg 300w, https:\/\/unifranz.edu.bo\/wp-content\/uploads\/2021\/10\/DSC_0437-1024x678.jpg 1024w, https:\/\/unifranz.edu.bo\/wp-content\/uploads\/2021\/10\/DSC_0437-768x509.jpg 768w, https:\/\/unifranz.edu.bo\/wp-content\/uploads\/2021\/10\/DSC_0437-1536x1017.jpg 1536w, https:\/\/unifranz.edu.bo\/wp-content\/uploads\/2021\/10\/DSC_0437-2048x1356.jpg 2048w, https:\/\/unifranz.edu.bo\/wp-content\/uploads\/2021\/10\/DSC_0437-18x12.jpg 18w\" sizes=\"auto, (max-width: 300px) 100vw, 300px\" \/><\/a>\n\t\t\t<\/div><\/figure><figure class='gallery-item'>\n\t\t\t<div class='gallery-icon landscape'>\n\t\t\t\t<a href=\"https:\/\/unifranz.edu.bo\/pt\/noticias\/pnud-y-unifranz-presentan-la-red-de-innovacion-educativa-latam\/attachment\/copia-de-recordatorio-capacitaciones-st-m-1\/\"><img loading=\"lazy\" decoding=\"async\" width=\"300\" height=\"213\" src=\"https:\/\/unifranz.edu.bo\/wp-content\/uploads\/2021\/10\/Copia-de-RECORDATORIO-CAPACITACIONES-ST.M-1-300x213.png\" class=\"attachment-medium size-medium\" alt=\"\" srcset=\"https:\/\/unifranz.edu.bo\/wp-content\/uploads\/2021\/10\/Copia-de-RECORDATORIO-CAPACITACIONES-ST.M-1-300x213.png 300w, https:\/\/unifranz.edu.bo\/wp-content\/uploads\/2021\/10\/Copia-de-RECORDATORIO-CAPACITACIONES-ST.M-1-1024x726.png 1024w, https:\/\/unifranz.edu.bo\/wp-content\/uploads\/2021\/10\/Copia-de-RECORDATORIO-CAPACITACIONES-ST.M-1-768x545.png 768w, https:\/\/unifranz.edu.bo\/wp-content\/uploads\/2021\/10\/Copia-de-RECORDATORIO-CAPACITACIONES-ST.M-1-1536x1090.png 1536w, https:\/\/unifranz.edu.bo\/wp-content\/uploads\/2021\/10\/Copia-de-RECORDATORIO-CAPACITACIONES-ST.M-1-18x12.png 18w, https:\/\/unifranz.edu.bo\/wp-content\/uploads\/2021\/10\/Copia-de-RECORDATORIO-CAPACITACIONES-ST.M-1.png 1748w\" sizes=\"auto, (max-width: 300px) 100vw, 300px\" \/><\/a>\n\t\t\t<\/div><\/figure><figure class='gallery-item'>\n\t\t\t<div class='gallery-icon landscape'>\n\t\t\t\t<a href=\"https:\/\/unifranz.edu.bo\/pt\/noticias\/pnud-y-unifranz-presentan-la-red-de-innovacion-educativa-latam\/attachment\/3e565ffa-0f99-487c-9cb1-cda47b69405e\/\"><img loading=\"lazy\" decoding=\"async\" width=\"300\" height=\"169\" src=\"https:\/\/unifranz.edu.bo\/wp-content\/uploads\/2021\/10\/3e565ffa-0f99-487c-9cb1-cda47b69405e-300x169.jpg\" class=\"attachment-medium size-medium\" alt=\"\" srcset=\"https:\/\/unifranz.edu.bo\/wp-content\/uploads\/2021\/10\/3e565ffa-0f99-487c-9cb1-cda47b69405e-300x169.jpg 300w, https:\/\/unifranz.edu.bo\/wp-content\/uploads\/2021\/10\/3e565ffa-0f99-487c-9cb1-cda47b69405e-1024x575.jpg 1024w, https:\/\/unifranz.edu.bo\/wp-content\/uploads\/2021\/10\/3e565ffa-0f99-487c-9cb1-cda47b69405e-768x431.jpg 768w, https:\/\/unifranz.edu.bo\/wp-content\/uploads\/2021\/10\/3e565ffa-0f99-487c-9cb1-cda47b69405e-18x10.jpg 18w, https:\/\/unifranz.edu.bo\/wp-content\/uploads\/2021\/10\/3e565ffa-0f99-487c-9cb1-cda47b69405e.jpg 1280w\" sizes=\"auto, (max-width: 300px) 100vw, 300px\" \/><\/a>\n\t\t\t<\/div><\/figure><figure class='gallery-item'>\n\t\t\t<div class='gallery-icon landscape'>\n\t\t\t\t<a href=\"https:\/\/unifranz.edu.bo\/pt\/noticias\/pnud-y-unifranz-presentan-la-red-de-innovacion-educativa-latam\/attachment\/d24e2f08-c114-46ec-91ee-bf5274f610a1\/\"><img loading=\"lazy\" decoding=\"async\" width=\"300\" height=\"200\" src=\"https:\/\/unifranz.edu.bo\/wp-content\/uploads\/2021\/10\/d24e2f08-c114-46ec-91ee-bf5274f610a1-300x200.jpg\" class=\"attachment-medium size-medium\" alt=\"\" srcset=\"https:\/\/unifranz.edu.bo\/wp-content\/uploads\/2021\/10\/d24e2f08-c114-46ec-91ee-bf5274f610a1-300x200.jpg 300w, https:\/\/unifranz.edu.bo\/wp-content\/uploads\/2021\/10\/d24e2f08-c114-46ec-91ee-bf5274f610a1-1024x682.jpg 1024w, https:\/\/unifranz.edu.bo\/wp-content\/uploads\/2021\/10\/d24e2f08-c114-46ec-91ee-bf5274f610a1-768x512.jpg 768w, https:\/\/unifranz.edu.bo\/wp-content\/uploads\/2021\/10\/d24e2f08-c114-46ec-91ee-bf5274f610a1-18x12.jpg 18w, https:\/\/unifranz.edu.bo\/wp-content\/uploads\/2021\/10\/d24e2f08-c114-46ec-91ee-bf5274f610a1.jpg 1280w\" sizes=\"auto, (max-width: 300px) 100vw, 300px\" \/><\/a>\n\t\t\t<\/div><\/figure><figure class='gallery-item'>\n\t\t\t<div class='gallery-icon landscape'>\n\t\t\t\t<a href=\"https:\/\/unifranz.edu.bo\/pt\/noticias\/pnud-y-unifranz-presentan-la-red-de-innovacion-educativa-latam\/attachment\/dsc_0260\/\"><img loading=\"lazy\" decoding=\"async\" width=\"300\" height=\"200\" src=\"https:\/\/unifranz.edu.bo\/wp-content\/uploads\/2021\/10\/DSC_0260-300x200.jpg\" class=\"attachment-medium size-medium\" alt=\"\" srcset=\"https:\/\/unifranz.edu.bo\/wp-content\/uploads\/2021\/10\/DSC_0260-300x200.jpg 300w, https:\/\/unifranz.edu.bo\/wp-content\/uploads\/2021\/10\/DSC_0260-1024x683.jpg 1024w, https:\/\/unifranz.edu.bo\/wp-content\/uploads\/2021\/10\/DSC_0260-768x512.jpg 768w, https:\/\/unifranz.edu.bo\/wp-content\/uploads\/2021\/10\/DSC_0260-1536x1024.jpg 1536w, https:\/\/unifranz.edu.bo\/wp-content\/uploads\/2021\/10\/DSC_0260-2048x1365.jpg 2048w, https:\/\/unifranz.edu.bo\/wp-content\/uploads\/2021\/10\/DSC_0260-18x12.jpg 18w\" sizes=\"auto, (max-width: 300px) 100vw, 300px\" \/><\/a>\n\t\t\t<\/div><\/figure><figure class='gallery-item'>\n\t\t\t<div class='gallery-icon landscape'>\n\t\t\t\t<a href=\"https:\/\/unifranz.edu.bo\/pt\/noticias\/pnud-y-unifranz-presentan-la-red-de-innovacion-educativa-latam\/attachment\/dsc_0462\/\"><img loading=\"lazy\" decoding=\"async\" width=\"300\" height=\"199\" src=\"https:\/\/unifranz.edu.bo\/wp-content\/uploads\/2021\/10\/DSC_0462-300x199.jpg\" class=\"attachment-medium size-medium\" alt=\"\" srcset=\"https:\/\/unifranz.edu.bo\/wp-content\/uploads\/2021\/10\/DSC_0462-300x199.jpg 300w, https:\/\/unifranz.edu.bo\/wp-content\/uploads\/2021\/10\/DSC_0462-1024x678.jpg 1024w, https:\/\/unifranz.edu.bo\/wp-content\/uploads\/2021\/10\/DSC_0462-768x509.jpg 768w, https:\/\/unifranz.edu.bo\/wp-content\/uploads\/2021\/10\/DSC_0462-1536x1017.jpg 1536w, https:\/\/unifranz.edu.bo\/wp-content\/uploads\/2021\/10\/DSC_0462-2048x1356.jpg 2048w, https:\/\/unifranz.edu.bo\/wp-content\/uploads\/2021\/10\/DSC_0462-18x12.jpg 18w\" sizes=\"auto, (max-width: 300px) 100vw, 300px\" \/><\/a>\n\t\t\t<\/div><\/figure><figure class='gallery-item'>\n\t\t\t<div class='gallery-icon landscape'>\n\t\t\t\t<a href=\"https:\/\/unifranz.edu.bo\/pt\/noticias\/pnud-y-unifranz-presentan-la-red-de-innovacion-educativa-latam\/attachment\/copia-de-recordatorio-capacitaciones-st-m\/\"><img loading=\"lazy\" decoding=\"async\" width=\"300\" height=\"213\" src=\"https:\/\/unifranz.edu.bo\/wp-content\/uploads\/2021\/10\/Copia-de-RECORDATORIO-CAPACITACIONES-ST.M-300x213.png\" class=\"attachment-medium size-medium\" alt=\"\" srcset=\"https:\/\/unifranz.edu.bo\/wp-content\/uploads\/2021\/10\/Copia-de-RECORDATORIO-CAPACITACIONES-ST.M-300x213.png 300w, https:\/\/unifranz.edu.bo\/wp-content\/uploads\/2021\/10\/Copia-de-RECORDATORIO-CAPACITACIONES-ST.M-1024x726.png 1024w, https:\/\/unifranz.edu.bo\/wp-content\/uploads\/2021\/10\/Copia-de-RECORDATORIO-CAPACITACIONES-ST.M-768x545.png 768w, https:\/\/unifranz.edu.bo\/wp-content\/uploads\/2021\/10\/Copia-de-RECORDATORIO-CAPACITACIONES-ST.M-1536x1090.png 1536w, https:\/\/unifranz.edu.bo\/wp-content\/uploads\/2021\/10\/Copia-de-RECORDATORIO-CAPACITACIONES-ST.M-18x12.png 18w, https:\/\/unifranz.edu.bo\/wp-content\/uploads\/2021\/10\/Copia-de-RECORDATORIO-CAPACITACIONES-ST.M.png 1748w\" sizes=\"auto, (max-width: 300px) 100vw, 300px\" \/><\/a>\n\t\t\t<\/div><\/figure><figure class='gallery-item'>\n\t\t\t<div class='gallery-icon landscape'>\n\t\t\t\t<a href=\"https:\/\/unifranz.edu.bo\/pt\/noticias\/pnud-y-unifranz-presentan-la-red-de-innovacion-educativa-latam\/attachment\/dsc_0325-2\/\"><img loading=\"lazy\" decoding=\"async\" width=\"300\" height=\"199\" src=\"https:\/\/unifranz.edu.bo\/wp-content\/uploads\/2021\/10\/DSC_0325-300x199.jpg\" class=\"attachment-medium size-medium\" alt=\"\" srcset=\"https:\/\/unifranz.edu.bo\/wp-content\/uploads\/2021\/10\/DSC_0325-300x199.jpg 300w, https:\/\/unifranz.edu.bo\/wp-content\/uploads\/2021\/10\/DSC_0325-1024x678.jpg 1024w, https:\/\/unifranz.edu.bo\/wp-content\/uploads\/2021\/10\/DSC_0325-768x509.jpg 768w, https:\/\/unifranz.edu.bo\/wp-content\/uploads\/2021\/10\/DSC_0325-1536x1017.jpg 1536w, https:\/\/unifranz.edu.bo\/wp-content\/uploads\/2021\/10\/DSC_0325-2048x1356.jpg 2048w, https:\/\/unifranz.edu.bo\/wp-content\/uploads\/2021\/10\/DSC_0325-18x12.jpg 18w\" sizes=\"auto, (max-width: 300px) 100vw, 300px\" \/><\/a>\n\t\t\t<\/div><\/figure>\n\t\t<\/div>","protected":false},"excerpt":{"rendered":"<p>Transformar la educaci\u00f3n a partir de la innovaci\u00f3n disruptiva es un gran proyecto que involucra varios actores y etapas. Es as\u00ed, que resulta indispensable comenzar a crear nuevos puentes entre la educaci\u00f3n primaria y la educaci\u00f3n superior. Conexiones reales que permitan cerrar las brechas en el \u00e1mbito tecnol\u00f3gico y proporcionen recursos, capacitaci\u00f3n, informaci\u00f3n y un &hellip; <a href=\"https:\/\/unifranz.edu.bo\/pt\/noticias\/pnud-y-unifranz-presentan-la-red-de-innovacion-educativa-latam\/\">Continued<\/a><\/p>","protected":false},"author":45,"featured_media":73443,"comment_status":"open","ping_status":"open","sticky":false,"template":"","format":"standard","meta":{"_acf_changed":false,"footnotes":""},"categories":[60,51,280,454,1662,322,1710,1708,29,1782],"tags":[1832,1836,1834,242],"class_list":["post-73442","post","type-post","status-publish","format-standard","has-post-thumbnail","hentry","category-blog","category-branding","category-cochabamba","category-convenios","category-docentes","category-estrategias","category-expertos","category-innovacion","category-noticias","category-unifranz","tag-pnud","tag-red-de-innovacion-educativa-latam","tag-transformadores-de-la-educacion","tag-unifranz"],"acf":[],"_links":{"self":[{"href":"https:\/\/unifranz.edu.bo\/pt\/wp-json\/wp\/v2\/posts\/73442","targetHints":{"allow":["GET"]}}],"collection":[{"href":"https:\/\/unifranz.edu.bo\/pt\/wp-json\/wp\/v2\/posts"}],"about":[{"href":"https:\/\/unifranz.edu.bo\/pt\/wp-json\/wp\/v2\/types\/post"}],"author":[{"embeddable":true,"href":"https:\/\/unifranz.edu.bo\/pt\/wp-json\/wp\/v2\/users\/45"}],"replies":[{"embeddable":true,"href":"https:\/\/unifranz.edu.bo\/pt\/wp-json\/wp\/v2\/comments?post=73442"}],"version-history":[{"count":9,"href":"https:\/\/unifranz.edu.bo\/pt\/wp-json\/wp\/v2\/posts\/73442\/revisions"}],"predecessor-version":[{"id":73674,"href":"https:\/\/unifranz.edu.bo\/pt\/wp-json\/wp\/v2\/posts\/73442\/revisions\/73674"}],"wp:featuredmedia":[{"embeddable":true,"href":"https:\/\/unifranz.edu.bo\/pt\/wp-json\/wp\/v2\/media\/73443"}],"wp:attachment":[{"href":"https:\/\/unifranz.edu.bo\/pt\/wp-json\/wp\/v2\/media?parent=73442"}],"wp:term":[{"taxonomy":"category","embeddable":true,"href":"https:\/\/unifranz.edu.bo\/pt\/wp-json\/wp\/v2\/categories?post=73442"},{"taxonomy":"post_tag","embeddable":true,"href":"https:\/\/unifranz.edu.bo\/pt\/wp-json\/wp\/v2\/tags?post=73442"}],"curies":[{"name":"wp","href":"https:\/\/api.w.org\/{rel}","templated":true}]}}