{"id":714028,"date":"2026-04-30T13:53:39","date_gmt":"2026-04-30T17:53:39","guid":{"rendered":"https:\/\/unifranz.edu.bo\/?p=714028"},"modified":"2026-04-30T13:54:20","modified_gmt":"2026-04-30T17:54:20","slug":"feriado-largo-en-la-paz-destinos-imperdibles-para-viajar-cerca","status":"publish","type":"post","link":"https:\/\/unifranz.edu.bo\/pt\/blog\/feriado-largo-en-la-paz-destinos-imperdibles-para-viajar-cerca\/","title":{"rendered":"Feriado largo en La Paz: destinos imperdibles para viajar cerca y activar la econom\u00eda local"},"content":{"rendered":"<p>De la naturaleza a la aventura, el feriado por el D\u00eda del Trabajo, que este a\u00f1o coincide con un viernes, abre la puerta a escapadas cortas que combinan descanso, cultura y naturaleza. M\u00e1s all\u00e1 del turismo, estos fines de semana largos representan una oportunidad clave para activar la econom\u00eda local.<\/p>\n\n\n\n<p>\u201cEstos periodos incentivan viajes breves pero significativos, generando un impacto directo en sectores como hoteler\u00eda, gastronom\u00eda y transporte\u201d, explica Claudia Cadena, directora de Administraci\u00f3n de Hoteler\u00eda y Turismo de Unifranz.<\/p>\n\n\n\n<p>En el departamento de La Paz, la diversidad de destinos permite experiencias para distintos perfiles de viajeros. Desde rutas de alta monta\u00f1a hasta pueblos con identidad cultural viva, la oferta es amplia y accesible.<\/p>\n\n\n\n<h2 class=\"wp-block-heading\"><strong>Naturaleza y aventura a pocas horas<\/strong><\/h2>\n\n\n\n<p>Para quienes buscan contacto con la naturaleza, la Cordillera Real ofrece escenarios ideales para caminatas y turismo de bajo impacto, como el hist\u00f3rico Camino del Choro. A esto se suma la posibilidad de observar fauna silvestre en la zona.<\/p>\n\n\n\n<p>Otro destino consolidado es Coroico, a unas tres horas de la ciudad. Su clima c\u00e1lido, vegetaci\u00f3n exuberante y oferta hotelera lo convierten en un cl\u00e1sico para desconectarse del ritmo urbano.<\/p>\n\n\n\n<h2 class=\"wp-block-heading\">Cultura, historia y espiritualidad<\/h2>\n\n\n\n<p>El turismo tambi\u00e9n encuentra en la cultura un motor clave. Copacabana sigue siendo uno de los destinos m\u00e1s visitados, no solo por su valor religioso, sino por su entorno junto al lago Titicaca.<\/p>\n\n\n\n<p>En tanto, Sorata combina tranquilidad, paisajes imponentes y atractivos como la Gruta de San Pedro y miradores naturales.<\/p>\n\n\n\n<p>Para quienes buscan experiencias m\u00e1s profundas, Charazani ofrece un acercamiento a la medicina ancestral kallawaya, reconocida por la UNESCO como patrimonio cultural.<\/p>\n\n\n\n<h2 class=\"wp-block-heading\"><strong>Municipios con potencial por descubrir<\/strong><\/h2>\n\n\n\n<p>M\u00e1s all\u00e1 de los destinos tradicionales, varios municipios del departamento comienzan a posicionarse gracias a su riqueza natural y cultural.<\/p>\n\n\n\n<p>Tiahuanaco destaca por su legado arqueol\u00f3gico precolombino, mientras que Caranavi se proyecta como la \u201ccapital cafetalera\u201d, ideal para el turismo productivo.<\/p>\n\n\n\n<p>En Quime, cascadas y paisajes de monta\u00f1a ofrecen rutas poco exploradas. Teoponte combina selva, r\u00edos y biodiversidad, y Jes\u00fas de Machaca resguarda tradiciones aymaras que fortalecen el turismo comunitario.<\/p>\n\n\n\n<p>Este potencial tambi\u00e9n se fortalece desde la academia. A trav\u00e9s de procesos de capacitaci\u00f3n impulsados por el Unifranz y el Centro de Investigaci\u00f3n, Innovaci\u00f3n y Transformaci\u00f3n Digital en Turismo (CIINTUR), se trabaj\u00f3 con estos municipios en la elaboraci\u00f3n de planes de gesti\u00f3n tur\u00edstica, dot\u00e1ndolos de herramientas t\u00e9cnicas para ordenar su oferta, definir su identidad y proyectar un desarrollo sostenible.<\/p>\n\n\n\n<p>Seg\u00fan M\u00f3nica Pacheco, especialista en gesti\u00f3n tur\u00edstica y coordinadora del CIINTUR, el desarrollo de estos destinos depende de una planificaci\u00f3n estructurada. \u201cUn turismo sin planificaci\u00f3n puede generar saturaci\u00f3n o deterioro. En cambio, una estrategia clara permite ordenar el crecimiento, proteger los recursos y mejorar la experiencia del visitante\u201d, se\u00f1ala.<\/p>\n\n\n\n<h2 class=\"wp-block-heading\"><strong>Turismo que genera desarrollo<\/strong><\/h2>\n\n\n\n<p>Una gesti\u00f3n tur\u00edstica sostenible no solo atrae visitantes, tambi\u00e9n impulsa econom\u00edas locales. Desde alojamientos hasta producci\u00f3n artesanal, el movimiento se distribuye en distintos sectores.<\/p>\n\n\n\n<p>Adem\u00e1s, cuando las comunidades participan activamente, el turismo fortalece la identidad cultural y genera oportunidades reales. \u201cEl objetivo es que el beneficio se quede en el territorio y mejore la calidad de vida de las familias\u201d, a\u00f1ade Pacheco.<\/p>\n\n\n\n<h2 class=\"wp-block-heading\"><strong>Turismo responsable<\/strong><\/h2>\n\n\n\n<p>El crecimiento del turismo tambi\u00e9n implica compromiso. La correcta gesti\u00f3n de residuos, el respeto a las tradiciones y el apoyo a emprendimientos locales son pr\u00e1cticas clave para preservar los destinos.<\/p>\n\n\n\n<p>Elegir servicios responsables y participar en experiencias comunitarias no solo mejora el viaje, sino que contribuye a un desarrollo m\u00e1s equilibrado.<\/p>\n\n\n\n<p>En este feriado largo, recorrer el departamento de La Paz no solo es una opci\u00f3n de descanso. Es tambi\u00e9n una forma de aportar al desarrollo local, valorar el patrimonio y redescubrir la riqueza de un territorio que a\u00fan tiene mucho por mostrar.<\/p>","protected":false},"excerpt":{"rendered":"<p>Feriado largo en La Paz: destinos cercanos, turismo sostenible y oportunidades para dinamizar la econom\u00eda local con cultura, naturaleza y aventura.<\/p>","protected":false},"author":25,"featured_media":714029,"comment_status":"open","ping_status":"open","sticky":false,"template":"","format":"standard","meta":{"_acf_changed":false,"footnotes":""},"categories":[60,11083,1996,5822,302,27,7345,1658,1782,10374],"tags":[53,47,1422,41,49,242],"class_list":["post-714028","post","type-post","status-publish","format-standard","has-post-thumbnail","hentry","category-blog","category-unifranzelalto","category-administracion-de-hoteleria-y-turismo","category-ecoturismo","category-el-alto","category-la-paz","category-onu-turismo","category-turismo","category-unifranz","category-unifranz-el-alto","tag-educacion","tag-el-alto","tag-innovacion-en-educacion","tag-la-paz","tag-medicina","tag-unifranz"],"acf":[],"_links":{"self":[{"href":"https:\/\/unifranz.edu.bo\/pt\/wp-json\/wp\/v2\/posts\/714028","targetHints":{"allow":["GET"]}}],"collection":[{"href":"https:\/\/unifranz.edu.bo\/pt\/wp-json\/wp\/v2\/posts"}],"about":[{"href":"https:\/\/unifranz.edu.bo\/pt\/wp-json\/wp\/v2\/types\/post"}],"author":[{"embeddable":true,"href":"https:\/\/unifranz.edu.bo\/pt\/wp-json\/wp\/v2\/users\/25"}],"replies":[{"embeddable":true,"href":"https:\/\/unifranz.edu.bo\/pt\/wp-json\/wp\/v2\/comments?post=714028"}],"version-history":[{"count":1,"href":"https:\/\/unifranz.edu.bo\/pt\/wp-json\/wp\/v2\/posts\/714028\/revisions"}],"predecessor-version":[{"id":714030,"href":"https:\/\/unifranz.edu.bo\/pt\/wp-json\/wp\/v2\/posts\/714028\/revisions\/714030"}],"wp:featuredmedia":[{"embeddable":true,"href":"https:\/\/unifranz.edu.bo\/pt\/wp-json\/wp\/v2\/media\/714029"}],"wp:attachment":[{"href":"https:\/\/unifranz.edu.bo\/pt\/wp-json\/wp\/v2\/media?parent=714028"}],"wp:term":[{"taxonomy":"category","embeddable":true,"href":"https:\/\/unifranz.edu.bo\/pt\/wp-json\/wp\/v2\/categories?post=714028"},{"taxonomy":"post_tag","embeddable":true,"href":"https:\/\/unifranz.edu.bo\/pt\/wp-json\/wp\/v2\/tags?post=714028"}],"curies":[{"name":"wp","href":"https:\/\/api.w.org\/{rel}","templated":true}]}}