{"id":714024,"date":"2026-04-30T13:20:34","date_gmt":"2026-04-30T17:20:34","guid":{"rendered":"https:\/\/unifranz.edu.bo\/?p=714024"},"modified":"2026-04-30T13:21:12","modified_gmt":"2026-04-30T17:21:12","slug":"transformacion-educativa-responde-a-los-cambios-tecnologicos-y-sociales-del-siglo-xxi","status":"publish","type":"post","link":"https:\/\/unifranz.edu.bo\/pt\/blog\/transformacion-educativa-responde-a-los-cambios-tecnologicos-y-sociales-del-siglo-xxi\/","title":{"rendered":"Transformaci\u00f3n educativa responde a los cambios tecnol\u00f3gicos y sociales del siglo XXI"},"content":{"rendered":"<p>El modelo educativo tradicional ha sido la base de la formaci\u00f3n acad\u00e9mica en distintos niveles. Sin embargo, los profundos cambios sociales, tecnol\u00f3gicos y laborales han evidenciado sus limitaciones, generando la necesidad de una transformaci\u00f3n que responda a las demandas del siglo XXI.<\/p>\n\n\n\n<blockquote class=\"wp-block-quote is-layout-flow wp-block-quote-is-layout-flow\">\n<p>Caroline Ayala, coordinadora nacional de Desarrollo Curricular de Unifranz, explica con claridad este cambio de paradigma: \u201cEl modelo educativo como el tradicional es un modelo que ya cumpli\u00f3 su ciclo Hoy en d\u00eda la din\u00e1mica social y tecnol\u00f3gica a nivel mundial es diferente. El ni\u00f1o desde que va creciendo est\u00e1 relacionado con la tecnolog\u00eda y con esa din\u00e1mica cambiante que es mucho m\u00e1s acelerada a\u00f1o tras a\u00f1o\u201d, sostiene Ayala.<\/p>\n<\/blockquote>\n\n\n\n<p>Esta aceleraci\u00f3n tecnol\u00f3gica ha modificado la forma en que las personas acceden a la informaci\u00f3n, trabajan y se relacionan. En este contexto, la educaci\u00f3n no puede mantenerse est\u00e1tica. La transformaci\u00f3n educativa surge como respuesta directa a estos cambios globales.<\/p>\n\n\n\n<blockquote class=\"wp-block-quote is-layout-flow wp-block-quote-is-layout-flow\">\n<p>\u201cLa transformaci\u00f3n del modelo educativo responde a ese contexto global que est\u00e1 pensando en esa aceleraci\u00f3n de la evoluci\u00f3n de la tecnolog\u00eda, adem\u00e1s lo est\u00e1 realizando. Es una actividad constante, es una actividad que est\u00e1 transformando a la sociedad\u201d, explica la acad\u00e9mica.<\/p>\n<\/blockquote>\n\n\n\n<p>Esta evoluci\u00f3n no solo implica la incorporaci\u00f3n de tecnolog\u00eda en el aula, sino tambi\u00e9n la adaptaci\u00f3n de metodolog\u00edas, contenidos y enfoques pedag\u00f3gicos que preparen a los estudiantes para un entorno din\u00e1mico y cambiante.<\/p>\n\n\n\n<p><strong>Del aprendizaje memor\u00edstico a las competencias<\/strong><\/p>\n\n\n\n<p>Uno de los principales cuestionamientos al modelo tradicional es su enfoque centrado en la memorizaci\u00f3n y la transmisi\u00f3n vertical de contenidos. Durante a\u00f1os, se asumi\u00f3 que adquirir conocimientos te\u00f3ricos era suficiente para el desempe\u00f1o profesional. Sin embargo, esta visi\u00f3n ha quedado obsoleta.&nbsp;<\/p>\n\n\n\n<blockquote class=\"wp-block-quote is-layout-flow wp-block-quote-is-layout-flow\">\n<p>\u201cHemos visto que durante d\u00e9cadas este modelo educativo tradicional estaba centrado solamente en la transmisi\u00f3n o en la informaci\u00f3n de contenidos de una manera bastante vertical, y por supuesto, memor\u00edstica.\u201d, explica Ayala.<\/p>\n<\/blockquote>\n\n\n\n<p>Hoy en d\u00eda, el conocimiento por s\u00ed solo no garantiza el \u00e9xito profesional. Las nuevas demandas del mercado laboral exigen habilidades como el pensamiento cr\u00edtico, la resoluci\u00f3n de problemas, la adaptabilidad y la capacidad de aprendizaje continuo. En ese sentido, la especialista enfatiza: \u201cHoy en d\u00eda este conocimiento no es suficiente.\u201d<\/p>\n\n\n\n<p><strong>Tecnolog\u00eda, nuevas profesiones y nuevas habilidades<\/strong><\/p>\n\n\n\n<p>La aparici\u00f3n de nuevas profesiones, impulsadas por la digitalizaci\u00f3n y la automatizaci\u00f3n, ha generado la necesidad de formar profesionales con competencias espec\u00edficas y actualizadas.<\/p>\n\n\n\n<blockquote class=\"wp-block-quote is-layout-flow wp-block-quote-is-layout-flow\">\n<p>\u201cLa transformaci\u00f3n es tambi\u00e9n la inclusi\u00f3n de la transformaci\u00f3n digital, de la automatizaci\u00f3n y de la aparici\u00f3n de las nuevas profesiones, que demandan habilidades que la sociedad est\u00e1 exigiendo en este momento\u201d, destaca Ayala.<\/p>\n<\/blockquote>\n\n\n\n<p>Esto implica replantear los modelos educativos de la educaci\u00f3n superior para incluir no solo conocimientos t\u00e9cnicos, sino tambi\u00e9n habilidades humanas y sociales que permitan a los estudiantes desenvolverse en entornos diversos.<\/p>\n\n\n\n<p><strong>Formaci\u00f3n integral para transformar la sociedad<\/strong><\/p>\n\n\n\n<p>La educaci\u00f3n contempor\u00e1nea no solo busca formar profesionales competentes, sino tambi\u00e9n ciudadanos capaces de generar impacto positivo en su entorno. Por ello, el desarrollo de competencias humanas es tan importante como el conocimiento t\u00e9cnico.<\/p>\n\n\n\n<blockquote class=\"wp-block-quote is-layout-flow wp-block-quote-is-layout-flow\">\n<p>\u201cLos profesionales deben demostrar no solamente sus competencias profesionales, sino tambi\u00e9n las competencias humanas, las competencias que nosotros vamos formando como personas para que ellos puedan ser capaces de adaptarse con facilidad a un entorno laboral, aprender, tener mejora continua, a innovar, a resolver problemas de sus propios contextos laborales\u201d, destaca Ayala.<\/p>\n<\/blockquote>\n\n\n\n<p>La transformaci\u00f3n del modelo educativo tradicional es una necesidad reconocida a nivel global. Las instituciones de educaci\u00f3n superior tienen la responsabilidad de liderar este proceso, formando profesionales con capacidades de adaptaci\u00f3n, innovaci\u00f3n y aporte al desarrollo social y econ\u00f3mico.&nbsp;<\/p>\n\n\n\n<p>En palabras de Ayala, este nuevo enfoque permite \u201cestar con un pie m\u00e1s adelante\u201d, preparando a los estudiantes para enfrentar un mundo en constante evoluci\u00f3n.<\/p>\n\n\n\n<p>As\u00ed, la educaci\u00f3n deja de ser un proceso est\u00e1tico para convertirse en una experiencia din\u00e1mica, centrada en el aprendizaje significativo y en la formaci\u00f3n de individuos capaces de transformar su realidad.<\/p>","protected":false},"excerpt":{"rendered":"<p>La transformaci\u00f3n educativa responde a los cambios tecnol\u00f3gicos y sociales del siglo XXI. Supera el modelo tradicional y prioriza competencias, innovaci\u00f3n y habilidades digitales para formar profesionales adaptables al nuevo entorno laboral.<\/p>","protected":false},"author":51,"featured_media":714025,"comment_status":"open","ping_status":"open","sticky":false,"template":"","format":"standard","meta":{"_acf_changed":false,"footnotes":""},"categories":[60],"tags":[266,12397,12258,53,12161,386,1422,1470,218,1618,242],"class_list":["post-714024","post","type-post","status-publish","format-standard","has-post-thumbnail","hentry","category-blog","tag-bolivia","tag-cambios-tecnologicos","tag-desafios-del-siglo-xxi","tag-educacion","tag-educacion-del-siglo-xxi","tag-estudiantes","tag-innovacion-en-educacion","tag-siglo-xxi","tag-tecnologia","tag-transformacion-de-la-educacion","tag-unifranz"],"acf":[],"_links":{"self":[{"href":"https:\/\/unifranz.edu.bo\/pt\/wp-json\/wp\/v2\/posts\/714024","targetHints":{"allow":["GET"]}}],"collection":[{"href":"https:\/\/unifranz.edu.bo\/pt\/wp-json\/wp\/v2\/posts"}],"about":[{"href":"https:\/\/unifranz.edu.bo\/pt\/wp-json\/wp\/v2\/types\/post"}],"author":[{"embeddable":true,"href":"https:\/\/unifranz.edu.bo\/pt\/wp-json\/wp\/v2\/users\/51"}],"replies":[{"embeddable":true,"href":"https:\/\/unifranz.edu.bo\/pt\/wp-json\/wp\/v2\/comments?post=714024"}],"version-history":[{"count":1,"href":"https:\/\/unifranz.edu.bo\/pt\/wp-json\/wp\/v2\/posts\/714024\/revisions"}],"predecessor-version":[{"id":714026,"href":"https:\/\/unifranz.edu.bo\/pt\/wp-json\/wp\/v2\/posts\/714024\/revisions\/714026"}],"wp:featuredmedia":[{"embeddable":true,"href":"https:\/\/unifranz.edu.bo\/pt\/wp-json\/wp\/v2\/media\/714025"}],"wp:attachment":[{"href":"https:\/\/unifranz.edu.bo\/pt\/wp-json\/wp\/v2\/media?parent=714024"}],"wp:term":[{"taxonomy":"category","embeddable":true,"href":"https:\/\/unifranz.edu.bo\/pt\/wp-json\/wp\/v2\/categories?post=714024"},{"taxonomy":"post_tag","embeddable":true,"href":"https:\/\/unifranz.edu.bo\/pt\/wp-json\/wp\/v2\/tags?post=714024"}],"curies":[{"name":"wp","href":"https:\/\/api.w.org\/{rel}","templated":true}]}}