{"id":714017,"date":"2026-04-30T11:37:24","date_gmt":"2026-04-30T15:37:24","guid":{"rendered":"https:\/\/unifranz.edu.bo\/?p=714017"},"modified":"2026-04-30T11:42:47","modified_gmt":"2026-04-30T15:42:47","slug":"avance-tecnologico-impulsa-la-actualizacion-del-derecho-informatico-en-bolivia","status":"publish","type":"post","link":"https:\/\/unifranz.edu.bo\/pt\/blog\/avance-tecnologico-impulsa-la-actualizacion-del-derecho-informatico-en-bolivia\/","title":{"rendered":"Avance tecnol\u00f3gico impulsa la actualizaci\u00f3n del derecho inform\u00e1tico en Bolivia"},"content":{"rendered":"<p>La evoluci\u00f3n de la tecnolog\u00eda ha transformado la forma en que las personas se comunican, trabajan y acceden a servicios. Este crecimiento no siempre ha sido acompa\u00f1ado por un marco legal actualizado, lo que plantea la necesidad urgente de modernizar el derecho inform\u00e1tico y los derechos digitales.<\/p>\n\n\n\n<blockquote class=\"wp-block-quote is-layout-flow wp-block-quote-is-layout-flow\">\n<p>Marco Antonio Nogales, docente de Derecho de la Universidad Franz Tamayo (Unifranz), destaca que el primer paso para cerrar esta brecha es pol\u00edtico: \u00abMejorar el marco legal primeramente parte de una voluntad pol\u00edtica, de la voluntad de los gobernantes para poder iniciar y tener iniciativas legislativas y tambi\u00e9n pol\u00edticas p\u00fablicas\u00bb, sostiene el acad\u00e9mico.<\/p>\n<\/blockquote>\n\n\n\n<p>Actualmente, el pa\u00eds enfrenta una brecha significativa entre la evoluci\u00f3n digital y la normativa vigente. Legislaciones como la Ley N.\u00ba 164 de Telecomunicaciones, promulgada en 2011, resultan insuficientes para abordar fen\u00f3menos actuales como la inteligencia artificial, el comercio electr\u00f3nico, el uso de datos masivos o los ciberdelitos complejos.<\/p>\n\n\n\n<p>El crecimiento de delitos inform\u00e1ticos como el phishing, el robo de identidad, el ciberacoso o el ransomware evidencia la necesidad de contar con leyes m\u00e1s espec\u00edficas. En Bolivia, solo algunos delitos digitales est\u00e1n tipificados, lo que genera dificultades en su persecuci\u00f3n y sanci\u00f3n.<\/p>\n\n\n\n<p>A esto se suma la falta de una ley integral de protecci\u00f3n de datos personales plenamente vigente, lo que deja a los ciudadanos en una situaci\u00f3n de vulnerabilidad frente al uso indebido de su informaci\u00f3n.<\/p>\n\n\n\n<p><strong>Iniciativas en proceso, pero a\u00fan insuficientes<\/strong><\/p>\n\n\n\n<p>En los \u00faltimos a\u00f1os, han surgido algunos avances, como el proyecto de ley de protecci\u00f3n de datos personales. Sin embargo, su implementaci\u00f3n a\u00fan no se ha concretado.<\/p>\n\n\n\n<blockquote class=\"wp-block-quote is-layout-flow wp-block-quote-is-layout-flow\">\n<p>\u00abEn este sentido, tambi\u00e9n vale la pena recordar que tenemos ya una ley, un proyecto de ley de protecci\u00f3n de datos personales que se ha aprobado la gesti\u00f3n pasada en la C\u00e1mara de Senadores, pero por conclusi\u00f3n de la legislatura, pues qued\u00f3 archivado. Y esto se constituir\u00eda en una primera iniciativa de protecci\u00f3n de datos personales. Evidentemente tiene ciertos puntos cr\u00edticos, tiene algunos aspectos que se pueden rescatar; sin embargo, se podr\u00eda constituir en una primera iniciativa\u00bb, explica Nogales.<\/p>\n<\/blockquote>\n\n\n\n<p>Este escenario refleja la necesidad de retomar y fortalecer estas propuestas, adapt\u00e1ndolas a los est\u00e1ndares internacionales y a las nuevas din\u00e1micas digitales.<\/p>\n\n\n\n<figure class=\"wp-block-embed is-type-video is-provider-youtube wp-block-embed-youtube wp-embed-aspect-16-9 wp-has-aspect-ratio\"><div class=\"wp-block-embed__wrapper\">\n<iframe loading=\"lazy\" title=\"Unifranz | El avance tecnol\u00f3gico precisa regulaciones jur\u00eddicas\" width=\"500\" height=\"281\" src=\"https:\/\/www.youtube.com\/embed\/MTttBM2j0cI?feature=oembed\" frameborder=\"0\" allow=\"accelerometer; autoplay; clipboard-write; encrypted-media; gyroscope; picture-in-picture; web-share\" referrerpolicy=\"strict-origin-when-cross-origin\" allowfullscreen><\/iframe>\n<\/div><\/figure>\n\n\n\n<p><\/p>\n\n\n\n<p><strong>Derechos digitales y modernizaci\u00f3n del Estado<\/strong><\/p>\n\n\n\n<p>La actualizaci\u00f3n del derecho inform\u00e1tico no solo implica regular delitos, sino tambi\u00e9n garantizar derechos fundamentales en entornos digitales, como la privacidad, la protecci\u00f3n de datos y el acceso equitativo a la tecnolog\u00eda.<\/p>\n\n\n\n<p>Adem\u00e1s, la digitalizaci\u00f3n de los servicios p\u00fablicos requiere un respaldo normativo s\u00f3lido que evite arbitrariedades y garantice transparencia.&nbsp;<\/p>\n\n\n\n<blockquote class=\"wp-block-quote is-layout-flow wp-block-quote-is-layout-flow\">\n<p>\u00abEl Derecho Inform\u00e1tico y la modernizaci\u00f3n del Estado parte precisamente por esta voluntad que tengan nuestros gobernantes de proporcionar pol\u00edticas p\u00fablicas e iniciativas legislativas para poder lograr un marco normativo de pleno respeto a los derechos fundamentales dentro de lo que es la agilizaci\u00f3n de los tr\u00e1mites administrativos, estandarizaci\u00f3n de los tr\u00e1mites administrativos, que no solo va de la mano de una digitalizaci\u00f3n de tr\u00e1mites, sino que tiene que ir acompa\u00f1ado de este marco normativo fuerte, robusto, que es necesario para poder evitar cualquier tipo de discrecionalidad de la administraci\u00f3n p\u00fablica\u00bb, explica el acad\u00e9mico.<\/p>\n<\/blockquote>\n\n\n\n<p><strong>Hacia una legislaci\u00f3n acorde al siglo XXI<\/strong><\/p>\n\n\n\n<p>La experiencia internacional demuestra que pa\u00edses que han incorporado derechos digitales en sus marcos constitucionales o han desarrollado leyes espec\u00edficas de protecci\u00f3n de datos han logrado fortalecer la confianza ciudadana y promover la innovaci\u00f3n.<\/p>\n\n\n\n<p>En Bolivia, avanzar en esta direcci\u00f3n exige no solo actualizar las leyes vigentes, sino tambi\u00e9n reconocer derechos como la autodeterminaci\u00f3n informativa, proteger a la ciudadan\u00eda frente a la vigilancia masiva y regular tecnolog\u00edas emergentes como la inteligencia artificial.<\/p>\n\n\n\n<p>Actualizar el derecho inform\u00e1tico y los derechos digitales es una necesidad. La transformaci\u00f3n digital exige un marco legal que proteja a los ciudadanos, garantice seguridad jur\u00eddica y promueva el desarrollo tecnol\u00f3gico.<\/p>\n\n\n\n<p>Existe el riesgo de quedar rezagados frente a los avances globales. En este escenario, la articulaci\u00f3n entre Estado, academia y sociedad civil es clave para construir una normativa moderna, inclusiva y acorde a los desaf\u00edos del siglo XXI.<\/p>","protected":false},"excerpt":{"rendered":"<p>El avance tecnol\u00f3gico exige actualizar el derecho inform\u00e1tico en Bolivia. Regular datos personales, ciberdelitos e inteligencia artificial es clave para proteger derechos digitales, garantizar seguridad jur\u00eddica y fortalecer la transformaci\u00f3n digital.<\/p>","protected":false},"author":51,"featured_media":714018,"comment_status":"open","ping_status":"open","sticky":false,"template":"","format":"standard","meta":{"_acf_changed":false,"footnotes":""},"categories":[60],"tags":[1342,3950,266,39,12001,1696,53,1422,11817,11954,11579,1470,218,242],"class_list":["post-714017","post","type-post","status-publish","format-standard","has-post-thumbnail","hentry","category-blog","tag-actualizacion","tag-avances-tecnologicos","tag-bolivia","tag-derecho","tag-derecho-digital","tag-derecho-informatico","tag-educacion","tag-innovacion-en-educacion","tag-legislacion-2","tag-modernizacion-del-estado","tag-seguridad-digital","tag-siglo-xxi","tag-tecnologia","tag-unifranz"],"acf":[],"_links":{"self":[{"href":"https:\/\/unifranz.edu.bo\/pt\/wp-json\/wp\/v2\/posts\/714017","targetHints":{"allow":["GET"]}}],"collection":[{"href":"https:\/\/unifranz.edu.bo\/pt\/wp-json\/wp\/v2\/posts"}],"about":[{"href":"https:\/\/unifranz.edu.bo\/pt\/wp-json\/wp\/v2\/types\/post"}],"author":[{"embeddable":true,"href":"https:\/\/unifranz.edu.bo\/pt\/wp-json\/wp\/v2\/users\/51"}],"replies":[{"embeddable":true,"href":"https:\/\/unifranz.edu.bo\/pt\/wp-json\/wp\/v2\/comments?post=714017"}],"version-history":[{"count":2,"href":"https:\/\/unifranz.edu.bo\/pt\/wp-json\/wp\/v2\/posts\/714017\/revisions"}],"predecessor-version":[{"id":714020,"href":"https:\/\/unifranz.edu.bo\/pt\/wp-json\/wp\/v2\/posts\/714017\/revisions\/714020"}],"wp:featuredmedia":[{"embeddable":true,"href":"https:\/\/unifranz.edu.bo\/pt\/wp-json\/wp\/v2\/media\/714018"}],"wp:attachment":[{"href":"https:\/\/unifranz.edu.bo\/pt\/wp-json\/wp\/v2\/media?parent=714017"}],"wp:term":[{"taxonomy":"category","embeddable":true,"href":"https:\/\/unifranz.edu.bo\/pt\/wp-json\/wp\/v2\/categories?post=714017"},{"taxonomy":"post_tag","embeddable":true,"href":"https:\/\/unifranz.edu.bo\/pt\/wp-json\/wp\/v2\/tags?post=714017"}],"curies":[{"name":"wp","href":"https:\/\/api.w.org\/{rel}","templated":true}]}}