{"id":714007,"date":"2026-04-30T09:43:45","date_gmt":"2026-04-30T13:43:45","guid":{"rendered":"https:\/\/unifranz.edu.bo\/?p=714007"},"modified":"2026-04-30T09:44:20","modified_gmt":"2026-04-30T13:44:20","slug":"bioetica-en-la-era-tecnologica-ia-genetica-y-salud-digital-desafian-la-formacion-etica-de-los-profesionales-del-futuro","status":"publish","type":"post","link":"https:\/\/unifranz.edu.bo\/pt\/blog\/bioetica-en-la-era-tecnologica-ia-genetica-y-salud-digital-desafian-la-formacion-etica-de-los-profesionales-del-futuro\/","title":{"rendered":"Bio\u00e9tica en la era tecnol\u00f3gica: IA, gen\u00e9tica y salud digital desaf\u00edan la formaci\u00f3n \u00e9tica de los profesionales del futuro"},"content":{"rendered":"<p>La acelerada evoluci\u00f3n de la inteligencia artificial, la gen\u00e9tica y la salud digital ha colocado a la bio\u00e9tica en el centro del debate universitario. Ya no se trata \u00fanicamente de formar profesionales t\u00e9cnicamente competentes, sino de preparar ciudadanos capaces de enfrentar dilemas complejos donde la innovaci\u00f3n cient\u00edfica se cruza con la dignidad humana, la justicia social y los derechos fundamentales. En este escenario, la educaci\u00f3n superior enfrenta el reto de integrar la reflexi\u00f3n \u00e9tica como un eje transversal en la formaci\u00f3n acad\u00e9mica.<\/p>\n\n\n\n<blockquote class=\"wp-block-quote is-layout-flow wp-block-quote-is-layout-flow\">\n<p>\u201cLa bio\u00e9tica es un intento de di\u00e1logo inter y multidisciplinario para abordar nuevas cuestiones que tienen que ver con ese progreso cient\u00edfico biom\u00e9dico\u201d, explic\u00f3 el doctor Eduardo D\u00edaz Amado, director del Instituto de Bio\u00e9tica de la Pontificia Universidad Javeriana.<\/p>\n<\/blockquote>\n\n\n\n<p>La incorporaci\u00f3n de algoritmos en diagn\u00f3sticos m\u00e9dicos, el manejo masivo de datos sensibles y los avances en edici\u00f3n gen\u00e9tica plantean preguntas que trascienden lo t\u00e9cnico. \u00bfDeben aplicarse todas las tecnolog\u00edas disponibles? \u00bfQui\u00e9n asume la responsabilidad cuando un sistema automatizado falla? \u00bfC\u00f3mo evitar que la innovaci\u00f3n ampl\u00ede las brechas de desigualdad? Estas interrogantes exigen una formaci\u00f3n cr\u00edtica que permita anticipar riesgos y tomar decisiones informadas en escenarios cada vez m\u00e1s complejos.<\/p>\n\n\n\n<p>En este contexto, la bio\u00e9tica se consolida como una herramienta clave para analizar el impacto de la tecnolog\u00eda en la sociedad. Su alcance no se limita al \u00e1mbito m\u00e9dico, sino que abarca tambi\u00e9n la inteligencia artificial, la investigaci\u00f3n cient\u00edfica y la toma de decisiones p\u00fablicas, promoviendo un enfoque interdisciplinario que pone en el centro a la persona.<\/p>\n\n\n\n<blockquote class=\"wp-block-quote is-layout-flow wp-block-quote-is-layout-flow\">\n<p>\u201cEl objetivo de la educaci\u00f3n debe ser producir o crear ciudadanos con conciencia cr\u00edtica\u201d, sostiene el experto de la Pontificia Universidad Javeriana de Colombia.<\/p>\n<\/blockquote>\n\n\n\n<p>Este enfoque resulta fundamental en un entorno donde la automatizaci\u00f3n puede reproducir sesgos o generar nuevas formas de exclusi\u00f3n. La formaci\u00f3n universitaria, por tanto, debe priorizar el desarrollo de capacidades reflexivas que permitan a los futuros profesionales cuestionar, dialogar y actuar con responsabilidad frente a los desaf\u00edos tecnol\u00f3gicos.<\/p>\n\n\n\n<p>En Am\u00e9rica Latina, la discusi\u00f3n bio\u00e9tica tambi\u00e9n est\u00e1 profundamente vinculada a la justicia social. El acceso equitativo a la salud, la distribuci\u00f3n de recursos y la protecci\u00f3n de los derechos del paciente son temas que exigen decisiones sustentadas en valores \u00e9ticos, m\u00e1s all\u00e1 de criterios t\u00e9cnicos o econ\u00f3micos.<\/p>\n\n\n\n<figure class=\"wp-block-embed is-type-video is-provider-youtube wp-block-embed-youtube wp-embed-aspect-16-9 wp-has-aspect-ratio\"><div class=\"wp-block-embed__wrapper\">\n<iframe loading=\"lazy\" title=\"Unifranz | Bio\u00e9tica: IA, gen\u00e9tica y salud digital desaf\u00edan la formaci\u00f3n \u00e9tica de los profesionales\" width=\"500\" height=\"281\" src=\"https:\/\/www.youtube.com\/embed\/J6v271Bb_aE?feature=oembed\" frameborder=\"0\" allow=\"accelerometer; autoplay; clipboard-write; encrypted-media; gyroscope; picture-in-picture; web-share\" referrerpolicy=\"strict-origin-when-cross-origin\" allowfullscreen><\/iframe>\n<\/div><\/figure>\n\n\n\n<blockquote class=\"wp-block-quote is-layout-flow wp-block-quote-is-layout-flow\">\n<p>\u201cLa idea de que las personas deben recibir la atenci\u00f3n que necesitan es una idea \u00e9tica\u201d, afirma el especialista al abordar la importancia de la equidad en los sistemas de salud.<\/p>\n<\/blockquote>\n\n\n\n<p>En este sentido, la bio\u00e9tica ofrece un marco para construir pol\u00edticas p\u00fablicas m\u00e1s humanas, orientadas a reducir desigualdades y garantizar el bienestar colectivo. La tecnolog\u00eda puede ampliar oportunidades, pero sin una gu\u00eda \u00e9tica clara tambi\u00e9n puede profundizar brechas existentes.<\/p>\n\n\n\n<blockquote class=\"wp-block-quote is-layout-flow wp-block-quote-is-layout-flow\">\n<p>\u201cTodo lo que podemos hacer, lo deber\u00edamos hacer\u201d, cuestiona D\u00edaz Amado.<\/p>\n<\/blockquote>\n\n\n\n<p>Esta reflexi\u00f3n resume una tensi\u00f3n clave de la ciencia actual. La capacidad t\u00e9cnica no siempre implica legitimidad moral, y es precisamente en ese punto donde la bio\u00e9tica adquiere relevancia. Formar profesionales del futuro implica dotarlos de herramientas para evaluar consecuencias, anticipar riesgos y tomar decisiones responsables en un mundo atravesado por la innovaci\u00f3n constante.<\/p>\n\n\n\n<p>La visita de D\u00edaz Amado a Bolivia se dio en el marco de la presentaci\u00f3n oficial del Comit\u00e9 de \u00c9tica de la Universidad Franz Tamayo (Unifranz) para la investigaci\u00f3n, una iniciativa orientada a la evaluaci\u00f3n y seguimiento de los trabajos cient\u00edficos desarrollados dentro de la instituci\u00f3n.&nbsp;<\/p>\n\n\n\n<p>Este avance forma parte de un programa financiado por el Instituto Nacional para la Investigaci\u00f3n y Atenci\u00f3n en Salud (NIHR), liderado por la Queen Mary University de Londres, en alianza con Unifranz, la Pontificia Universidad Javeriana de Colombia y la Universidad Rafael Land\u00edvar de Guatemala. El proyecto NIHR LATAM busca fortalecer una investigaci\u00f3n \u00e9tica, rigurosa y de vanguardia en la regi\u00f3n, consolidando la bio\u00e9tica como un pilar fundamental en el desarrollo cient\u00edfico latinoamericano.<\/p>","protected":false},"excerpt":{"rendered":"<p>\u00bfPodemos hacer todo lo que la ciencia permite? Eduardo D\u00edaz Amado analiza los retos \u00e9ticos de la IA y la gen\u00e9tica en la formaci\u00f3n profesional.<\/p>","protected":false},"author":49,"featured_media":714008,"comment_status":"open","ping_status":"open","sticky":false,"template":"","format":"standard","meta":{"_acf_changed":false,"footnotes":""},"categories":[60],"tags":[651,11569,12276,1422,62,49,11332,611,124,242],"class_list":["post-714007","post","type-post","status-publish","format-standard","has-post-thumbnail","hentry","category-blog","tag-bioetica","tag-calidad-academica-2","tag-calidad-universitaria","tag-innovacion-en-educacion","tag-internacionalizate","tag-medicina","tag-nihr-latam","tag-politicas-publicas","tag-salud","tag-unifranz"],"acf":[],"_links":{"self":[{"href":"https:\/\/unifranz.edu.bo\/pt\/wp-json\/wp\/v2\/posts\/714007","targetHints":{"allow":["GET"]}}],"collection":[{"href":"https:\/\/unifranz.edu.bo\/pt\/wp-json\/wp\/v2\/posts"}],"about":[{"href":"https:\/\/unifranz.edu.bo\/pt\/wp-json\/wp\/v2\/types\/post"}],"author":[{"embeddable":true,"href":"https:\/\/unifranz.edu.bo\/pt\/wp-json\/wp\/v2\/users\/49"}],"replies":[{"embeddable":true,"href":"https:\/\/unifranz.edu.bo\/pt\/wp-json\/wp\/v2\/comments?post=714007"}],"version-history":[{"count":1,"href":"https:\/\/unifranz.edu.bo\/pt\/wp-json\/wp\/v2\/posts\/714007\/revisions"}],"predecessor-version":[{"id":714009,"href":"https:\/\/unifranz.edu.bo\/pt\/wp-json\/wp\/v2\/posts\/714007\/revisions\/714009"}],"wp:featuredmedia":[{"embeddable":true,"href":"https:\/\/unifranz.edu.bo\/pt\/wp-json\/wp\/v2\/media\/714008"}],"wp:attachment":[{"href":"https:\/\/unifranz.edu.bo\/pt\/wp-json\/wp\/v2\/media?parent=714007"}],"wp:term":[{"taxonomy":"category","embeddable":true,"href":"https:\/\/unifranz.edu.bo\/pt\/wp-json\/wp\/v2\/categories?post=714007"},{"taxonomy":"post_tag","embeddable":true,"href":"https:\/\/unifranz.edu.bo\/pt\/wp-json\/wp\/v2\/tags?post=714007"}],"curies":[{"name":"wp","href":"https:\/\/api.w.org\/{rel}","templated":true}]}}