{"id":714003,"date":"2026-04-30T09:37:46","date_gmt":"2026-04-30T13:37:46","guid":{"rendered":"https:\/\/unifranz.edu.bo\/?p=714003"},"modified":"2026-04-30T09:38:20","modified_gmt":"2026-04-30T13:38:20","slug":"aprendizaje-a-lo-largo-de-la-vida-upskilling-reskilling-y-el-fin-de-las-carreras-para-siempre-en-la-era-digital","status":"publish","type":"post","link":"https:\/\/unifranz.edu.bo\/pt\/blog\/aprendizaje-a-lo-largo-de-la-vida-upskilling-reskilling-y-el-fin-de-las-carreras-para-siempre-en-la-era-digital\/","title":{"rendered":"Aprendizaje a lo largo de la vida: upskilling, reskilling y el fin de las carreras para siempre en la era digital"},"content":{"rendered":"<p>El paradigma educativo tradicional, basado en carreras lineales y t\u00edtulos definitivos, enfrenta una transformaci\u00f3n estructural. En la era digital, marcada por la automatizaci\u00f3n, la inteligencia artificial y la acelerada evoluci\u00f3n del mercado laboral, el aprendizaje a lo largo de la vida se consolida como una necesidad estrat\u00e9gica m\u00e1s que como una opci\u00f3n.<\/p>\n\n\n\n<blockquote class=\"wp-block-quote is-layout-flow wp-block-quote-is-layout-flow\">\n<p>\u201cEn ese entendido, la actualizaci\u00f3n de los saberes y competencias deben estar a la par de esos cambios para responder a las demandas de la sociedad y de la globalizaci\u00f3n\u201d, sostiene Sara Yoshino Otsuka, miembro de la Jefatura de Ense\u00f1anza Aprendizaje (JEA) de la Universidad Franz Tamayo (Unifranz).&nbsp;<\/p>\n<\/blockquote>\n\n\n\n<p>Este nuevo escenario implica el desarrollo constante de habilidades mediante procesos de upskilling \u2014perfeccionamiento de competencias existentes\u2014 y reskilling \u2014reentrenamiento para asumir nuevos roles\u2014. La educaci\u00f3n continua se convierte as\u00ed en el eje que articula trayectorias profesionales flexibles, alejadas de la idea de una sola carrera \u201cpara toda la vida\u201d.<\/p>\n\n\n\n<p>El impacto de la transformaci\u00f3n tecnol\u00f3gica es otro factor determinante. La digitalizaci\u00f3n no s\u00f3lo ha modificado los perfiles laborales, sino tambi\u00e9n las formas de aprender. Plataformas virtuales, certificaciones digitales y modelos h\u00edbridos permiten que el aprendizaje se integre a lo largo de toda la vida, sin restricciones geogr\u00e1ficas ni temporales.<\/p>\n\n\n\n<p>En este contexto, las habilidades blandas \u2014como la adaptabilidad, el pensamiento cr\u00edtico y la resiliencia\u2014 adquieren un valor equivalente al conocimiento t\u00e9cnico. La capacidad de reinventarse se posiciona como una competencia central en un entorno donde los cambios son constantes y, muchas veces, impredecibles.<\/p>\n\n\n\n<p><strong>Microcredenciales: la nueva moneda del aprendizaje continuo<\/strong><\/p>\n\n\n\n<blockquote class=\"wp-block-quote is-layout-flow wp-block-quote-is-layout-flow\">\n<p>Desde el Observatorio Nacional del Trabajo (ONT), se advierte que las herramientas educativas tambi\u00e9n est\u00e1n evolucionando para responder a estas exigencias. \u201cLas microcredenciales son una especie de microcompetencias que se desarrollan a lo largo del tiempo, fuera de la formaci\u00f3n tradicional, y permiten a los trabajadores adaptarse mejor a los requerimientos del mercado\u201d, explica Ronald Bedregal, director de la carrera de Ingenier\u00eda Econ\u00f3mica, tambi\u00e9n en Unifranz. Estas certificaciones breves, espec\u00edficas y verificables representan una alternativa \u00e1gil frente a los programas largos tradicionales.<\/p>\n<\/blockquote>\n\n\n\n<p>El auge de las microcredenciales refleja una tendencia global: la fragmentaci\u00f3n del aprendizaje en m\u00f3dulos adaptables a necesidades concretas. En esa l\u00ednea, el vicerrector de Mondrag\u00f3n Unibertsitatea, John Altuna, advierte que el peso de los t\u00edtulos tradicionales podr\u00eda disminuir. \u201cSigo pensando que las titulaciones seguir\u00e1n existiendo, pero tal vez vayan perdiendo peso frente a certificaciones como las microcredenciales y otro tipo de formaci\u00f3n m\u00e1s a medida, m\u00e1s personalizada\u201d.<\/p>\n\n\n\n<blockquote class=\"wp-block-quote is-layout-flow wp-block-quote-is-layout-flow\">\n<p>Organismos internacionales tambi\u00e9n respaldan este cambio de enfoque. Desde la Red de Educaci\u00f3n Continua de Latinoam\u00e9rica y Europa (RECLA), su presidente Jorge Bland\u00f3 enfatiza la urgencia de reformular la educaci\u00f3n superior: \u201cMuchas veces, pensamos en crear o modificar carreras de cuatro o cinco a\u00f1os, cuando lo que se necesita son programas m\u00e1s cortos, m\u00e1s flexibles y acelerados para incorporar competencias clave\u201d. Esta postura coincide con las recomendaciones de la UNESCO, que impulsa modelos educativos m\u00e1s adaptativos e inclusivos.<\/p>\n<\/blockquote>\n\n\n\n<p>Sin embargo, el tr\u00e1nsito hacia este nuevo modelo no est\u00e1 exento de desaf\u00edos. Yoshino advierte que uno de los principales obst\u00e1culos es cultural: \u201cSe requiere tiempo para desarrollar procesos que posibiliten la formaci\u00f3n de los involucrados; pero, sobre todo, se requiere la motivaci\u00f3n, disposici\u00f3n de las personas, as\u00ed como la apertura al cambio\u201d. La resistencia a abandonar esquemas tradicionales sigue siendo una barrera significativa.<\/p>\n\n\n\n<blockquote class=\"wp-block-quote is-layout-flow wp-block-quote-is-layout-flow\">\n<p>El fin de las carreras \u201cpara siempre\u201d no implica la desaparici\u00f3n de la educaci\u00f3n formal, sino su transformaci\u00f3n. Universidades, empresas y Estados enfrentan el reto de articular sistemas m\u00e1s flexibles, que reconozcan aprendizajes diversos y acompa\u00f1en a las personas en todas las etapas de su vida.<\/p>\n<\/blockquote>\n\n\n\n<p>As\u00ed, el aprendizaje permanente se redefine como un proceso continuo de adaptaci\u00f3n y crecimiento. M\u00e1s que acumular t\u00edtulos, se trata de construir trayectorias din\u00e1micas, capaces de responder a un mundo en constante cambio.<\/p>","protected":false},"excerpt":{"rendered":"<p>\u00bfEl fin de las carreras \u00abpara siempre\u00bb? Descubre por qu\u00e9 el upskilling y el reskilling son las llaves para sobrevivir a la era digital.<\/p>","protected":false},"author":49,"featured_media":714004,"comment_status":"open","ping_status":"open","sticky":false,"template":"","format":"standard","meta":{"_acf_changed":false,"footnotes":""},"categories":[60],"tags":[8754,11569,12276,10589,1540,1422,62,11572,242,11573],"class_list":["post-714003","post","type-post","status-publish","format-standard","has-post-thumbnail","hentry","category-blog","tag-aprendizaje-a-lo-largo-de-la-vida","tag-calidad-academica-2","tag-calidad-universitaria","tag-carreras-del-futuro","tag-digitalizacion","tag-innovacion-en-educacion","tag-internacionalizate","tag-reskilling","tag-unifranz","tag-upskilling"],"acf":[],"_links":{"self":[{"href":"https:\/\/unifranz.edu.bo\/pt\/wp-json\/wp\/v2\/posts\/714003","targetHints":{"allow":["GET"]}}],"collection":[{"href":"https:\/\/unifranz.edu.bo\/pt\/wp-json\/wp\/v2\/posts"}],"about":[{"href":"https:\/\/unifranz.edu.bo\/pt\/wp-json\/wp\/v2\/types\/post"}],"author":[{"embeddable":true,"href":"https:\/\/unifranz.edu.bo\/pt\/wp-json\/wp\/v2\/users\/49"}],"replies":[{"embeddable":true,"href":"https:\/\/unifranz.edu.bo\/pt\/wp-json\/wp\/v2\/comments?post=714003"}],"version-history":[{"count":1,"href":"https:\/\/unifranz.edu.bo\/pt\/wp-json\/wp\/v2\/posts\/714003\/revisions"}],"predecessor-version":[{"id":714005,"href":"https:\/\/unifranz.edu.bo\/pt\/wp-json\/wp\/v2\/posts\/714003\/revisions\/714005"}],"wp:featuredmedia":[{"embeddable":true,"href":"https:\/\/unifranz.edu.bo\/pt\/wp-json\/wp\/v2\/media\/714004"}],"wp:attachment":[{"href":"https:\/\/unifranz.edu.bo\/pt\/wp-json\/wp\/v2\/media?parent=714003"}],"wp:term":[{"taxonomy":"category","embeddable":true,"href":"https:\/\/unifranz.edu.bo\/pt\/wp-json\/wp\/v2\/categories?post=714003"},{"taxonomy":"post_tag","embeddable":true,"href":"https:\/\/unifranz.edu.bo\/pt\/wp-json\/wp\/v2\/tags?post=714003"}],"curies":[{"name":"wp","href":"https:\/\/api.w.org\/{rel}","templated":true}]}}