{"id":714000,"date":"2026-04-30T09:33:19","date_gmt":"2026-04-30T13:33:19","guid":{"rendered":"https:\/\/unifranz.edu.bo\/?p=714000"},"modified":"2026-04-30T09:33:56","modified_gmt":"2026-04-30T13:33:56","slug":"evaluacion-autentica-por-que-los-proyectos-valen-mas-que-un-examen","status":"publish","type":"post","link":"https:\/\/unifranz.edu.bo\/pt\/blog\/evaluacion-autentica-por-que-los-proyectos-valen-mas-que-un-examen\/","title":{"rendered":"Evaluaci\u00f3n aut\u00e9ntica: por qu\u00e9 los proyectos valen m\u00e1s que un examen"},"content":{"rendered":"<p>La educaci\u00f3n superior atraviesa una metamorfosis irreversible. El viejo paradigma, donde el \u00e9xito acad\u00e9mico se med\u00eda exclusivamente por la capacidad de un estudiante para memorizar datos y volcarlos en una hoja de papel, est\u00e1 siendo reemplazado por la \u00abevaluaci\u00f3n aut\u00e9ntica\u00bb. Este enfoque prioriza el desempe\u00f1o real, la resoluci\u00f3n de problemas y la creaci\u00f3n de valor sobre la teor\u00eda est\u00e1tica.<\/p>\n\n\n\n<p>Universidades con visi\u00f3n de futuro est\u00e1n abandonando la ense\u00f1anza vertical para abrazar una construcci\u00f3n activa del conocimiento. En este escenario, el estudiante deja de ser un receptor pasivo y se convierte en el protagonista de su propia formaci\u00f3n. El objetivo es que el alumno no estudie solo para aprobar una materia, sino para comprender c\u00f3mo su aprendizaje se traduce en soluciones reales para la sociedad contempor\u00e1nea.<\/p>\n\n\n\n<blockquote class=\"wp-block-quote is-layout-flow wp-block-quote-is-layout-flow\">\n<p>\u00abQue t\u00fa puedas realmente demostrar que ense\u00f1as con la metodolog\u00eda de aprender haciendo, implica que como universidad cambiemos la l\u00f3gica educativa, que siempre est\u00e1 centrada en la repetici\u00f3n, en la memorizaci\u00f3n, donde el profesor siempre ha sido el due\u00f1o de la verdad\u00bb, explica Gustavo Monta\u00f1o, vicerrector acad\u00e9mico nacional de la Universidad Franz Tamayo (Unifranz).<\/p>\n<\/blockquote>\n\n\n\n<p>Este giro implica que, desde el primer semestre, los estudiantes vivan experiencias y resuelvan problemas reales en lugar de limitarse a escuchar contenidos. El modelo se apoya en retos vinculados a situaciones del campo profesional y desaf\u00edos actuales de la industria. De esta manera, se garantiza que la formaci\u00f3n sea din\u00e1mica y est\u00e9 conectada con las necesidades de un mercado laboral que evoluciona a un ritmo acelerado debido a la tecnolog\u00eda.<\/p>\n\n\n\n<p>Bajo este nuevo paradigma, el rol del educador es fundamental para asegurar que el aprendizaje sea experiencial y significativo. El docente ya no es un mero transmisor de informaci\u00f3n te\u00f3rica; su funci\u00f3n ahora consiste en dise\u00f1ar entornos de aprendizaje donde el alumno pueda desarrollar autonom\u00eda y pensamiento cr\u00edtico.<\/p>\n\n\n\n<blockquote class=\"wp-block-quote is-layout-flow wp-block-quote-is-layout-flow\">\n<p>\u00abEl docente pasa de ser un simple informador a ser un mentor, a ser un facilitador, un gu\u00eda, un dise\u00f1ador de experiencias de aprendizaje significativas, asegurando procesos de evaluaci\u00f3n aut\u00e9ntica y sobre todo realizando retroalimentaci\u00f3n permanente\u00bb, explica Caroline Ayala, coordinadora nacional de desarrollo curricular de Unifranz.<\/p>\n<\/blockquote>\n\n\n\n<p>Esta transformaci\u00f3n pedag\u00f3gica responde a un contexto global donde las habilidades blandas y t\u00e9cnicas deben converger. La evaluaci\u00f3n aut\u00e9ntica utiliza instrumentos que van mucho m\u00e1s all\u00e1 del examen convencional. Los portafolios de evidencias, las simulaciones de casos, el desarrollo de prototipos y los estudios de caso permiten observar el avance curricular alineado directamente con el ejercicio profesional real.<\/p>\n\n\n\n<p>Mediante este sistema, es posible medir competencias que hist\u00f3ricamente eran dif\u00edciles de cuantificar en una prueba escrita. Hablamos de la \u00e9tica profesional, el liderazgo, la capacidad de trabajar en equipos multidisciplinarios y la adaptabilidad ante la incertidumbre. El examen tradicional se convierte, entonces, en un instrumento m\u00e1s, pero no en el eje central de la calificaci\u00f3n.<\/p>\n\n\n\n<blockquote class=\"wp-block-quote is-layout-flow wp-block-quote-is-layout-flow\">\n<p>\u00abNuestro sistema de evaluaci\u00f3n lo que hace es medir no solo el conocimiento, sino tambi\u00e9n medimos el desarrollo de habilidades, medimos el pensamiento cr\u00edtico, la capacidad de an\u00e1lisis, el trabajo en equipo\u00bb, explica Eva Foronda, decana acad\u00e9mica de la sede La Paz de la casa de estudios superiores.<\/p>\n<\/blockquote>\n\n\n\n<p>Un elemento clave en este ecosistema son los proyectos integradores. Estos espacios permiten conectar los saberes con demandas insatisfechas de empresas y organizaciones p\u00fablicas a trav\u00e9s de los denominados \u00absocios formadores\u00bb. Los estudiantes intervienen en problemas reales del entorno, transformando el aula en un laboratorio de innovaci\u00f3n social y empresarial.<\/p>\n\n\n\n<p>Adem\u00e1s, la implementaci\u00f3n de microcredenciales permite que los alumnos certifiquen sus competencias de manera progresiva. Esto aumenta dr\u00e1sticamente su empleabilidad incluso antes de la graduaci\u00f3n, ya que cuentan con pruebas tangibles de su capacidad de ejecuci\u00f3n. El aprendizaje deja de ocurrir exclusivamente entre cuatro paredes para suceder en la interacci\u00f3n constante con la sociedad y el sector productivo.<\/p>\n\n\n\n<p>La apuesta por este modelo disruptivo busca formar agentes de cambio capaces de transformar su entorno. La educaci\u00f3n se vuelve integral, humana e internacional, fomentando la curiosidad y la resiliencia. Al final del camino, el t\u00edtulo profesional no es solo un papel, sino la garant\u00eda de que el graduado sabe c\u00f3mo enfrentar y resolver los desaf\u00edos complejos del siglo XXI.<\/p>\n\n\n\n<blockquote class=\"wp-block-quote is-layout-flow wp-block-quote-is-layout-flow\">\n<p>\u00abEn lugar de concentrarnos en cu\u00e1nto memoriza un estudiante, en cu\u00e1nto estudia un estudiante en un momento puntual, evaluamos qu\u00e9 es lo que hace con eso que ha aprendido, c\u00f3mo lo va a aplicar, c\u00f3mo va a resolver el problema al que lo estamos enfrentando\u00bb, explica Monta\u00f1o.<\/p>\n<\/blockquote>\n\n\n\n<p>Finalmente, este enfoque garantiza que el profesional no solo posea conocimientos t\u00e9cnicos, sino la capacidad de aprendizaje permanente. La evaluaci\u00f3n aut\u00e9ntica es la medida del impacto real que un estudiante puede generar en su pa\u00eds. Es el paso definitivo hacia una formaci\u00f3n que prepara para la vida, asegurando que cada graduado sea un ciudadano global listo para liderar soluciones sostenibles.<\/p>","protected":false},"excerpt":{"rendered":"<p>\u00bfEl fin de los ex\u00e1menes? Descubre la \u00abevaluaci\u00f3n aut\u00e9ntica\u00bb: el modelo donde resolver problemas reales vale m\u00e1s que memorizar datos.<\/p>","protected":false},"author":49,"featured_media":714001,"comment_status":"open","ping_status":"open","sticky":false,"template":"","format":"standard","meta":{"_acf_changed":false,"footnotes":""},"categories":[60],"tags":[2940,9516,11569,12276,6879,1422,62,2590,1596,242],"class_list":["post-714000","post","type-post","status-publish","format-standard","has-post-thumbnail","hentry","category-blog","tag-aprender-haciendo","tag-aprendizaje-basado-en-competencias","tag-calidad-academica-2","tag-calidad-universitaria","tag-evaluacion","tag-innovacion-en-educacion","tag-internacionalizate","tag-modelo-educativo-transformador","tag-proyectos-integradores","tag-unifranz"],"acf":[],"_links":{"self":[{"href":"https:\/\/unifranz.edu.bo\/pt\/wp-json\/wp\/v2\/posts\/714000","targetHints":{"allow":["GET"]}}],"collection":[{"href":"https:\/\/unifranz.edu.bo\/pt\/wp-json\/wp\/v2\/posts"}],"about":[{"href":"https:\/\/unifranz.edu.bo\/pt\/wp-json\/wp\/v2\/types\/post"}],"author":[{"embeddable":true,"href":"https:\/\/unifranz.edu.bo\/pt\/wp-json\/wp\/v2\/users\/49"}],"replies":[{"embeddable":true,"href":"https:\/\/unifranz.edu.bo\/pt\/wp-json\/wp\/v2\/comments?post=714000"}],"version-history":[{"count":1,"href":"https:\/\/unifranz.edu.bo\/pt\/wp-json\/wp\/v2\/posts\/714000\/revisions"}],"predecessor-version":[{"id":714002,"href":"https:\/\/unifranz.edu.bo\/pt\/wp-json\/wp\/v2\/posts\/714000\/revisions\/714002"}],"wp:featuredmedia":[{"embeddable":true,"href":"https:\/\/unifranz.edu.bo\/pt\/wp-json\/wp\/v2\/media\/714001"}],"wp:attachment":[{"href":"https:\/\/unifranz.edu.bo\/pt\/wp-json\/wp\/v2\/media?parent=714000"}],"wp:term":[{"taxonomy":"category","embeddable":true,"href":"https:\/\/unifranz.edu.bo\/pt\/wp-json\/wp\/v2\/categories?post=714000"},{"taxonomy":"post_tag","embeddable":true,"href":"https:\/\/unifranz.edu.bo\/pt\/wp-json\/wp\/v2\/tags?post=714000"}],"curies":[{"name":"wp","href":"https:\/\/api.w.org\/{rel}","templated":true}]}}