{"id":713993,"date":"2026-04-29T18:00:59","date_gmt":"2026-04-29T22:00:59","guid":{"rendered":"https:\/\/unifranz.edu.bo\/?p=713993"},"modified":"2026-04-29T18:01:38","modified_gmt":"2026-04-29T22:01:38","slug":"trabajo-en-bolivia-claves-y-oportunidades-para-mejorar-la-calidad-laboral-en-2026","status":"publish","type":"post","link":"https:\/\/unifranz.edu.bo\/pt\/blog\/trabajo-en-bolivia-claves-y-oportunidades-para-mejorar-la-calidad-laboral-en-2026\/","title":{"rendered":"Trabajo en Bolivia: claves y oportunidades para mejorar la calidad laboral en 2026"},"content":{"rendered":"<p>En el marco del D\u00eda del Trabajo, este 1 de mayo encuentra a Bolivia frente a un desaf\u00edo persistente: transformar un mercado laboral con bajos niveles de desempleo en uno que garantice calidad, estabilidad y perspectivas de desarrollo. Aunque las cifras oficiales muestran avances, el trasfondo revela una estructura fr\u00e1gil, marcada por la informalidad y la desigualdad.<\/p>\n\n\n\n<p>De acuerdo con los datos m\u00e1s recientes, la tasa de desocupaci\u00f3n urbana se sit\u00faa en torno al 2,3%, una de las m\u00e1s bajas de la regi\u00f3n. Sin embargo, este indicador no refleja la realidad completa del empleo en el pa\u00eds, donde la precariedad sigue siendo una constante.<\/p>\n\n\n\n<blockquote class=\"wp-block-quote is-layout-flow wp-block-quote-is-layout-flow\">\n<p>\u201cEl principal desaf\u00edo estructural es la alta informalidad. De acuerdo con el Panorama Laboral 2025 de la OIT, Bolivia lidera la regi\u00f3n con una tasa de informalidad del 82,3% al primer semestre de 2025, muy por encima del promedio regional que ronda el 47%\u201d, explica Ronald Bedregal, coordinador del Observatorio Nacional del Trabajo (ONT) de la Universidad Franz Tamayo (Unifranz).&nbsp;<\/p>\n<\/blockquote>\n\n\n\n<p>De acuerdo con Bedregal, la mayor\u00eda de los trabajadores se encuentra fuera del sistema formal, lo que implica una vulnerabilidad estructural frente a crisis econ\u00f3micas.<\/p>\n\n\n\n<blockquote class=\"wp-block-quote is-layout-flow wp-block-quote-is-layout-flow\">\n<p>\u201cEso significa que m\u00e1s de ocho de cada diez trabajadores no tienen contrato, no cotizan a la seguridad social, carecen de estabilidad y est\u00e1n expuestos a cualquier shock econ\u00f3mico. Gran parte de esa ocupaci\u00f3n se da en el autoempleo o cuentapropismo, que muchas veces funciona m\u00e1s como mecanismo de supervivencia que como generador de valor agregado\u201d, apunta.<\/p>\n<\/blockquote>\n\n\n\n<p>Este escenario est\u00e1 estrechamente vinculado a brechas hist\u00f3ricas que limitan el acceso a empleo de calidad. J\u00f3venes, mujeres y trabajadores en regiones perif\u00e9ricas enfrentan mayores obst\u00e1culos, lo que profundiza la desigualdad en el mercado laboral boliviano.<\/p>\n\n\n\n<blockquote class=\"wp-block-quote is-layout-flow wp-block-quote-is-layout-flow\">\n<p>\u201cA esto se suman otras brechas profundas: la brecha de habilidades entre lo que forman las universidades e institutos y lo que realmente demandan las empresas. Nuestro Observatorio Nacional del Trabajo ha identificado que competencias como el dominio de Excel, el trabajo en equipo, las habilidades digitales y el an\u00e1lisis de datos son las m\u00e1s solicitadas, pero muchos egresados llegan sin experiencia pr\u00e1ctica ni actualizaci\u00f3n tecnol\u00f3gica\u201d, agrega.<\/p>\n<\/blockquote>\n\n\n\n<p>En paralelo, las pol\u00edticas recientes, como el incremento del salario m\u00ednimo a Bs 3.300 y la flexibilizaci\u00f3n de la negociaci\u00f3n salarial, buscan mejorar los ingresos, pero enfrentan l\u00edmites estructurales. Las micro y peque\u00f1as empresas, responsables de gran parte del empleo, operan con m\u00e1rgenes reducidos que dificultan absorber estos cambios sin afectar su sostenibilidad.<\/p>\n\n\n\n<p>Pese a este panorama, el contexto actual tambi\u00e9n abre oportunidades. La digitalizaci\u00f3n, el trabajo remoto y la diversificaci\u00f3n hacia sectores como la agroindustria, el turismo de calidad y los servicios digitales ofrecen nuevas rutas para dinamizar el empleo, aunque requieren transformaciones profundas en la pol\u00edtica p\u00fablica.<\/p>\n\n\n\n<figure class=\"wp-block-embed is-type-video is-provider-youtube wp-block-embed-youtube wp-embed-aspect-16-9 wp-has-aspect-ratio\"><div class=\"wp-block-embed__wrapper\">\n<iframe loading=\"lazy\" title=\"Unifranz | Trabajo en Bolivia: claves y oportunidades para mejorar la calidad laboral en 2026\" width=\"500\" height=\"281\" src=\"https:\/\/www.youtube.com\/embed\/X_V-T76Yt-w?feature=oembed\" frameborder=\"0\" allow=\"accelerometer; autoplay; clipboard-write; encrypted-media; gyroscope; picture-in-picture; web-share\" referrerpolicy=\"strict-origin-when-cross-origin\" allowfullscreen><\/iframe>\n<\/div><\/figure>\n\n\n\n<blockquote class=\"wp-block-quote is-layout-flow wp-block-quote-is-layout-flow\">\n<p>\u201cPara mejorar las oportunidades de empleo necesitamos pasar de un enfoque centrado solo en \u2018proteger el puesto de trabajo\u2019 a uno que priorice la empleabilidad y la productividad del trabajador a lo largo de su vida\u201d, acota Bedregal.<\/p>\n<\/blockquote>\n\n\n\n<p><strong>Modernizaci\u00f3n normativa<\/strong><\/p>\n\n\n\n<p>Para Bedregal, desde esta perspectiva, la modernizaci\u00f3n de la normativa laboral aparece como un paso necesario para adaptarse a las nuevas din\u00e1micas econ\u00f3micas.<\/p>\n\n\n\n<blockquote class=\"wp-block-quote is-layout-flow wp-block-quote-is-layout-flow\">\n<p>\u201cLa Ley General del Trabajo tiene m\u00e1s de 70 a\u00f1os y en muchos aspectos resulta r\u00edgida para la realidad actual de las empresas, especialmente las MYPES, que generan la mayor parte del empleo. Necesitamos mayor flexibilidad en la contrataci\u00f3n y el ajuste de plantillas, combinada con portabilidad de derechos y protecci\u00f3n social fuerte, para reducir los altos costos de formalizaci\u00f3n sin desproteger al trabajador\u201d, apunta.<\/p>\n<\/blockquote>\n\n\n\n<p>A ello se suma la urgencia de generar incentivos reales para la formalizaci\u00f3n, simplificar tr\u00e1mites y fortalecer pol\u00edticas activas de empleo, especialmente dirigidas a j\u00f3venes y mujeres.<\/p>\n\n\n\n<blockquote class=\"wp-block-quote is-layout-flow wp-block-quote-is-layout-flow\">\n<p>\u201cTercero, se requieren incentivos claros a la formalizaci\u00f3n: simplificaci\u00f3n de tr\u00e1mites, reducci\u00f3n temporal de cargas tributarias y previsionales para nuevos empleos, y pol\u00edticas activas de empleo juvenil y femenino, como programas de primer empleo con pasant\u00edas pagadas y subsidios a la demanda\u201d, dice el experto.<\/p>\n<\/blockquote>\n\n\n\n<p>El desaf\u00edo, sin embargo, no recae \u00fanicamente en el Estado. La articulaci\u00f3n entre sector p\u00fablico, privado y academia es clave para construir un mercado laboral m\u00e1s equitativo y sostenible.<\/p>\n\n\n\n<blockquote class=\"wp-block-quote is-layout-flow wp-block-quote-is-layout-flow\">\n<p>\u201cDesde el Observatorio Nacional del Trabajo creemos que se necesita un esfuerzo conjunto entre gobierno, sector privado y academia. Algunas acciones clave ser\u00edan fortalecer las alianzas tripartitas, invertir en capital humano y avanzar en una formalizaci\u00f3n inteligente que haga atractivo el tr\u00e1nsito hacia la formalidad\u201d, agrega el coordinador del ONT.<\/p>\n<\/blockquote>\n\n\n\n<p>En este 1 de mayo, Bolivia no solo conmemora las luchas hist\u00f3ricas por los derechos laborales, sino que enfrenta la necesidad de redefinir su modelo de empleo. El reto es avanzar hacia un sistema que no solo genere trabajo, sino que garantice condiciones dignas, estabilidad y oportunidades reales de desarrollo. La transici\u00f3n hacia la formalidad y la productividad no es inmediata, pero constituye una condici\u00f3n indispensable para el crecimiento econ\u00f3mico y la cohesi\u00f3n social del pa\u00eds.<\/p>","protected":false},"excerpt":{"rendered":"<p>\u00bfEs hora de cambiar la Ley General del Trabajo? Conoce por qu\u00e9 la normativa de hace 70 a\u00f1os frena la innovaci\u00f3n y la formalidad en Bolivia.<\/p>","protected":false},"author":49,"featured_media":713994,"comment_status":"open","ping_status":"open","sticky":false,"template":"","format":"standard","meta":{"_acf_changed":false,"footnotes":""},"categories":[60],"tags":[11569,12276,5636,7513,1422,248,5260,7916,8128,242],"class_list":["post-713993","post","type-post","status-publish","format-standard","has-post-thumbnail","hentry","category-blog","tag-calidad-academica-2","tag-calidad-universitaria","tag-competitividad","tag-informalidad","tag-innovacion-en-educacion","tag-internacionalizacion","tag-ley-general-del-trabajo","tag-ont","tag-productividad","tag-unifranz"],"acf":[],"_links":{"self":[{"href":"https:\/\/unifranz.edu.bo\/pt\/wp-json\/wp\/v2\/posts\/713993","targetHints":{"allow":["GET"]}}],"collection":[{"href":"https:\/\/unifranz.edu.bo\/pt\/wp-json\/wp\/v2\/posts"}],"about":[{"href":"https:\/\/unifranz.edu.bo\/pt\/wp-json\/wp\/v2\/types\/post"}],"author":[{"embeddable":true,"href":"https:\/\/unifranz.edu.bo\/pt\/wp-json\/wp\/v2\/users\/49"}],"replies":[{"embeddable":true,"href":"https:\/\/unifranz.edu.bo\/pt\/wp-json\/wp\/v2\/comments?post=713993"}],"version-history":[{"count":1,"href":"https:\/\/unifranz.edu.bo\/pt\/wp-json\/wp\/v2\/posts\/713993\/revisions"}],"predecessor-version":[{"id":713995,"href":"https:\/\/unifranz.edu.bo\/pt\/wp-json\/wp\/v2\/posts\/713993\/revisions\/713995"}],"wp:featuredmedia":[{"embeddable":true,"href":"https:\/\/unifranz.edu.bo\/pt\/wp-json\/wp\/v2\/media\/713994"}],"wp:attachment":[{"href":"https:\/\/unifranz.edu.bo\/pt\/wp-json\/wp\/v2\/media?parent=713993"}],"wp:term":[{"taxonomy":"category","embeddable":true,"href":"https:\/\/unifranz.edu.bo\/pt\/wp-json\/wp\/v2\/categories?post=713993"},{"taxonomy":"post_tag","embeddable":true,"href":"https:\/\/unifranz.edu.bo\/pt\/wp-json\/wp\/v2\/tags?post=713993"}],"curies":[{"name":"wp","href":"https:\/\/api.w.org\/{rel}","templated":true}]}}