{"id":713990,"date":"2026-04-29T17:31:55","date_gmt":"2026-04-29T21:31:55","guid":{"rendered":"https:\/\/unifranz.edu.bo\/?p=713990"},"modified":"2026-04-29T17:32:35","modified_gmt":"2026-04-29T21:32:35","slug":"acceso-al-aprendizaje-en-personas-con-autismo-claves-para-una-educacion-inclusiva-y-adaptada-al-tea","status":"publish","type":"post","link":"https:\/\/unifranz.edu.bo\/pt\/blog\/acceso-al-aprendizaje-en-personas-con-autismo-claves-para-una-educacion-inclusiva-y-adaptada-al-tea\/","title":{"rendered":"Acceso al aprendizaje en personas con autismo: claves para una educaci\u00f3n inclusiva y adaptada al TEA"},"content":{"rendered":"<p>El acceso al aprendizaje para personas con Trastorno del Espectro Autista (TEA) se ha convertido en uno de los principales desaf\u00edos de los sistemas educativos contempor\u00e1neos. M\u00e1s all\u00e1 de la integraci\u00f3n en aulas regulares, el verdadero reto radica en garantizar condiciones que permitan comprender, participar y desarrollarse en igualdad de oportunidades. En este escenario, especialistas coinciden en que la inclusi\u00f3n no depende \u00fanicamente de recursos, sino de un cambio profundo en la forma de entender el aprendizaje y la diversidad.<\/p>\n\n\n\n<blockquote class=\"wp-block-quote is-layout-flow wp-block-quote-is-layout-flow\">\n<p>Desde una perspectiva pedag\u00f3gica, la educadora diferencial chilena Lilia Siervo advierte que el punto de partida no son las estrategias, sino la comprensi\u00f3n del funcionamiento cognitivo del autismo. \u201cSi no se entiende c\u00f3mo funciona este perfil, los apoyos se convierten en una especie de receta donde replicamos aquello que vimos o que escuchamos y que creemos que sirve para la persona autista\u201d. Esta mirada cuestiona los enfoques estandarizados y propone avanzar hacia intervenciones personalizadas.<\/p>\n<\/blockquote>\n\n\n\n<p>El enfoque actual se aleja del modelo rehabilitador tradicional para situarse en un paradigma basado en derechos. Seg\u00fan Siervo, \u201clas principales barreras para la participaci\u00f3n plena de la persona est\u00e1n en el entorno o contexto\u201d. Esto implica que no es la persona la que debe adaptarse al sistema educativo, sino que el sistema debe transformarse para responder a la diversidad.<\/p>\n\n\n\n<blockquote class=\"wp-block-quote is-layout-flow wp-block-quote-is-layout-flow\">\n<p>Uno de los elementos centrales para comprender el TEA es la forma en que se procesa la informaci\u00f3n. Las personas autistas tienden a enfocarse en los detalles m\u00e1s que en el contexto general, lo que puede generar dificultades en la interpretaci\u00f3n de situaciones cotidianas. A ello se suma el denominado \u201cerror de predictibilidad\u201d, que afecta la capacidad de anticipar y generalizar experiencias. \u201cTodo aquello que estamos viendo no va a significar lo mismo si no se parece a una referencia previa\u201d, explica Siervo. Esta caracter\u00edstica refuerza la necesidad de apoyos visuales y estructuras claras en el aprendizaje.<\/p>\n<\/blockquote>\n\n\n\n<p>En este contexto, es fundamental reflexionar sobre la necesidad de construir entornos educativos m\u00e1s accesibles, emp\u00e1ticos y flexibles, as\u00ed como visibilizar las barreras que enfrentan las personas con TEA y promover acciones concretas que garanticen su inclusi\u00f3n plena. Reconocer la diversidad no solo es un principio, sino un valor que enriquece y fortalece a toda la sociedad.<\/p>\n\n\n\n<blockquote class=\"wp-block-quote is-layout-flow wp-block-quote-is-layout-flow\">\n<p>Las estrategias educativas, en consecuencia, deben centrarse en la previsibilidad, la claridad y la adaptaci\u00f3n. El uso de apoyos visuales, horarios estructurados y herramientas tecnol\u00f3gicas permite anticipar actividades, reducir la ansiedad y favorecer la autonom\u00eda. Siervo enfatiza que \u201cno existe un autismo est\u00e1ndar\u201d, por lo que cada intervenci\u00f3n debe ajustarse a las necesidades, fortalezas y aspiraciones individuales. Este enfoque no solo mejora el aprendizaje, sino tambi\u00e9n la calidad de vida.<\/p>\n<\/blockquote>\n\n\n\n<p>La tecnolog\u00eda tambi\u00e9n juega un rol clave como puente de acceso. Aplicaciones, agendas visuales y recursos digitales permiten organizar la informaci\u00f3n y facilitar la comunicaci\u00f3n, especialmente en personas que procesan el entorno desde lo sensorial. Sin embargo, los expertos coinciden en que la herramienta m\u00e1s importante sigue siendo la comprensi\u00f3n del entorno y la disposici\u00f3n a adaptarlo.<\/p>\n\n\n\n<p>Estas reflexiones fueron parte del 1\u00b0 Simposio Internacional Cl\u00ednico de Autismo, organizado por la Universidad Franz Tamayo (Unifranz) en Santa Cruz. El encuentro reuni\u00f3 a especialistas internacionales, profesionales de la salud y educadores con el objetivo de fortalecer la formaci\u00f3n cl\u00ednica y promover un enfoque integral del TEA.<\/p>\n\n\n\n<p>El simposio se consolid\u00f3 como un espacio de intercambio acad\u00e9mico que busca mejorar las capacidades de diagn\u00f3stico e intervenci\u00f3n en Bolivia. Adem\u00e1s de Lilia Siervo, participaron expertas como Kanchana Singha, de la Universidad de Arizona; Carolina Pe\u00f1a Ricardo, de Kaiser Permanente en California; y la pediatra Ana Gabriela Scalliter, del Hospital General de Agudos en Buenos Aires. Sus aportes contribuyen a ampliar la mirada sobre el autismo desde una perspectiva interdisciplinaria.<\/p>\n\n\n\n<p>Garantizar el acceso al aprendizaje en personas con TEA no es solo una meta educativa, sino un compromiso social. Implica reconocer que la diversidad cognitiva no es una limitaci\u00f3n, sino una oportunidad para construir sistemas m\u00e1s justos, donde cada persona pueda desarrollar su potencial en condiciones de dignidad e inclusi\u00f3n.<\/p>","protected":false},"excerpt":{"rendered":"<p>\u00bfEducaci\u00f3n o integraci\u00f3n? Descubre por qu\u00e9 la inclusi\u00f3n de personas con autismo exige cambiar el entorno y no a la persona. Un enfoque basado en derechos.<\/p>","protected":false},"author":49,"featured_media":713991,"comment_status":"open","ping_status":"open","sticky":false,"template":"","format":"standard","meta":{"_acf_changed":false,"footnotes":""},"categories":[60],"tags":[5888,11569,12276,5706,1422,62,240,11975,11376,242],"class_list":["post-713990","post","type-post","status-publish","format-standard","has-post-thumbnail","hentry","category-blog","tag-autismo","tag-calidad-academica-2","tag-calidad-universitaria","tag-educacion-inclusiva","tag-innovacion-en-educacion","tag-internacionalizate","tag-psicologia","tag-simposio-internacional-clinico-de-autismo","tag-tea","tag-unifranz"],"acf":[],"_links":{"self":[{"href":"https:\/\/unifranz.edu.bo\/pt\/wp-json\/wp\/v2\/posts\/713990","targetHints":{"allow":["GET"]}}],"collection":[{"href":"https:\/\/unifranz.edu.bo\/pt\/wp-json\/wp\/v2\/posts"}],"about":[{"href":"https:\/\/unifranz.edu.bo\/pt\/wp-json\/wp\/v2\/types\/post"}],"author":[{"embeddable":true,"href":"https:\/\/unifranz.edu.bo\/pt\/wp-json\/wp\/v2\/users\/49"}],"replies":[{"embeddable":true,"href":"https:\/\/unifranz.edu.bo\/pt\/wp-json\/wp\/v2\/comments?post=713990"}],"version-history":[{"count":1,"href":"https:\/\/unifranz.edu.bo\/pt\/wp-json\/wp\/v2\/posts\/713990\/revisions"}],"predecessor-version":[{"id":713992,"href":"https:\/\/unifranz.edu.bo\/pt\/wp-json\/wp\/v2\/posts\/713990\/revisions\/713992"}],"wp:featuredmedia":[{"embeddable":true,"href":"https:\/\/unifranz.edu.bo\/pt\/wp-json\/wp\/v2\/media\/713991"}],"wp:attachment":[{"href":"https:\/\/unifranz.edu.bo\/pt\/wp-json\/wp\/v2\/media?parent=713990"}],"wp:term":[{"taxonomy":"category","embeddable":true,"href":"https:\/\/unifranz.edu.bo\/pt\/wp-json\/wp\/v2\/categories?post=713990"},{"taxonomy":"post_tag","embeddable":true,"href":"https:\/\/unifranz.edu.bo\/pt\/wp-json\/wp\/v2\/tags?post=713990"}],"curies":[{"name":"wp","href":"https:\/\/api.w.org\/{rel}","templated":true}]}}