{"id":713987,"date":"2026-04-29T12:13:58","date_gmt":"2026-04-29T16:13:58","guid":{"rendered":"https:\/\/unifranz.edu.bo\/?p=713987"},"modified":"2026-04-29T12:22:07","modified_gmt":"2026-04-29T16:22:07","slug":"veronica-agreda-rectora-de-unifranz-gana-el-premio-innovactora-2026-por-su-impacto-en-educacion-e-innovacion-social-2","status":"publish","type":"post","link":"https:\/\/unifranz.edu.bo\/pt\/blog\/veronica-agreda-rectora-de-unifranz-gana-el-premio-innovactora-2026-por-su-impacto-en-educacion-e-innovacion-social-2\/","title":{"rendered":"Ver\u00f3nica \u00c1greda, rectora de Unifranz, gana el premio Innovactora 2026 por su impacto en educaci\u00f3n e innovaci\u00f3n social"},"content":{"rendered":"<p>La rectora de la Universidad Franz Tamayo (Unifranz), Ver\u00f3nica \u00c1greda, gan\u00f3 el premio m\u00e1s importante del concurso internacional Innovactora 2026 que visibiliza a mujeres que lideran proyectos de innovaci\u00f3n con impacto social en distintos pa\u00edses. La distinci\u00f3n otorgada a \u00c1greda responde a su trabajo en la articulaci\u00f3n entre universidad, investigaci\u00f3n y acci\u00f3n social desde Bolivia.<\/p>\n\n\n\n<blockquote class=\"wp-block-quote is-layout-flow wp-block-quote-is-layout-flow\">\n<p>\u201cRecibir el reconocimiento como Innovactora no es un momento individual es uno colectivo. Para m\u00ed significa que el camino que recorremos desde Unifranz, el Instituto de la Mujer y Empresa (IME) y el FabLab Santa Cruz resuena m\u00e1s all\u00e1 de Bolivia. Cuando trabajamos en cerrar brechas digitales, formar pensamiento cr\u00edtico y acompa\u00f1ar el empoderamiento econ\u00f3mico, lo hacemos con un impacto que se ve, se mide y se reconoce\u201d, se\u00f1al\u00f3 \u00c1greda.&nbsp;<\/p>\n<\/blockquote>\n\n\n\n<p>Los Premios Innovactoras 2026 tienen como objetivo distinguir, premiar y visibilizar a mujeres de todas las edades y centros educativos innovadores, que desarrollan o han desarrollado nuevas soluciones a los retos actuales. Es decir, que son referentes actuales para la juventud y para quienes desean innovar en general.<\/p>\n\n\n\n<p><strong>Innovactora 2026<\/strong>&nbsp;<\/p>\n\n\n\n<p>La red Innovactoras prioriza proyectos con impacto social medible en contraste con modelos centrados exclusivamente en el crecimiento econ\u00f3mico o tecnol\u00f3gico. En esa l\u00ednea, se refuerza un enfoque de innovaci\u00f3n vinculado a la transformaci\u00f3n social y la generaci\u00f3n de oportunidades.<\/p>\n\n\n\n<p>La premiaci\u00f3n se realiz\u00f3 en tres categor\u00edas, entre ellas la de Innovactora 2026, el galard\u00f3n m\u00e1s importante de la gala. Fue en esta categor\u00eda que Ver\u00f3nica \u00c1greda obtuvo la distinci\u00f3n por su trabajo de impacto con Unifranz, el IME y el FabLab.<\/p>\n\n\n\n<blockquote class=\"wp-block-quote is-layout-flow wp-block-quote-is-layout-flow\">\n<p>\u201cEn nuestra regi\u00f3n, la educaci\u00f3n muchas veces est\u00e1 completamente desconectada de la realidad y esa desconexi\u00f3n tiene consecuencias catastr\u00f3ficas. La desigualdad, las brechas de g\u00e9nero, talento que se pierde. Decidimos que ese destino es simplemente inaceptable. Por eso transformamos la educaci\u00f3n en una experiencia de vida\u201d, afirm\u00f3 \u00c1greda.&nbsp;&nbsp;<\/p>\n<\/blockquote>\n\n\n\n<p>En Unifranz se tiene un modelo centrado en el estudiante y basado en el desarrollo de competencias. El modelo innovador que hace que los j\u00f3venes aprendan haciendo, resolviendo, creando y generando impacto social. En m\u00e1s de tres d\u00e9cadas la universidad acompa\u00f1\u00f3 la formaci\u00f3n de m\u00e1s de 40.000 profesionales.<\/p>\n\n\n\n<p>En el IME se potenci\u00f3 a m\u00e1s de 14.000 mujeres que dejaron de sobrevivir para empezar a crecer, a liderar y escalar sus sue\u00f1os.&nbsp;<\/p>\n\n\n\n<p>El FabLab Santa Cruz abri\u00f3 las puertas de la tecnolog\u00eda para que cualquier persona pueda convertir una idea en una soluci\u00f3n que impacte en su territorio. Llegaron 70 proyectos y 20 de ellos ya se hicieron realidad en menos de tres a\u00f1os.&nbsp;<\/p>\n\n\n\n<p>\u201cHe visto lo que ocurre cuando alguien descubre su potencial, cuando una mujer accede a oportunidades, cuando un joven entiende que puede crear y no solo consumir. Hoy s\u00e9 que innovar es tener la valent\u00eda de imaginar un futuro distinto y trabajar todos los d\u00edas para construirlo y si algo quiero dejar como legado es esto, una Bolivia donde se pueden crear soluciones para el mundo\u201d, dijo \u00c1greda.<\/p>\n\n\n\n<p>El reconocimiento tambi\u00e9n posiciona a Bolivia dentro de la red internacional de Innovactoras, que integra experiencias de Europa y Am\u00e9rica Latina. \u00c1greda manifest\u00f3 que esto es muy importante pues el pa\u00eds no solo participa en procesos de innovaci\u00f3n, sino que desarrolla propuestas propias en funci\u00f3n de su realidad.<\/p>\n\n\n\n<p><strong>Nuevas puertas<\/strong><\/p>\n\n\n\n<p>\u00c1greda se\u00f1al\u00f3 que el premio implica una responsabilidad orientada a fortalecer la cooperaci\u00f3n regional. Entre sus objetivos mencion\u00f3 la conexi\u00f3n de experiencias iberoamericanas en educaci\u00f3n superior con perspectiva de g\u00e9nero, la difusi\u00f3n de datos sobre econom\u00eda informal femenina para incidir en pol\u00edticas p\u00fablicas y la ampliaci\u00f3n del acceso a tecnolog\u00edas a trav\u00e9s de iniciativas como el Fab Lab.<\/p>\n\n\n\n<blockquote class=\"wp-block-quote is-layout-flow wp-block-quote-is-layout-flow\">\n<p>\u201cLa innovaci\u00f3n que necesitamos en Iberoam\u00e9rica no imita a Silicon Valley. Responde a nuestras brechas espec\u00edficas. Mide el impacto en vidas transformadas. Se construye en red\u201d, finaliz\u00f3 \u00c1greda.<\/p>\n<\/blockquote>\n\n\n\n<p>El reconocimiento como Innovactora 2026 consolida el trabajo desarrollado desde Bolivia en materia de innovaci\u00f3n educativa y social, y ampl\u00eda su proyecci\u00f3n dentro de redes internacionales orientadas a la equidad y el desarrollo sostenible.<\/p>","protected":false},"excerpt":{"rendered":"<p>Ver\u00f3nica \u00c1greda gana Innovactora 2026 por su impacto en educaci\u00f3n, innovaci\u00f3n social y liderazgo femenino desde Bolivia.<\/p>","protected":false},"author":50,"featured_media":713983,"comment_status":"open","ping_status":"open","sticky":false,"template":"","format":"standard","meta":{"_acf_changed":false,"footnotes":""},"categories":[60],"tags":[11569,12276,53,404,7972,1422,12392,12391,10793,1618,242,1646],"class_list":["post-713987","post","type-post","status-publish","format-standard","has-post-thumbnail","hentry","category-blog","tag-calidad-academica-2","tag-calidad-universitaria","tag-educacion","tag-ime","tag-impacto-social","tag-innovacion-en-educacion","tag-innovactora-2026","tag-premiacion-innovactoras-2026","tag-tecnologia-2","tag-transformacion-de-la-educacion","tag-unifranz","tag-veronica-agreda"],"acf":[],"_links":{"self":[{"href":"https:\/\/unifranz.edu.bo\/pt\/wp-json\/wp\/v2\/posts\/713987","targetHints":{"allow":["GET"]}}],"collection":[{"href":"https:\/\/unifranz.edu.bo\/pt\/wp-json\/wp\/v2\/posts"}],"about":[{"href":"https:\/\/unifranz.edu.bo\/pt\/wp-json\/wp\/v2\/types\/post"}],"author":[{"embeddable":true,"href":"https:\/\/unifranz.edu.bo\/pt\/wp-json\/wp\/v2\/users\/50"}],"replies":[{"embeddable":true,"href":"https:\/\/unifranz.edu.bo\/pt\/wp-json\/wp\/v2\/comments?post=713987"}],"version-history":[{"count":1,"href":"https:\/\/unifranz.edu.bo\/pt\/wp-json\/wp\/v2\/posts\/713987\/revisions"}],"predecessor-version":[{"id":713988,"href":"https:\/\/unifranz.edu.bo\/pt\/wp-json\/wp\/v2\/posts\/713987\/revisions\/713988"}],"wp:featuredmedia":[{"embeddable":true,"href":"https:\/\/unifranz.edu.bo\/pt\/wp-json\/wp\/v2\/media\/713983"}],"wp:attachment":[{"href":"https:\/\/unifranz.edu.bo\/pt\/wp-json\/wp\/v2\/media?parent=713987"}],"wp:term":[{"taxonomy":"category","embeddable":true,"href":"https:\/\/unifranz.edu.bo\/pt\/wp-json\/wp\/v2\/categories?post=713987"},{"taxonomy":"post_tag","embeddable":true,"href":"https:\/\/unifranz.edu.bo\/pt\/wp-json\/wp\/v2\/tags?post=713987"}],"curies":[{"name":"wp","href":"https:\/\/api.w.org\/{rel}","templated":true}]}}