{"id":713966,"date":"2026-04-28T17:55:23","date_gmt":"2026-04-28T21:55:23","guid":{"rendered":"https:\/\/unifranz.edu.bo\/?p=713966"},"modified":"2026-04-28T17:55:26","modified_gmt":"2026-04-28T21:55:26","slug":"dos-enfoques-un-ingeniero-mas-completo-doble-titulacion-que-combina-software-y-tecnologia-industrial","status":"publish","type":"post","link":"https:\/\/unifranz.edu.bo\/pt\/blog\/dos-enfoques-un-ingeniero-mas-completo-doble-titulacion-que-combina-software-y-tecnologia-industrial\/","title":{"rendered":"Dos enfoques, un ingeniero m\u00e1s completo: doble titulaci\u00f3n que combina software y tecnolog\u00eda industrial"},"content":{"rendered":"<p>Un ingeniero que domina tanto el desarrollo de software como los sistemas industriales es un perfil ideal que ahora puede ser real. La alianza para una doble titulaci\u00f3n entre la Universidad Franz Tamayo (Unifranz) y la Universidad Mondrag\u00f3n M\u00e9xico, propone justamente eso: una formaci\u00f3n complementaria en Ingenier\u00eda de Sistemas que combina las fortalezas acad\u00e9micas de ambas instituciones en un solo trayecto formativo.<\/p>\n\n\n\n<blockquote class=\"wp-block-quote is-layout-flow wp-block-quote-is-layout-flow\">\n<p>\u201cEs un acuerdo muy importante que beneficiar\u00e1 a los estudiantes, les permitir\u00e1 obtener dos t\u00edtulos internacionales: uno de la Universidad Mondrag\u00f3n M\u00e9xico en Ingenier\u00eda de Sistemas Embebidos, orientado principalmente al \u00e1rea industrial, y otro de la Unifranz, que est\u00e1 enfocado en el desarrollo de programaci\u00f3n\u201d, se\u00f1ala Marcelo Pacheco, director de la carrera de Ingenier\u00eda de Sistemas en Unifranz.<\/p>\n<\/blockquote>\n\n\n\n<p>El programa de doble titulaci\u00f3n no solo permite obtener dos t\u00edtulos universitarios, en Bolivia y M\u00e9xico. Su principal valor est\u00e1 en la construcci\u00f3n de la malla acad\u00e9mica a partir de un an\u00e1lisis detallado que identific\u00f3 qu\u00e9 hace mejor cada universidad y c\u00f3mo esas diferencias pueden integrarse en beneficio del estudiante.<\/p>\n\n\n\n<blockquote class=\"wp-block-quote is-layout-flow wp-block-quote-is-layout-flow\">\n<p>\u201cLo que ocurre con un doble t\u00edtulo es que los j\u00f3venes mantienen lo mejor de dos instituciones en un mismo programa acad\u00e9mico\u201d, explica Arturo Alvarado Hierro, rector de la Universidad Mondrag\u00f3n M\u00e9xico. En ese proceso, se definieron \u00e1reas clave donde cada universidad aporta mayor especializaci\u00f3n.<\/p>\n<\/blockquote>\n\n\n\n<h2 class=\"wp-block-heading\"><strong>Un profesional completo&nbsp;<\/strong><\/h2>\n\n\n\n<p>Desde Bolivia, por ejemplo, Unifranz ha desarrollado una formaci\u00f3n muy importante en campos vinculados al desarrollo de software. \u00c1reas como estructura de datos, sistemas de control y seguridad inform\u00e1tica son solo algunas de las asignaturas que forman parte de su n\u00facleo acad\u00e9mico. A esto se suma un enfoque claro en programaci\u00f3n, que -seg\u00fan Pacheco- caracteriza el perfil de sus egresados.<\/p>\n\n\n\n<p>Del lado mexicano, la Universidad de Mondrag\u00f3n aporta una orientaci\u00f3n m\u00e1s ligada al entorno industrial. Su programa incluye contenidos en electr\u00f3nica digital avanzada, electr\u00f3nica aplicada y sistemas de potencia, adem\u00e1s de una especializaci\u00f3n en sistemas embebidos. \u201cEst\u00e1 orientado sobre todo al \u00e1rea industrial\u201d, explica Pacheco.<\/p>\n\n\n\n<p>El resultado de esta combinaci\u00f3n es un perfil h\u00edbrido que responde mejor a las demandas actuales del mercado tecnol\u00f3gico. Un profesional que no solo puede desarrollar software, sino tambi\u00e9n entender su aplicaci\u00f3n en entornos industriales, automatizaci\u00f3n o sistemas productivos.<\/p>\n\n\n\n<figure class=\"wp-block-embed is-type-video is-provider-youtube wp-block-embed-youtube wp-embed-aspect-16-9 wp-has-aspect-ratio\"><div class=\"wp-block-embed__wrapper\">\n<iframe loading=\"lazy\" title=\"Unifranz | Ingenier\u00eda de software + tecnolog\u00eda industrial | Doble titulaci\u00f3n\" width=\"500\" height=\"281\" src=\"https:\/\/www.youtube.com\/embed\/ds1GbxyE0oI?feature=oembed\" frameborder=\"0\" allow=\"accelerometer; autoplay; clipboard-write; encrypted-media; gyroscope; picture-in-picture; web-share\" referrerpolicy=\"strict-origin-when-cross-origin\" allowfullscreen><\/iframe>\n<\/div><\/figure>\n\n\n\n<p><\/p>\n\n\n\n<h2 class=\"wp-block-heading\"><strong>El dise\u00f1o acad\u00e9mico<\/strong><\/h2>\n\n\n\n<p>El proceso de construcci\u00f3n del programa tom\u00f3 alrededor de un a\u00f1o e implic\u00f3 la revisi\u00f3n exhaustiva de los planes de estudio de ambas universidades. El trabajo buscaba identificar qu\u00e9 le falta a un estudiante de una instituci\u00f3n para cumplir con los est\u00e1ndares de la otra.<\/p>\n\n\n\n<blockquote class=\"wp-block-quote is-layout-flow wp-block-quote-is-layout-flow\">\n<p>\u201cPudimos homologar nuestras materias con las de Mondrag\u00f3n y ver que nuestra malla curricular cumple con est\u00e1ndares internacionales\u201d, explica Pacheco. Este trabajo permiti\u00f3 dise\u00f1ar un itinerario acad\u00e9mico en el que los estudiantes cursan asignaturas espec\u00edficas en el extranjero para completar su formaci\u00f3n.<\/p>\n<\/blockquote>\n\n\n\n<p>En la pr\u00e1ctica, esto significa que un estudiante de Unifranz no repite contenidos, sino que accede a conocimientos que no est\u00e1n disponibles en su universidad de origen. Entre ellos, nuevas \u00e1reas como data warehouse o tecnolog\u00edas vinculadas a la automatizaci\u00f3n industrial.<\/p>\n\n\n\n<h2 class=\"wp-block-heading\"><strong>Del aula a la industria<\/strong><\/h2>\n\n\n\n<p>Uno de los elementos que refuerza esta formaci\u00f3n complementaria es el entorno en el que se desarrolla parte del programa. La Universidad Mondrag\u00f3n M\u00e9xico se encuentra en Quer\u00e9taro, una de las zonas industriales m\u00e1s din\u00e1micas de M\u00e9xico, con presencia de sectores como el automotriz y la manufactura avanzada.<\/p>\n\n\n\n<p>\u201cLa universidad est\u00e1 rodeada de parques industriales, lo que permitir\u00e1 a los estudiantes aplicar a trabajos en empresas internacionales\u201d, se\u00f1ala Pacheco. Esta cercan\u00eda facilita no solo la pr\u00e1ctica profesional, sino tambi\u00e9n la comprensi\u00f3n de c\u00f3mo se integran los sistemas tecnol\u00f3gicos en procesos productivos reales.<\/p>\n\n\n\n<p>Para los estudiantes, esto implica pasar de una formaci\u00f3n centrada en el aula a una experiencia que conecta directamente con la industria, un factor cada vez m\u00e1s valorado por las empresas.<\/p>\n\n\n\n<h2 class=\"wp-block-heading\"><strong>Un perfil m\u00e1s competitivo<\/strong><\/h2>\n\n\n\n<p>La combinaci\u00f3n de ambos enfoques \u2014software y sistemas industriales\u2014 ampl\u00eda significativamente las oportunidades laborales de los graduados. Ya no se trata solo de dominar un \u00e1rea espec\u00edfica, sino de contar con una visi\u00f3n m\u00e1s completa del ecosistema tecnol\u00f3gico.<\/p>\n\n\n\n<blockquote class=\"wp-block-quote is-layout-flow wp-block-quote-is-layout-flow\">\n<p>\u201cLes va a abrir los ojos para internacionalizarse, ver otra realidad y conocer \u00e1reas industriales\u201d, afirma Pacheco sobre el impacto del programa en los estudiantes. A esto se suma la experiencia de movilidad internacional y la posibilidad de desarrollar pr\u00e1cticas en otro pa\u00eds.<\/p>\n<\/blockquote>\n\n\n\n<p>Desde la perspectiva de Mondrag\u00f3n, este tipo de formaci\u00f3n tambi\u00e9n responde a una necesidad del mercado global. \u201cHoy se demandan personas no solo bien formadas t\u00e9cnicamente, sino con apertura al mundo y capacidad de trabajar en contextos multiculturales\u201d, se\u00f1ala Alvarado.<\/p>\n\n\n\n<h2 class=\"wp-block-heading\"><strong>M\u00e1s que dos t\u00edtulos<\/strong><\/h2>\n\n\n\n<p>Aunque el atractivo inicial del programa es la doble titulaci\u00f3n, el valor de fondo est\u00e1 en la integraci\u00f3n de dos modelos educativos. Uno enfocado en el desarrollo de software y otro en la aplicaci\u00f3n tecnol\u00f3gica en la industria.<\/p>\n\n\n\n<p>El resultado es un profesional con mayores herramientas para adaptarse a distintos entornos, capaz de moverse entre el desarrollo digital y la implementaci\u00f3n tecnol\u00f3gica en sectores productivos.<\/p>\n\n\n\n<p>En un contexto donde la especializaci\u00f3n ya no es suficiente por s\u00ed sola, esta formaci\u00f3n complementaria marca una diferencia clara. No se trata solo de estudiar en dos universidades, sino de formarse en dos enfoques que, al integrarse, responden mejor a lo que hoy exige el mundo laboral.<\/p>","protected":false},"excerpt":{"rendered":"<p>Doble titulaci\u00f3n Unifranz y Mondrag\u00f3n forma ingenieros en software y sistemas industriales con perfil internacional y alta empleabilidad.<\/p>","protected":false},"author":53,"featured_media":713967,"comment_status":"open","ping_status":"open","sticky":false,"template":"","format":"standard","meta":{"_acf_changed":false,"footnotes":""},"categories":[60],"tags":[266,11569,12276,10490,53,386,10157,10629,1422,218,242,12358],"class_list":["post-713966","post","type-post","status-publish","format-standard","has-post-thumbnail","hentry","category-blog","tag-bolivia","tag-calidad-academica-2","tag-calidad-universitaria","tag-doble-titulacion-unifranz","tag-educacion","tag-estudiantes","tag-estudiar-en-mexico","tag-ingenieria-de-sistemas-2","tag-innovacion-en-educacion","tag-tecnologia","tag-unifranz","tag-universidad-mondragon-mexico"],"acf":[],"_links":{"self":[{"href":"https:\/\/unifranz.edu.bo\/pt\/wp-json\/wp\/v2\/posts\/713966","targetHints":{"allow":["GET"]}}],"collection":[{"href":"https:\/\/unifranz.edu.bo\/pt\/wp-json\/wp\/v2\/posts"}],"about":[{"href":"https:\/\/unifranz.edu.bo\/pt\/wp-json\/wp\/v2\/types\/post"}],"author":[{"embeddable":true,"href":"https:\/\/unifranz.edu.bo\/pt\/wp-json\/wp\/v2\/users\/53"}],"replies":[{"embeddable":true,"href":"https:\/\/unifranz.edu.bo\/pt\/wp-json\/wp\/v2\/comments?post=713966"}],"version-history":[{"count":1,"href":"https:\/\/unifranz.edu.bo\/pt\/wp-json\/wp\/v2\/posts\/713966\/revisions"}],"predecessor-version":[{"id":713968,"href":"https:\/\/unifranz.edu.bo\/pt\/wp-json\/wp\/v2\/posts\/713966\/revisions\/713968"}],"wp:featuredmedia":[{"embeddable":true,"href":"https:\/\/unifranz.edu.bo\/pt\/wp-json\/wp\/v2\/media\/713967"}],"wp:attachment":[{"href":"https:\/\/unifranz.edu.bo\/pt\/wp-json\/wp\/v2\/media?parent=713966"}],"wp:term":[{"taxonomy":"category","embeddable":true,"href":"https:\/\/unifranz.edu.bo\/pt\/wp-json\/wp\/v2\/categories?post=713966"},{"taxonomy":"post_tag","embeddable":true,"href":"https:\/\/unifranz.edu.bo\/pt\/wp-json\/wp\/v2\/tags?post=713966"}],"curies":[{"name":"wp","href":"https:\/\/api.w.org\/{rel}","templated":true}]}}