{"id":713960,"date":"2026-04-28T17:57:52","date_gmt":"2026-04-28T21:57:52","guid":{"rendered":"https:\/\/unifranz.edu.bo\/?p=713960"},"modified":"2026-04-28T17:59:09","modified_gmt":"2026-04-28T21:59:09","slug":"congreso-internacional-de-salud-fechas-temas-clave-y-como-participar-en-el-evento","status":"publish","type":"post","link":"https:\/\/unifranz.edu.bo\/pt\/blog\/congreso-internacional-de-salud-fechas-temas-clave-y-como-participar-en-el-evento\/","title":{"rendered":"Congreso Internacional de Salud: fechas, temas clave y c\u00f3mo participar en el evento"},"content":{"rendered":"<p>Cochabamba se prepara para convertirse en el punto de encuentro de la salud en Bolivia. El V Congreso Internacional de Salud organizado por Unifranz reunir\u00e1 a especialistas, estudiantes, autoridades y profesionales en un espacio que no solo busca actualizar conocimientos, sino tambi\u00e9n generar propuestas concretas frente a los desaf\u00edos sanitarios actuales.<\/p>\n\n\n\n<p>El evento se realizar\u00e1 los d\u00edas 13 y 14 de mayo de 2026 y tendr\u00e1 como sedes el Centro de Convenciones El Portal, el campus central de Unifranz y su cl\u00ednica odontol\u00f3gica. Pero m\u00e1s all\u00e1 de las fechas y los escenarios, la apuesta es m\u00e1s ambiciosa: construir un di\u00e1logo entre ciencia, tecnolog\u00eda y realidad social.&nbsp;<\/p>\n\n\n\n<blockquote class=\"wp-block-quote is-layout-flow wp-block-quote-is-layout-flow\">\n<p>\u201cLa salud necesita ser pensada y trabajada con mayor articulaci\u00f3n, mayor evidencia y mayor visi\u00f3n de futuro\u201d, afirm\u00f3 Jimmy Venegas, decano acad\u00e9mico de Unifranz Cochabamba, durante la presentaci\u00f3n oficial del evento internacional.<\/p>\n<\/blockquote>\n\n\n\n<p>El congreso se estructura en tres grandes ejes que marcan su enfoque: salud sin fronteras, salud de impacto y salud del futuro. Estos no solo organizan la agenda, sino que reflejan una mirada integral sobre los problemas actuales y las oportunidades de transformaci\u00f3n en el sistema de salud.<\/p>\n\n\n\n<blockquote class=\"wp-block-quote is-layout-flow wp-block-quote-is-layout-flow\">\n<p>En el primer eje, salud sin fronteras, se abordar\u00e1n temas urgentes como la salud mental, la resistencia antimicrobiana y el enfoque <em>One Health<\/em>, que vincula la salud humana, animal y ambiental. \u201cLa salud mental se ha convertido en una prioridad ineludible, especialmente cuando pensamos en adolescentes y j\u00f3venes\u201d, explic\u00f3 Venegas, al se\u00f1alar que investigaciones realizadas por la universidad evidencian problemas de ansiedad y depresi\u00f3n tanto en colegios como en universidades.<\/p>\n<\/blockquote>\n\n\n\n<figure class=\"wp-block-embed is-type-video is-provider-youtube wp-block-embed-youtube wp-embed-aspect-16-9 wp-has-aspect-ratio\"><div class=\"wp-block-embed__wrapper\">\n<iframe loading=\"lazy\" title=\"Unifranz | Congreso Internacional de Salud: fechas, temas clave y c\u00f3mo participar en el evento\" width=\"500\" height=\"281\" src=\"https:\/\/www.youtube.com\/embed\/uaEHedQCzNY?feature=oembed\" frameborder=\"0\" allow=\"accelerometer; autoplay; clipboard-write; encrypted-media; gyroscope; picture-in-picture; web-share\" referrerpolicy=\"strict-origin-when-cross-origin\" allowfullscreen><\/iframe>\n<\/div><\/figure>\n\n\n\n<p>El segundo eje, salud de impacto, estar\u00e1 enfocado en los avances tecnol\u00f3gicos y su aplicaci\u00f3n en la pr\u00e1ctica cl\u00ednica. Uno de los temas que se pondr\u00e1 sobre la mesa ser\u00e1 el uso de nuevos f\u00e1rmacos, como los relacionados con GLP-1. \u201cMuchas veces escuchamos sobre estos medicamentos en redes sociales, pero no siempre con informaci\u00f3n correcta o acompa\u00f1amiento profesional\u201d, advirti\u00f3 Venegas, subrayando la necesidad de trasladar conocimiento confiable hacia la poblaci\u00f3n.<\/p>\n\n\n\n<p>El tercer eje, salud del futuro, abordar\u00e1 tendencias emergentes como la epigen\u00e9tica, la microbiota o la relaci\u00f3n intestino-cerebro, con el objetivo de analizar c\u00f3mo estos avances pueden aplicarse en el contexto local. La premisa es clara: anticiparse a los problemas en lugar de reaccionar a ellos.<\/p>\n\n\n\n<p>El congreso contar\u00e1 con la participaci\u00f3n de expertos internacionales de pa\u00edses como Brasil, Per\u00fa, Argentina, Chile, Colombia y Estados Unidos, adem\u00e1s de referentes nacionales y autoridades sanitarias. A esto se suman aliados estrat\u00e9gicos como la Organizaci\u00f3n Mundial de la Salud, redes de investigaci\u00f3n y colegios profesionales, lo que refuerza el car\u00e1cter articulador del evento.<\/p>\n\n\n\n<blockquote class=\"wp-block-quote is-layout-flow wp-block-quote-is-layout-flow\">\n<p>Uno de los elementos distintivos ser\u00e1 la inclusi\u00f3n de conversatorios con tomadores de decisi\u00f3n, una apuesta por conectar la academia con la gesti\u00f3n p\u00fablica. \u201cQueremos que este congreso no solo comparta conocimiento, sino que permita hablar de lo que podemos hacer en Cochabamba y en Bolivia\u201d, sostuvo Venegas.<\/p>\n<\/blockquote>\n\n\n\n<p>El rol de Unifranz en este escenario es el de articulador. Desde su Facultad de Ciencias de la Salud, la universidad impulsa investigaciones, genera espacios de di\u00e1logo y promueve el modelo de \u201caprender haciendo\u201d, buscando que el conocimiento tenga impacto real en la sociedad. \u201cEste lanzamiento no es solo una presentaci\u00f3n de agenda, es un llamado a trabajar entre instituciones por la salud con visi\u00f3n compartida\u201d, enfatiz\u00f3 el decano.<\/p>\n\n\n\n<p>La invitaci\u00f3n est\u00e1 abierta. Estudiantes, profesionales y cualquier persona interesada en el \u00e1mbito de la salud pueden ser parte de este encuentro, que busca no solo reflexionar, sino tambi\u00e9n construir soluciones. En un contexto donde los desaf\u00edos sanitarios son cada vez m\u00e1s complejos, espacios como este se plantean como una oportunidad para actualizarse, debatir y, sobre todo, actuar.<\/p>","protected":false},"excerpt":{"rendered":"<p>V Congreso Internacional de Salud 2026: fechas, sedes y temas clave sobre resistencia antimicrobiana y salud del futuro en Bolivia. \u00a1Inscr\u00edbete!<\/p>","protected":false},"author":49,"featured_media":713961,"comment_status":"open","ping_status":"open","sticky":false,"template":"","format":"standard","meta":{"_acf_changed":false,"footnotes":""},"categories":[60],"tags":[11569,12276,1422,12364,62,49,12365,10793,242,12366],"class_list":["post-713960","post","type-post","status-publish","format-standard","has-post-thumbnail","hentry","category-blog","tag-calidad-academica-2","tag-calidad-universitaria","tag-innovacion-en-educacion","tag-innovacion-en-salud","tag-internacionalizate","tag-medicina","tag-salud-del-futuro","tag-tecnologia-2","tag-unifranz","tag-v-congreso-internacional-de-salud-unifranz"],"acf":[],"_links":{"self":[{"href":"https:\/\/unifranz.edu.bo\/pt\/wp-json\/wp\/v2\/posts\/713960","targetHints":{"allow":["GET"]}}],"collection":[{"href":"https:\/\/unifranz.edu.bo\/pt\/wp-json\/wp\/v2\/posts"}],"about":[{"href":"https:\/\/unifranz.edu.bo\/pt\/wp-json\/wp\/v2\/types\/post"}],"author":[{"embeddable":true,"href":"https:\/\/unifranz.edu.bo\/pt\/wp-json\/wp\/v2\/users\/49"}],"replies":[{"embeddable":true,"href":"https:\/\/unifranz.edu.bo\/pt\/wp-json\/wp\/v2\/comments?post=713960"}],"version-history":[{"count":2,"href":"https:\/\/unifranz.edu.bo\/pt\/wp-json\/wp\/v2\/posts\/713960\/revisions"}],"predecessor-version":[{"id":713969,"href":"https:\/\/unifranz.edu.bo\/pt\/wp-json\/wp\/v2\/posts\/713960\/revisions\/713969"}],"wp:featuredmedia":[{"embeddable":true,"href":"https:\/\/unifranz.edu.bo\/pt\/wp-json\/wp\/v2\/media\/713961"}],"wp:attachment":[{"href":"https:\/\/unifranz.edu.bo\/pt\/wp-json\/wp\/v2\/media?parent=713960"}],"wp:term":[{"taxonomy":"category","embeddable":true,"href":"https:\/\/unifranz.edu.bo\/pt\/wp-json\/wp\/v2\/categories?post=713960"},{"taxonomy":"post_tag","embeddable":true,"href":"https:\/\/unifranz.edu.bo\/pt\/wp-json\/wp\/v2\/tags?post=713960"}],"curies":[{"name":"wp","href":"https:\/\/api.w.org\/{rel}","templated":true}]}}