{"id":713955,"date":"2026-04-28T19:30:00","date_gmt":"2026-04-28T23:30:00","guid":{"rendered":"https:\/\/unifranz.edu.bo\/?p=713955"},"modified":"2026-04-28T17:54:59","modified_gmt":"2026-04-28T21:54:59","slug":"la-animacion-potencia-el-contenido-breve-en-redes-sociales-con-humor-y-creatividad","status":"publish","type":"post","link":"https:\/\/unifranz.edu.bo\/pt\/blog\/la-animacion-potencia-el-contenido-breve-en-redes-sociales-con-humor-y-creatividad\/","title":{"rendered":"La animaci\u00f3n potencia el contenido breve en redes sociales con humor y creatividad"},"content":{"rendered":"<p>La animaci\u00f3n es una herramienta poderosa dentro del ecosistema digital, especialmente en redes sociales, donde la atenci\u00f3n del usuario es cada vez m\u00e1s breve y exigente. Instituciones como la Universidad Franz Tamayo (Unifranz) impulsan espacios de formaci\u00f3n y conexi\u00f3n con la industria creativa, como el Nexus Creative Week 2026, donde se reflexiona sobre el impacto de la animaci\u00f3n en la comunicaci\u00f3n contempor\u00e1nea.<\/p>\n\n\n\n<blockquote class=\"wp-block-quote is-layout-flow wp-block-quote-is-layout-flow\">\n<p>\u201cLa animaci\u00f3n es muy importante en redes sociales ya que atrae un p\u00fablico mucho m\u00e1s amplio por su creatividad y su alta eficacia de transmitir mensajes cortos. La animaci\u00f3n es bastante poderosa para poder mostrar de una manera diferente a lo que se hace tradicionalmente con video. Realmente es algo que funciona bastante bien y ayuda a conectar mucho m\u00e1s con el p\u00fablico\u00bb, sostiene Andy Garnica Iriarte, dise\u00f1ador y animador profesional boliviano conocido como: El k\u00b4jolu.<\/p>\n<\/blockquote>\n\n\n\n<p>La animaci\u00f3n destaca por su capacidad de captar la atenci\u00f3n de forma inmediata gracias al movimiento, el color y la narrativa visual.<\/p>\n\n\n\n<p>Diversos estudios se\u00f1alan que el cerebro humano procesa im\u00e1genes hasta 60.000 veces m\u00e1s r\u00e1pido que el texto, lo que convierte a este formato en ideal para plataformas saturadas de informaci\u00f3n como Instagram o TikTok. Adem\u00e1s, incrementa significativamente el engagement, logrando hasta un 65% m\u00e1s de retenci\u00f3n en comparaci\u00f3n con contenidos est\u00e1ticos.<\/p>\n\n\n\n<p>La experiencia de Iriarte en este rubro le respalda porque en menos de un mes, seg\u00fan comenta, sus animaciones cortas en TikTok superaron los siete millones de visualizaciones, demostrando c\u00f3mo el contenido breve, creativo y con identidad local puede alcanzar audiencias masivas.<\/p>\n\n\n\n<p><strong>Tendencias creativas y de contenido<\/strong><\/p>\n\n\n\n<blockquote class=\"wp-block-quote is-layout-flow wp-block-quote-is-layout-flow\">\n<p>Las tendencias actuales en redes sociales apuntan a formatos \u00e1giles como reels, GIFs y tambi\u00e9n stories, donde la animaci\u00f3n juega un rol central. \u00abActualmente, las tendencias en animaci\u00f3n es justamente crear reels cortos, utilizar tambi\u00e9n el humor, crear diferentes estilos de animaci\u00f3n que eso es lo m\u00e1s rico y lo m\u00e1s poderoso. El enriquecimiento art\u00edstico de la animaci\u00f3n, que justamente atrae a p\u00fablicos grandes, y esas tendencias de hacer videos cortitos, de tratar de crear personajes o de crear una identidad tambi\u00e9n ayuda bastante\u00bb, explica el animador boliviano.<\/p>\n<\/blockquote>\n\n\n\n<p>Este enfoque evidencia una expansi\u00f3n y accesibilidad de la animaci\u00f3n, impulsada por herramientas digitales e inteligencia artificial que facilitan su creaci\u00f3n. Hoy, tanto marcas como creadores independientes pueden producir contenido atractivo sin grandes presupuestos, lo que ha diversificado la oferta visual en redes.<\/p>\n\n\n\n<figure class=\"wp-block-embed is-type-video is-provider-youtube wp-block-embed-youtube wp-embed-aspect-16-9 wp-has-aspect-ratio\"><div class=\"wp-block-embed__wrapper\">\n<iframe loading=\"lazy\" title=\"Unifranz | La animaci\u00f3n potencia contenido breve con humor y creatividad\" width=\"500\" height=\"281\" src=\"https:\/\/www.youtube.com\/embed\/XsAHWPpdPRk?feature=oembed\" frameborder=\"0\" allow=\"accelerometer; autoplay; clipboard-write; encrypted-media; gyroscope; picture-in-picture; web-share\" referrerpolicy=\"strict-origin-when-cross-origin\" allowfullscreen><\/iframe>\n<\/div><\/figure>\n\n\n\n<p><\/p>\n\n\n\n<p>Asimismo, la animaci\u00f3n y el humor fortalece el storytelling, permitiendo simplificar ideas complejas y generar conexiones emocionales con la audiencia. Esto se traduce en mayor visibilidad, interacci\u00f3n y posicionamiento de marca, factores clave en entornos digitales altamente competitivos.<\/p>\n\n\n\n<p><strong>Formaci\u00f3n, industria y oportunidades creativas<\/strong><\/p>\n\n\n\n<blockquote class=\"wp-block-quote is-layout-flow wp-block-quote-is-layout-flow\">\n<p>Desde el \u00e1mbito acad\u00e9mico, la animaci\u00f3n tambi\u00e9n cumple un rol formativo y estrat\u00e9gico. Iyorbanka Cuiza, directora de la carrera de Dise\u00f1o Gr\u00e1fico y Crossmedia, afirma: \u201cNexus es un espacio donde conectamos a los estudiantes con la industria, con profesionales que est\u00e1n marcando tendencia a nivel internacional\u201d. Esta conexi\u00f3n permite a los estudiantes comprender las din\u00e1micas reales del mercado y desarrollar competencias alineadas con las demandas actuales.<\/p>\n<\/blockquote>\n\n\n\n<p>El crecimiento de la animaci\u00f3n en redes sociales ha generado nuevas oportunidades laborales, desde la creaci\u00f3n de contenido digital hasta el desarrollo de campa\u00f1as publicitarias, branding y producci\u00f3n audiovisual. Adem\u00e1s, fomenta el emprendimiento creativo, donde los artistas pueden construir su propia audiencia, marca y monetizar su trabajo.<\/p>\n\n\n\n<blockquote class=\"wp-block-quote is-layout-flow wp-block-quote-is-layout-flow\">\n<p>\u00abEs importante impulsar justamente el arte de uno mismo a trav\u00e9s de las redes sociales y perder justamente ese miedo de mostrarse. De creer que no puede ser suficientemente bueno o creer que tal vez no est\u00e1 bien, ah\u00ed hay que perder el miedo y animarse a cualquier trabajito que se haga, cualquier dise\u00f1o, cualquier ilustraci\u00f3n, cualquier animaci\u00f3n corta, hay que publicar sin ese miedo\u00bb, recomienda Garnica, como parte de la motivaci\u00f3n para vencer barreras personales.<\/p>\n<\/blockquote>\n\n\n\n<p>La animaci\u00f3n no solo transforma la manera en que se comunican las ideas en redes sociales, sino que tambi\u00e9n redefine las oportunidades en el \u00e1mbito creativo y profesional. En el Nexus Creative Week 2026, del 27 al 30 de abril en La Paz, se consolida como un espacio de innovaci\u00f3n donde los estudiantes aprenden animaci\u00f3n bajo el enfoque \u201caprender haciendo\u201d. A trav\u00e9s de talleres, retos creativos y el contacto con profesionales y empresas los participantes desarrollan competencias digitales, narrativas y audiovisuales alineadas al mercado laboral.<\/p>","protected":false},"excerpt":{"rendered":"<p>La animaci\u00f3n fortalece el contenido breve en redes sociales con humor, creatividad y narrativa visual. Su impacto, engagement, visibilidad y posicionamiento la convierte en una tendencia clave para creadores y marcas digitales.<\/p>","protected":false},"author":51,"featured_media":713956,"comment_status":"open","ping_status":"open","sticky":false,"template":"","format":"standard","meta":{"_acf_changed":false,"footnotes":""},"categories":[60],"tags":[266,412,6356,12390,386,12376,1310,4246,1422,7471,41,10938,12389,681,218,3388,242],"class_list":["post-713955","post","type-post","status-publish","format-standard","has-post-thumbnail","hentry","category-blog","tag-bolivia","tag-creatividad","tag-diseno-grafico-y-produccion-cross-media","tag-el-kjolu","tag-estudiantes","tag-estudio-ninakami","tag-facebook","tag-humor","tag-innovacion-en-educacion","tag-instagram","tag-la-paz","tag-nexus-creative-week","tag-nexus-creative-week-2026","tag-redes-sociales","tag-tecnologia","tag-tiktok","tag-unifranz"],"acf":[],"_links":{"self":[{"href":"https:\/\/unifranz.edu.bo\/pt\/wp-json\/wp\/v2\/posts\/713955","targetHints":{"allow":["GET"]}}],"collection":[{"href":"https:\/\/unifranz.edu.bo\/pt\/wp-json\/wp\/v2\/posts"}],"about":[{"href":"https:\/\/unifranz.edu.bo\/pt\/wp-json\/wp\/v2\/types\/post"}],"author":[{"embeddable":true,"href":"https:\/\/unifranz.edu.bo\/pt\/wp-json\/wp\/v2\/users\/51"}],"replies":[{"embeddable":true,"href":"https:\/\/unifranz.edu.bo\/pt\/wp-json\/wp\/v2\/comments?post=713955"}],"version-history":[{"count":2,"href":"https:\/\/unifranz.edu.bo\/pt\/wp-json\/wp\/v2\/posts\/713955\/revisions"}],"predecessor-version":[{"id":713964,"href":"https:\/\/unifranz.edu.bo\/pt\/wp-json\/wp\/v2\/posts\/713955\/revisions\/713964"}],"wp:featuredmedia":[{"embeddable":true,"href":"https:\/\/unifranz.edu.bo\/pt\/wp-json\/wp\/v2\/media\/713956"}],"wp:attachment":[{"href":"https:\/\/unifranz.edu.bo\/pt\/wp-json\/wp\/v2\/media?parent=713955"}],"wp:term":[{"taxonomy":"category","embeddable":true,"href":"https:\/\/unifranz.edu.bo\/pt\/wp-json\/wp\/v2\/categories?post=713955"},{"taxonomy":"post_tag","embeddable":true,"href":"https:\/\/unifranz.edu.bo\/pt\/wp-json\/wp\/v2\/tags?post=713955"}],"curies":[{"name":"wp","href":"https:\/\/api.w.org\/{rel}","templated":true}]}}