{"id":713937,"date":"2026-04-28T08:27:50","date_gmt":"2026-04-28T12:27:50","guid":{"rendered":"https:\/\/unifranz.edu.bo\/?p=713937"},"modified":"2026-04-28T08:28:24","modified_gmt":"2026-04-28T12:28:24","slug":"el-concejo-municipal-distingue-a-unifranz-por-su-compromiso-con-el-desarrollo-de-cochabamba","status":"publish","type":"post","link":"https:\/\/unifranz.edu.bo\/pt\/blog\/el-concejo-municipal-distingue-a-unifranz-por-su-compromiso-con-el-desarrollo-de-cochabamba\/","title":{"rendered":"El Concejo Municipal distingue a Unifranz por su compromiso con el desarrollo de Cochabamba\u00a0"},"content":{"rendered":"<p>El Concejo Municipal distingui\u00f3 a la Universidad Franz Tamayo (Unifranz) por su aporte sostenido y estrat\u00e9gico en el desarrollo del municipio entre 2021 y 2026. Al terminar la gesti\u00f3n legislativa, el \u00f3rgano deliberante hizo un balance y decidi\u00f3 reconocer a las instituciones que m\u00e1s contribuyeron a hacer que Cochabamba pueda desarrollarse y avanzar en el liderazgo como ciudad m\u00e1s humana e inteligente.<\/p>\n\n\n\n<figure class=\"wp-block-image size-large\"><img loading=\"lazy\" decoding=\"async\" width=\"1024\" height=\"536\" src=\"https:\/\/unifranz.edu.bo\/wp-content\/uploads\/2026\/04\/1-7-1024x536.png\" alt=\"\" class=\"wp-image-713939\" srcset=\"https:\/\/unifranz.edu.bo\/wp-content\/uploads\/2026\/04\/1-7-1024x536.png 1024w, https:\/\/unifranz.edu.bo\/wp-content\/uploads\/2026\/04\/1-7-300x157.png 300w, https:\/\/unifranz.edu.bo\/wp-content\/uploads\/2026\/04\/1-7-768x402.png 768w, https:\/\/unifranz.edu.bo\/wp-content\/uploads\/2026\/04\/1-7-1536x804.png 1536w, https:\/\/unifranz.edu.bo\/wp-content\/uploads\/2026\/04\/1-7-2048x1072.png 2048w, https:\/\/unifranz.edu.bo\/wp-content\/uploads\/2026\/04\/1-7-18x9.png 18w\" sizes=\"auto, (max-width: 1024px) 100vw, 1024px\" \/><figcaption class=\"wp-element-caption\">El reconocimiento del Concejo Municipal de Cochabamba otorgado a Unifranz. <\/figcaption><\/figure>\n\n\n\n<p>El acto se desarroll\u00f3 la semana pasada. El presidente del Concejo Municipal, Walter Flores, resalt\u00f3: \u00abCuando se une la academia con las instituciones p\u00fablicas, se pueden lograr muchas cosas. Unifranz ha sido un ejemplo de coordinaci\u00f3n y compromiso con la gesti\u00f3n municipal\u00bb.<\/p>\n\n\n\n<p>Las cinco comisiones del Concejo \u2014Desarrollo Econ\u00f3mico, Desarrollo Territorial, Desarrollo Humano, Mujer y Ni\u00f1ez, y Coordinaci\u00f3n Social\u2014 encontraron en la universidad un aliado que llegaba con propuestas, herramientas y capital humano dispuestos a responder a necesidades reales del municipio.&nbsp;<\/p>\n\n\n\n<p><strong>Una alianza que construye pol\u00edtica p\u00fablica<\/strong><\/p>\n\n\n\n<p>Durante cinco a\u00f1os, Unifranz se convirti\u00f3 en un actor activo en la construcci\u00f3n de la ciudad. Su participaci\u00f3n fue clave en la consolidaci\u00f3n de normativas como la Ley de Cochabamba Ciudad Universitaria y la Ley de Ciudades Creativas, que son iniciativas orientadas a posicionar al municipio como un polo de conocimiento e innovaci\u00f3n.<\/p>\n\n\n\n<figure class=\"wp-block-image size-large\"><img loading=\"lazy\" decoding=\"async\" width=\"1024\" height=\"536\" src=\"https:\/\/unifranz.edu.bo\/wp-content\/uploads\/2026\/04\/2-7-1024x536.png\" alt=\"\" class=\"wp-image-713940\" srcset=\"https:\/\/unifranz.edu.bo\/wp-content\/uploads\/2026\/04\/2-7-1024x536.png 1024w, https:\/\/unifranz.edu.bo\/wp-content\/uploads\/2026\/04\/2-7-300x157.png 300w, https:\/\/unifranz.edu.bo\/wp-content\/uploads\/2026\/04\/2-7-768x402.png 768w, https:\/\/unifranz.edu.bo\/wp-content\/uploads\/2026\/04\/2-7-1536x804.png 1536w, https:\/\/unifranz.edu.bo\/wp-content\/uploads\/2026\/04\/2-7-2048x1072.png 2048w, https:\/\/unifranz.edu.bo\/wp-content\/uploads\/2026\/04\/2-7-18x9.png 18w\" sizes=\"auto, (max-width: 1024px) 100vw, 1024px\" \/><figcaption class=\"wp-element-caption\">De izquierda a derecha, el presidente del Concejo Municipal de Cochabamba, Lic. Walter Flores; el Vicerrector de Unifranz Cochabamba, Ing. Rolando Lopez; la directora de Carrera de Derecho de Unifranz, Dra. Mirtha Vargas; y el Decano Acad\u00e9mico de Unifranz, Dr. Jimmy Venegas. <\/figcaption><\/figure>\n\n\n\n<p>Adem\u00e1s, su aporte acad\u00e9mico fortaleci\u00f3 la gesti\u00f3n p\u00fablica a trav\u00e9s de asesor\u00edas, mesas de trabajo y procesos de planificaci\u00f3n territorial.<\/p>\n\n\n\n<p>\u00abCuando se une la academia, las instituciones p\u00fablicas y las autoridades, se pueden lograr muchas cosas\u00bb, reiter\u00f3 Flores, subrayando el valor de esta sinergia.<\/p>\n\n\n\n<p><strong>Impacto en pol\u00edticas p\u00fablicas<\/strong><\/p>\n\n\n\n<p>El debate acad\u00e9mico entre el Concejo Municipal y la sede Cochabamba de Unifranz dej\u00f3 como resultado la aprobaci\u00f3n de la Ley de Ciudad Universitaria; Ley de Ciudades Creativas; asesor\u00eda t\u00e9cnica en gesti\u00f3n p\u00fablica y participaci\u00f3n en mesas de planificaci\u00f3n urbana.<\/p>\n\n\n\n<p><strong>Democracia, ciudadan\u00eda y tejido social<\/strong><\/p>\n\n\n\n<p>El impacto de Unifranz no se limit\u00f3 al \u00e1mbito normativo. Desde la Comisi\u00f3n de la Mujer, Ni\u00f1ez y Adolescencia, la concejal Marylin Rivera destac\u00f3 el trabajo conjunto en procesos de formaci\u00f3n ciudadana:<\/p>\n\n\n\n<p>\u00abHemos trabajado de manera conjunta con docentes, estudiantes y la comunidad en capacitaciones, defensa de derechos humanos y participaci\u00f3n ciudadana\u00bb. Por ejemplo, m\u00e1s de 100 mujeres se capacitaron y obtuvieron su certificaci\u00f3n como l\u00edderes pol\u00edticas de sus comunidades mediante los talleres<em> Julieta Monta\u00f1o<\/em>, nombre que rinde tributo a una de las pioneras en la defensa de los Derechos Humanos en Bolivia.&nbsp;<\/p>\n\n\n\n<figure class=\"wp-block-image size-large\"><img loading=\"lazy\" decoding=\"async\" width=\"1024\" height=\"776\" src=\"https:\/\/unifranz.edu.bo\/wp-content\/uploads\/2026\/04\/7-1-1024x776.jpg\" alt=\"\" class=\"wp-image-713945\" srcset=\"https:\/\/unifranz.edu.bo\/wp-content\/uploads\/2026\/04\/7-1-1024x776.jpg 1024w, https:\/\/unifranz.edu.bo\/wp-content\/uploads\/2026\/04\/7-1-300x227.jpg 300w, https:\/\/unifranz.edu.bo\/wp-content\/uploads\/2026\/04\/7-1-768x582.jpg 768w, https:\/\/unifranz.edu.bo\/wp-content\/uploads\/2026\/04\/7-1-1536x1164.jpg 1536w, https:\/\/unifranz.edu.bo\/wp-content\/uploads\/2026\/04\/7-1-16x12.jpg 16w, https:\/\/unifranz.edu.bo\/wp-content\/uploads\/2026\/04\/7-1.jpg 1600w\" sizes=\"auto, (max-width: 1024px) 100vw, 1024px\" \/><figcaption class=\"wp-element-caption\">Informe de Cierre de Gesti\u00f3n 2021-2026 en el Concejo Municipal de Cochabamba. <\/figcaption><\/figure>\n\n\n\n<p>Este enfoque permiti\u00f3 democratizar el acceso al conocimiento, fortalecer el control social y promover una ciudadan\u00eda activa, especialmente en sectores vulnerables.<\/p>\n\n\n\n<p><strong>Cinco ejes para transformar la ciudad<\/strong><\/p>\n\n\n\n<p>El aporte de Unifranz se articula en cinco pilares: ciudadanos conscientes, saludables, creativos, tecnol\u00f3gicos y cultos. Bajo esta visi\u00f3n, la universidad impuls\u00f3 proyectos que abarcan desde el acceso al agua y el cuidado del medio ambiente, hasta la innovaci\u00f3n tecnol\u00f3gica, la cultura y la econom\u00eda naranja.&nbsp;<\/p>\n\n\n\n<p>Tambi\u00e9n se desarrollaron campa\u00f1as de forestaci\u00f3n masiva que buscan devolverle a Cochabamba su identidad de \u00abCiudad Verde\u00bb.<\/p>\n\n\n\n<p>A ello se suman las ferias de empleabilidad, congresos de salud, foros de econom\u00eda creativa y programas de formaci\u00f3n en derechos humanos que reflejan un enfoque integral del desarrollo urbano.<\/p>\n\n\n\n<p>Unifranz y el Concejo avanzaron tambi\u00e9n en ejes de desarrollo como ciudadanos conscientes; salud integral; creatividad e innovaci\u00f3n; tecnolog\u00eda aplicada; as\u00ed como cultura y educaci\u00f3n<\/p>\n\n\n\n<p><strong>Proyectos que dejan huella<\/strong><\/p>\n\n\n\n<p>El impacto se materializa en obras y soluciones concretas. Espacios como los Portales de la Recoleta, el Puente de la Luz o la Cl\u00ednica Odontol\u00f3gica son ejemplos de intervenci\u00f3n directa en la ciudad de parte de la Universidad Franz Tamayo.<\/p>\n\n\n\n<figure class=\"wp-block-image size-large\"><img loading=\"lazy\" decoding=\"async\" width=\"1024\" height=\"776\" src=\"https:\/\/unifranz.edu.bo\/wp-content\/uploads\/2026\/04\/6-1-1024x776.jpg\" alt=\"\" class=\"wp-image-713944\" srcset=\"https:\/\/unifranz.edu.bo\/wp-content\/uploads\/2026\/04\/6-1-1024x776.jpg 1024w, https:\/\/unifranz.edu.bo\/wp-content\/uploads\/2026\/04\/6-1-300x227.jpg 300w, https:\/\/unifranz.edu.bo\/wp-content\/uploads\/2026\/04\/6-1-768x582.jpg 768w, https:\/\/unifranz.edu.bo\/wp-content\/uploads\/2026\/04\/6-1-1536x1164.jpg 1536w, https:\/\/unifranz.edu.bo\/wp-content\/uploads\/2026\/04\/6-1-16x12.jpg 16w, https:\/\/unifranz.edu.bo\/wp-content\/uploads\/2026\/04\/6-1.jpg 1600w\" sizes=\"auto, (max-width: 1024px) 100vw, 1024px\" \/><figcaption class=\"wp-element-caption\">El presidente del Concejo Municipal de Cochabamba, Walter Flores, preside el informe final de gesti\u00f3n. <\/figcaption><\/figure>\n\n\n\n<p>Otro ejemplo es el proyecto Munayki, lanzado en 2023, que es una aplicaci\u00f3n que activa una red de apoyo en tiempo real para v\u00edctimas de violencia dom\u00e9stica: al presionar el \u00abbot\u00f3n de p\u00e1nico\u00bb, env\u00eda la ubicaci\u00f3n exacta a cinco contactos de confianza y a las autoridades.&nbsp;<\/p>\n\n\n\n<p>Otro proyecto es Maypi, que se trata de una aplicaci\u00f3n presentada en 2025: es una plataforma colaborativa que visibiliza casos de personas desaparecidas y proporciona orientaci\u00f3n sobre c\u00f3mo denunciar. Ambas herramientas nacieron en las aulas de Unifranz y fueron entregadas al municipio para brindar seguridad al tejido social de Cochabamba.<\/p>\n\n\n\n<p>La \u00abCatedral de la Innovaci\u00f3n\u00bb, por su parte, simboliza el ecosistema donde nacen estas soluciones, integrando tecnolog\u00eda, creatividad y compromiso social.<\/p>\n\n\n\n<p>A estos aportes se suma la Cl\u00ednica Odontol\u00f3gica Itinerante, que llev\u00f3 atenci\u00f3n dental gratuita \u2014incluyendo pr\u00f3tesis para adultos mayores\u2014 a comunidades alejadas y de dif\u00edcil acceso, en el marco de la campa\u00f1a \u00abSonrisa Segura\u00bb. Y el Punto de Vacunaci\u00f3n Unifranz, que en plena pandemia de COVID-19 convirti\u00f3 el campus en un centro de inmunizaci\u00f3n masiva para la poblaci\u00f3n cochabambina.&nbsp;<\/p>\n\n\n\n<p>Cada uno de estos espacios responde a una comisi\u00f3n diferente del Concejo; juntos, ilustran la profundidad y diversidad del compromiso institucional.<\/p>\n\n\n\n<p><strong>Proyectos emblem\u00e1ticos por comisi\u00f3n<\/strong><\/p>\n\n\n\n<p>En la comisi\u00f3n de Desarrollo Econ\u00f3mico hubo un aporte de Unifranz a trav\u00e9s del Laboratorio de Inteligencia Artificial a la Feria Exposici\u00f3n; se realiz\u00f3 el foro de econom\u00eda creativa, se desarroll\u00f3 la marca de los Portales de la Recoleta y la feria de empleabilidad.<\/p>\n\n\n\n<figure class=\"wp-block-image size-large\"><img loading=\"lazy\" decoding=\"async\" width=\"1024\" height=\"536\" src=\"https:\/\/unifranz.edu.bo\/wp-content\/uploads\/2026\/04\/4-4-1024x536.png\" alt=\"\" class=\"wp-image-713942\" srcset=\"https:\/\/unifranz.edu.bo\/wp-content\/uploads\/2026\/04\/4-4-1024x536.png 1024w, https:\/\/unifranz.edu.bo\/wp-content\/uploads\/2026\/04\/4-4-300x157.png 300w, https:\/\/unifranz.edu.bo\/wp-content\/uploads\/2026\/04\/4-4-768x402.png 768w, https:\/\/unifranz.edu.bo\/wp-content\/uploads\/2026\/04\/4-4-1536x804.png 1536w, https:\/\/unifranz.edu.bo\/wp-content\/uploads\/2026\/04\/4-4-2048x1072.png 2048w, https:\/\/unifranz.edu.bo\/wp-content\/uploads\/2026\/04\/4-4-18x9.png 18w\" sizes=\"auto, (max-width: 1024px) 100vw, 1024px\" \/><figcaption class=\"wp-element-caption\">El Vicerrector de Unifranz, Ing. Rolando Lopez, en el informe final de gesti\u00f3n del Concejo Municipal. <\/figcaption><\/figure>\n\n\n\n<p>En Medio Ambiente, el Concejo destac\u00f3 la campa\u00f1a Ciudades Verdes desarrollada por Unifranz, la organizaci\u00f3n del Foro del Agua y la construcci\u00f3n del parque Celsa Nogales de \u00c1greda.&nbsp;<\/p>\n\n\n\n<p>En Desarrollo Humano, Unifranz aport\u00f3 con el servicio de la Cl\u00ednica Odontol\u00f3gica, con la instalaci\u00f3n de un punto de vacunaci\u00f3n en el campus de la instituci\u00f3n, as\u00ed como en la realizaci\u00f3n del Congreso Internacional de Salud que va por su quinta versi\u00f3n. Tambi\u00e9n la universidad construy\u00f3 el Puente de la Luz.<\/p>\n\n\n\n<p>El trabajo conjunto entre el Concejo y Unifranz fue importante en la Comisi\u00f3n de Mujer y Ni\u00f1ez porque permiti\u00f3 desarrollar la aplicaci\u00f3n Munayki para frenar los hechos de violencia contra la mujer; la aplicaci\u00f3n Maypi para denunciar y empezar la b\u00fasqueda de personas desaparecidas. El compromiso con la equidad fue crucial para llevar adelante el curso L\u00edderes Mujeres Julieta Monta\u00f1o, destinado a dar herramientas para que la poblaci\u00f3n femenina pueda ejercer sus capacidades en condiciones de igualdad.<\/p>\n\n\n\n<p>En la Comisi\u00f3n de Coordinaci\u00f3n Social se desarroll\u00f3 una plataforma llamada Achuray para la donaci\u00f3n de productos no alimenticios.<\/p>\n\n\n\n<p><strong>Un modelo educativo con impacto real<\/strong><\/p>\n\n\n\n<p>Para el vicerrector de Unifranz Cochabamba, Rolando L\u00f3pez, este reconocimiento trasciende lo institucional: \u00abEs un momento hist\u00f3rico, porque reconoce el compromiso con temas como la ni\u00f1ez, la adolescencia, la equidad de g\u00e9nero y el desarrollo econ\u00f3mico y social\u00bb.<\/p>\n\n\n\n<p>Orgulloso por liderar una instituci\u00f3n que lleva la academia a la sociedad y genera impacto, complement\u00f3: \u00abNuestra motivaci\u00f3n es transformar Cochabamba en una ciudad inteligente, saludable, creativa y, sobre todo, culta\u00bb.<\/p>\n\n\n\n<figure class=\"wp-block-image size-large\"><img loading=\"lazy\" decoding=\"async\" width=\"1024\" height=\"776\" src=\"https:\/\/unifranz.edu.bo\/wp-content\/uploads\/2026\/04\/5-1-1024x776.jpg\" alt=\"\" class=\"wp-image-713943\" srcset=\"https:\/\/unifranz.edu.bo\/wp-content\/uploads\/2026\/04\/5-1-1024x776.jpg 1024w, https:\/\/unifranz.edu.bo\/wp-content\/uploads\/2026\/04\/5-1-300x227.jpg 300w, https:\/\/unifranz.edu.bo\/wp-content\/uploads\/2026\/04\/5-1-768x582.jpg 768w, https:\/\/unifranz.edu.bo\/wp-content\/uploads\/2026\/04\/5-1-1536x1164.jpg 1536w, https:\/\/unifranz.edu.bo\/wp-content\/uploads\/2026\/04\/5-1-16x12.jpg 16w, https:\/\/unifranz.edu.bo\/wp-content\/uploads\/2026\/04\/5-1.jpg 1600w\" sizes=\"auto, (max-width: 1024px) 100vw, 1024px\" \/><figcaption class=\"wp-element-caption\">Representantes de instituciones y sectores sociales escuchan el informe final de la gesti\u00f3n 2021-2026 del Concejo Municipal. <\/figcaption><\/figure>\n\n\n\n<p>Unifranz tambi\u00e9n aport\u00f3 en la construcci\u00f3n de espacios f\u00edsicos y simb\u00f3licos que hoy forman parte del paisaje urbano y cultural de Cochabamba. Los Portales de la Recoleta \u2014cuya marca fue dise\u00f1ada y entregada a la Subalcald\u00eda Adela Zamudio\u2014 revitalizaron una zona emblem\u00e1tica de la ciudad. El Puente de la Luz, entregado en el marco del V\u00eda Crucis 2025, se convirti\u00f3 en un s\u00edmbolo de encuentro comunitario y patrimonio religioso. La llamada Catedral de la Innovaci\u00f3n es hoy el espacio f\u00edsico donde la tecnolog\u00eda y la creatividad convergen bajo el sello universitario.<\/p>\n\n\n\n<p><strong>Una universidad que redefine su rol<\/strong><\/p>\n\n\n\n<p>En un contexto latinoamericano donde la brecha entre la academia y el Estado es profunda y costosa para la ciudadan\u00eda, Unifranz Cochabamba ofrece un modelo replicable: el de una universidad que asume la gesti\u00f3n p\u00fablica como campo de acci\u00f3n propio, que mide su impacto en vidas transformadas y que entiende que el conocimiento logra pleno valor cuando sale al encuentro de quienes m\u00e1s lo necesitan.<\/p>\n\n\n\n<p>La distinci\u00f3n del Concejo no es, en definitiva, solo un reconocimiento institucional, sino el respaldo a una forma de entender la universidad como motor de ciudad, integrada al engranaje de las cinco comisiones del Ente Legislativo cochabambino y comprometida con soluciones a problemas estructurales reales. Todo eso proyecta un modelo de futuro donde la academia deja de ser espectadora para convertirse en protagonista del desarrollo.<\/p>","protected":false},"excerpt":{"rendered":"<p>El Concejo Municipal distingui\u00f3 a la Universidad Franz Tamayo (Unifranz) por su aporte sostenido y estrat\u00e9gico en el desarrollo del municipio entre 2021 y 2026. Al terminar la gesti\u00f3n legislativa, el \u00f3rgano deliberante hizo un balance y decidi\u00f3 reconocer a las instituciones que m\u00e1s contribuyeron a hacer que Cochabamba pueda desarrollarse y avanzar en el &hellip; <a href=\"https:\/\/unifranz.edu.bo\/pt\/blog\/el-concejo-municipal-distingue-a-unifranz-por-su-compromiso-con-el-desarrollo-de-cochabamba\/\">Continued<\/a><\/p>","protected":false},"author":54,"featured_media":713938,"comment_status":"open","ping_status":"open","sticky":false,"template":"","format":"standard","meta":{"_acf_changed":false,"footnotes":""},"categories":[60],"tags":[53,1422,1316,12386,1670,242],"class_list":["post-713937","post","type-post","status-publish","format-standard","has-post-thumbnail","hentry","category-blog","tag-educacion","tag-innovacion-en-educacion","tag-liderazgo","tag-orgullo-unifranz","tag-reconocimiento-institucional","tag-unifranz"],"acf":[],"_links":{"self":[{"href":"https:\/\/unifranz.edu.bo\/pt\/wp-json\/wp\/v2\/posts\/713937","targetHints":{"allow":["GET"]}}],"collection":[{"href":"https:\/\/unifranz.edu.bo\/pt\/wp-json\/wp\/v2\/posts"}],"about":[{"href":"https:\/\/unifranz.edu.bo\/pt\/wp-json\/wp\/v2\/types\/post"}],"author":[{"embeddable":true,"href":"https:\/\/unifranz.edu.bo\/pt\/wp-json\/wp\/v2\/users\/54"}],"replies":[{"embeddable":true,"href":"https:\/\/unifranz.edu.bo\/pt\/wp-json\/wp\/v2\/comments?post=713937"}],"version-history":[{"count":1,"href":"https:\/\/unifranz.edu.bo\/pt\/wp-json\/wp\/v2\/posts\/713937\/revisions"}],"predecessor-version":[{"id":713947,"href":"https:\/\/unifranz.edu.bo\/pt\/wp-json\/wp\/v2\/posts\/713937\/revisions\/713947"}],"wp:featuredmedia":[{"embeddable":true,"href":"https:\/\/unifranz.edu.bo\/pt\/wp-json\/wp\/v2\/media\/713938"}],"wp:attachment":[{"href":"https:\/\/unifranz.edu.bo\/pt\/wp-json\/wp\/v2\/media?parent=713937"}],"wp:term":[{"taxonomy":"category","embeddable":true,"href":"https:\/\/unifranz.edu.bo\/pt\/wp-json\/wp\/v2\/categories?post=713937"},{"taxonomy":"post_tag","embeddable":true,"href":"https:\/\/unifranz.edu.bo\/pt\/wp-json\/wp\/v2\/tags?post=713937"}],"curies":[{"name":"wp","href":"https:\/\/api.w.org\/{rel}","templated":true}]}}