{"id":713932,"date":"2026-04-27T19:06:52","date_gmt":"2026-04-27T23:06:52","guid":{"rendered":"https:\/\/unifranz.edu.bo\/?p=713932"},"modified":"2026-04-27T19:07:51","modified_gmt":"2026-04-27T23:07:51","slug":"la-animacion-como-puente-entre-lo-local-y-lo-global","status":"publish","type":"post","link":"https:\/\/unifranz.edu.bo\/pt\/blog\/la-animacion-como-puente-entre-lo-local-y-lo-global\/","title":{"rendered":"La animaci\u00f3n como puente entre lo local y lo global"},"content":{"rendered":"<p>La animaci\u00f3n se ha convertido en uno de los lenguajes m\u00e1s vers\u00e1tiles para narrar historias en un mundo interconectado. Su capacidad para integrar elementos culturales diversos y adaptarlos a c\u00f3digos visuales universales la posiciona como una herramienta clave para que relatos locales alcancen audiencias globales sin perder identidad.<\/p>\n\n\n\n<p>En Am\u00e9rica Latina, esta tendencia cobra cada vez m\u00e1s fuerza a medida que los creadores apuestan por reinterpretar sus propias ra\u00edces a trav\u00e9s de formatos contempor\u00e1neos. La combinaci\u00f3n entre tradici\u00f3n y tecnolog\u00eda permite construir narrativas que dialogan tanto con lo propio como con lo internacional, abriendo nuevas oportunidades dentro de las industrias creativas.<\/p>\n\n\n\n<p>Un ejemplo de este enfoque es el trabajo del estudio peruano de animaci\u00f3n Ninakami, cuyos integrantes Omar Vallejos, Dafne De Vinatea (Per\u00fa) y Sol Ferrari (Uruguay) participan como invitados en el Nexus Creative Week 2026 de la Universidad Franz Tamayo (Unifranz). Desde este espacio, comparten su experiencia en la creaci\u00f3n de contenidos que parten de una identidad regional para proyectarse a mercados globales.<\/p>\n\n\n\n<blockquote class=\"wp-block-quote is-layout-flow wp-block-quote-is-layout-flow\">\n<p>Uno de sus proyectos m\u00e1s representativos es \u201cApukunapa Kutimuynin\u201d (\u201cEl regreso de los Apus\u201d), una historia que sigue a Sisa, una joven que se ve envuelta en un conflicto ancestral tras el retorno de divinidades andinas al mundo moderno. La propuesta combina elementos espirituales y contempor\u00e1neos, apostando por una narrativa profundamente enraizada en la cosmovisi\u00f3n sudamericana. \u201cEl anime es una superficialidad, porque es un lenguaje que ya entendemos\u201d, explica Omar Vallejos, director del proyecto. \u201cAhora, todo el resto es totalmente propio, totalmente andino\u201d.<\/p>\n<\/blockquote>\n\n\n\n<p>En esa misma l\u00ednea, la construcci\u00f3n de personajes juega un rol fundamental. \u201cLos personajes son de ac\u00e1, no son de otro pa\u00eds, la manera de actuar de ellos es local\u201d, se\u00f1ala Sol Ferrari, quien destaca que la autenticidad no solo se refleja en lo visual, sino tambi\u00e9n en las conductas, los acentos y las din\u00e1micas sociales representadas en pantalla.<\/p>\n\n\n\n<figure class=\"wp-block-embed is-type-video is-provider-youtube wp-block-embed-youtube wp-embed-aspect-16-9 wp-has-aspect-ratio\"><div class=\"wp-block-embed__wrapper\">\n<iframe loading=\"lazy\" title=\"Unifranz | La animaci\u00f3n como puente entre lo local y lo global\" width=\"500\" height=\"281\" src=\"https:\/\/www.youtube.com\/embed\/7ZCxB8AeQCc?feature=oembed\" frameborder=\"0\" allow=\"accelerometer; autoplay; clipboard-write; encrypted-media; gyroscope; picture-in-picture; web-share\" referrerpolicy=\"strict-origin-when-cross-origin\" allowfullscreen><\/iframe>\n<\/div><\/figure>\n\n\n\n<blockquote class=\"wp-block-quote is-layout-flow wp-block-quote-is-layout-flow\">\n<p>Este nivel de detalle responde a una investigaci\u00f3n profunda sobre la diversidad regional. \u201cSi un personaje es de Argentina va a hablar como argentino, si es de Bolivia va a hablar como boliviano\u201d, a\u00f1ade Ferrari, subrayando que la riqueza cultural latinoamericana no debe homogenizarse, sino convivir dentro de una misma narrativa.<\/p>\n<\/blockquote>\n\n\n\n<p>Por su parte, Dafne De Vinatea pone el foco en los procesos de producci\u00f3n, muchas veces invisibles para el p\u00fablico. \u201cLa est\u00e9tica es solamente la piel de todo el hueso que est\u00e1 detr\u00e1s\u201d, afirma. En ese sentido, explica que la adopci\u00f3n de metodolog\u00edas japonesas permite optimizar recursos y alcanzar est\u00e1ndares competitivos, incluso con equipos reducidos.<\/p>\n\n\n\n<p>La presencia de Ninakami en el Nexus Creative Week se enmarca en un evento que, desde el 27 de abril, re\u00fane a expertos nacionales e internacionales para fortalecer habilidades en animaci\u00f3n. Durante su primera jornada, ya se desarrollaron charlas y talleres centrados en el aprendizaje pr\u00e1ctico, donde los participantes exploraron desde tendencias globales hasta el uso de software especializado.<\/p>\n\n\n\n<p>El encuentro, organizado por Unifranz, apuesta por el enfoque \u201caprender haciendo\u201d, promoviendo la interacci\u00f3n directa con profesionales de la industria. En este primer d\u00eda, los asistentes tambi\u00e9n participaron en espacios colaborativos y actividades orientadas a la creaci\u00f3n de contenidos, reflejando la creciente demanda de la animaci\u00f3n en sectores como la educaci\u00f3n, la publicidad y el entretenimiento.<\/p>\n\n\n\n<p>Con proyecciones que sit\u00faan a las industrias creativas por encima de los 528.500 millones de d\u00f3lares hacia 2030, la animaci\u00f3n se consolida como una competencia estrat\u00e9gica. Eventos como el Nexus Creative Week no solo impulsan el desarrollo t\u00e9cnico, sino que tambi\u00e9n refuerzan una idea clave: las historias locales, cuando se cuentan con autenticidad, tienen el potencial de trascender cualquier frontera.<\/p>","protected":false},"excerpt":{"rendered":"<p>\u00bfApus en versi\u00f3n anime? Descubre c\u00f3mo el estudio Ninakami fusiona la cosmovisi\u00f3n andina con c\u00f3digos visuales globales en el Nexus Creative Week.<\/p>","protected":false},"author":49,"featured_media":713934,"comment_status":"open","ping_status":"open","sticky":false,"template":"","format":"standard","meta":{"_acf_changed":false,"footnotes":""},"categories":[60],"tags":[2398,11569,12276,6356,12385,1422,62,10938,6474,242],"class_list":["post-713932","post","type-post","status-publish","format-standard","has-post-thumbnail","hentry","category-blog","tag-animacion","tag-calidad-academica-2","tag-calidad-universitaria","tag-diseno-grafico-y-produccion-cross-media","tag-historias-latinoamericanas","tag-innovacion-en-educacion","tag-internacionalizate","tag-nexus-creative-week","tag-storytelling","tag-unifranz"],"acf":[],"_links":{"self":[{"href":"https:\/\/unifranz.edu.bo\/pt\/wp-json\/wp\/v2\/posts\/713932","targetHints":{"allow":["GET"]}}],"collection":[{"href":"https:\/\/unifranz.edu.bo\/pt\/wp-json\/wp\/v2\/posts"}],"about":[{"href":"https:\/\/unifranz.edu.bo\/pt\/wp-json\/wp\/v2\/types\/post"}],"author":[{"embeddable":true,"href":"https:\/\/unifranz.edu.bo\/pt\/wp-json\/wp\/v2\/users\/49"}],"replies":[{"embeddable":true,"href":"https:\/\/unifranz.edu.bo\/pt\/wp-json\/wp\/v2\/comments?post=713932"}],"version-history":[{"count":1,"href":"https:\/\/unifranz.edu.bo\/pt\/wp-json\/wp\/v2\/posts\/713932\/revisions"}],"predecessor-version":[{"id":713935,"href":"https:\/\/unifranz.edu.bo\/pt\/wp-json\/wp\/v2\/posts\/713932\/revisions\/713935"}],"wp:featuredmedia":[{"embeddable":true,"href":"https:\/\/unifranz.edu.bo\/pt\/wp-json\/wp\/v2\/media\/713934"}],"wp:attachment":[{"href":"https:\/\/unifranz.edu.bo\/pt\/wp-json\/wp\/v2\/media?parent=713932"}],"wp:term":[{"taxonomy":"category","embeddable":true,"href":"https:\/\/unifranz.edu.bo\/pt\/wp-json\/wp\/v2\/categories?post=713932"},{"taxonomy":"post_tag","embeddable":true,"href":"https:\/\/unifranz.edu.bo\/pt\/wp-json\/wp\/v2\/tags?post=713932"}],"curies":[{"name":"wp","href":"https:\/\/api.w.org\/{rel}","templated":true}]}}