{"id":713916,"date":"2026-04-26T21:27:24","date_gmt":"2026-04-27T01:27:24","guid":{"rendered":"https:\/\/unifranz.edu.bo\/?p=713916"},"modified":"2026-04-26T21:48:00","modified_gmt":"2026-04-27T01:48:00","slug":"nexus-creative-week-impulsa-la-animacion-con-expertos-y-fortalece-habilidades-profesionales","status":"publish","type":"post","link":"https:\/\/unifranz.edu.bo\/pt\/blog\/nexus-creative-week-impulsa-la-animacion-con-expertos-y-fortalece-habilidades-profesionales\/","title":{"rendered":"Nexus Creative Week impulsa la animaci\u00f3n con expertos y fortalece habilidades profesionales"},"content":{"rendered":"<p>La animaci\u00f3n 2D y 3D se ha consolidado como una de las competencias m\u00e1s demandadas en la econom\u00eda creativa global. Por ese motivo, la Universidad Franz Tamayo (Unifranz) impulsa el Nexus Creative Week, un evento que posiciona a la animaci\u00f3n como eje central para fortalecer habilidades clave en los futuros profesionales.<\/p>\n\n\n\n<blockquote class=\"wp-block-quote is-layout-flow wp-block-quote-is-layout-flow\">\n<p>Iyorbanka Cuiza, directora de la carrera de Dise\u00f1o Gr\u00e1fico y Crossmedia de Unifranz, explica la elecci\u00f3n tem\u00e1tica: \u201cLa animaci\u00f3n fue seleccionada como eje central para este evento porque est\u00e1 marcando tendencia actualmente en el mercado laboral. Actualmente la animaci\u00f3n se utiliza por ejemplo para: cortos animados, para pel\u00edculas. Adem\u00e1s, se est\u00e1 utilizando bastante en la educaci\u00f3n, en la publicidad, en la propaganda tambi\u00e9n se est\u00e1 utilizando la animaci\u00f3n\u201d, explica la acad\u00e9mica.<\/p>\n<\/blockquote>\n\n\n\n<p>El crecimiento de las industrias creativas, que se proyectan a superar los 528.500 millones de d\u00f3lares hacia 2030, ha convertido a la animaci\u00f3n en una herramienta estrat\u00e9gica para la empleabilidad. Su aplicaci\u00f3n es amplia: desde el cine y la publicidad hasta los videojuegos, la educaci\u00f3n y el marketing digital.<\/p>\n\n\n\n<p>Este panorama evidencia que aprender animaci\u00f3n no solo implica desarrollar habilidades t\u00e9cnicas, sino tambi\u00e9n adquirir una herramienta vers\u00e1til que permite comunicar ideas de manera innovadora y efectiva en distintos sectores.<\/p>\n\n\n\n<p><strong>Nexus Creative Week y aprender haciendo<\/strong><\/p>\n\n\n\n<p>El Nexus Creative Week, en su edici\u00f3n 2026 del 27 al 30 de abril en ambientes de la misma casa de estudios en La Paz, se posiciona como un espacio de innovaci\u00f3n donde los estudiantes pueden experimentar el aprendizaje pr\u00e1ctico de la animaci\u00f3n, bajo el enfoque \u201caprender haciendo\u201d. A trav\u00e9s de talleres, retos creativos y contacto con profesionales de la industria, donde los participantes desarrollan competencias reales alineadas con el mercado laboral.<\/p>\n\n\n\n<blockquote class=\"wp-block-quote is-layout-flow wp-block-quote-is-layout-flow\">\n<p>\u201cNosotros queremos que nuestros estudiantes tengan la experiencia de conocer c\u00f3mo trabajan empresas como: Estudio NinaKami, por ejemplo, porque es importante que los estudiantes pueden desarrollar competencias digitales, por un lado, competencias en el \u00e1mbito de la narraci\u00f3n en el \u00e1mbito de los medios audiovisuales\u201d, destaca la acad\u00e9mica.<\/p>\n<\/blockquote>\n\n\n\n<p>Durante esta edici\u00f3n 2026, se desarrollan actividades orientadas al aprendizaje pr\u00e1ctico, el intercambio de experiencias y la exploraci\u00f3n de nuevas tendencias en animaci\u00f3n y contenidos digitales. A trav\u00e9s de charlas, presentaciones y espacios colaborativos, los participantes pueden conocer procesos creativos, estrategias de producci\u00f3n y formas de adaptaci\u00f3n de contenidos a plataformas globales.<\/p>\n\n\n\n<figure class=\"wp-block-embed is-type-video is-provider-youtube wp-block-embed-youtube wp-embed-aspect-16-9 wp-has-aspect-ratio\"><div class=\"wp-block-embed__wrapper\">\n<iframe loading=\"lazy\" title=\"Unifranz | Nexus Creative Week 2026 impulsa animaci\u00f3n profesional\" width=\"500\" height=\"281\" src=\"https:\/\/www.youtube.com\/embed\/UC6CAtoQtY8?feature=oembed\" frameborder=\"0\" allow=\"accelerometer; autoplay; clipboard-write; encrypted-media; gyroscope; picture-in-picture; web-share\" referrerpolicy=\"strict-origin-when-cross-origin\" allowfullscreen><\/iframe>\n<\/div><\/figure>\n\n\n\n<p><\/p>\n\n\n\n<p>Entre los invitados destacan: Omar Vargas, fundador del estudio Ninakami (un estudio de animaci\u00f3n independiente fundado en Per\u00fa que concentra un equipo multicultural desde diferentes partes del mundo), y reconocido por transformar historias locales en estilo anime, junto a Dafne De Vinatea, encargada de la propuesta visual, y Sol Ferrari, enfocada en la difusi\u00f3n digital.&nbsp;<\/p>\n\n\n\n<p>Como invitado nacional sobresale Andy Garnica Iriarte, con m\u00e1s de 15 a\u00f1os de trayectoria en este rubro, adem\u00e1s de obtener premios como el Eduardo Abaroa y la participaci\u00f3n en festivales internacionales como Annecy. Adem\u00e1s, de la participaci\u00f3n de Susana Villegas, reconocida artista del modelado 3D<\/p>\n\n\n\n<p>Esto permite que los estudiantes no solo aprendan teor\u00eda, sino que experimenten del trabajo con herramientas actuales como software de animaci\u00f3n, fortaleciendo su capacidad de creaci\u00f3n de contenido interactivo y narrativas visuales.<\/p>\n\n\n\n<blockquote class=\"wp-block-quote is-layout-flow wp-block-quote-is-layout-flow\">\n<p>\u201cEs importante que ellos desarrollen esas experiencias pr\u00e1cticas y dentro del marco del aprender haciendo que manejamos en Unifranz pues aprendan a desarrollar videos, cortos en base a programas y software que est\u00e1n en tendencia en Latinoam\u00e9rica\u201d, destaca Cuiza.<\/p>\n<\/blockquote>\n\n\n\n<p><strong>Habilidades para un entorno global<\/strong><\/p>\n\n\n\n<p>El aprendizaje de la animaci\u00f3n abre puertas a un mercado global. Hoy, muchos profesionales pueden trabajar de manera remota para empresas internacionales o desarrollar proyectos propios con alcance global gracias a plataformas digitales. Esto convierte a la animaci\u00f3n en una herramienta clave para la internacionalizaci\u00f3n del talento boliviano.<\/p>\n\n\n\n<p>El Nexus Creative Week tambi\u00e9n fomenta el networking con expertos nacionales e internacionales, permitiendo a los estudiantes comprender las din\u00e1micas reales de la industria y construir conexiones profesionales desde etapas tempranas.<\/p>\n\n\n\n<p>Aprender animaci\u00f3n 2D y 3D ya no es una opci\u00f3n limitada al \u00e1mbito art\u00edstico, sino una competencia estrat\u00e9gica para el futuro laboral. A trav\u00e9s de iniciativas como el Nexus Creative Week, Unifranz apuesta por una formaci\u00f3n conectada con la realidad, donde la creatividad, la tecnolog\u00eda y la innovaci\u00f3n se integran para preparar profesionales capaces de destacar en un entorno cada vez m\u00e1s competitivo y globalizado.<\/p>","protected":false},"excerpt":{"rendered":"<p>Animaci\u00f3n, creatividad y tecnolog\u00eda se integran en Nexus Creative Week. El evento fortalece habilidades digitales, fomenta el aprendizaje pr\u00e1ctico y conecta a estudiantes con oportunidades en el mercado global.<\/p>","protected":false},"author":51,"featured_media":713917,"comment_status":"open","ping_status":"open","sticky":false,"template":"","format":"standard","meta":{"_acf_changed":false,"footnotes":""},"categories":[60],"tags":[11653,12382,12381,6172,266,6356,53,386,1422,41,10938,218,242],"class_list":["post-713916","post","type-post","status-publish","format-standard","has-post-thumbnail","hentry","category-blog","tag-11653","tag-animacion-2d","tag-animacion-3d","tag-animacion-digital","tag-bolivia","tag-diseno-grafico-y-produccion-cross-media","tag-educacion","tag-estudiantes","tag-innovacion-en-educacion","tag-la-paz","tag-nexus-creative-week","tag-tecnologia","tag-unifranz"],"acf":[],"_links":{"self":[{"href":"https:\/\/unifranz.edu.bo\/pt\/wp-json\/wp\/v2\/posts\/713916","targetHints":{"allow":["GET"]}}],"collection":[{"href":"https:\/\/unifranz.edu.bo\/pt\/wp-json\/wp\/v2\/posts"}],"about":[{"href":"https:\/\/unifranz.edu.bo\/pt\/wp-json\/wp\/v2\/types\/post"}],"author":[{"embeddable":true,"href":"https:\/\/unifranz.edu.bo\/pt\/wp-json\/wp\/v2\/users\/51"}],"replies":[{"embeddable":true,"href":"https:\/\/unifranz.edu.bo\/pt\/wp-json\/wp\/v2\/comments?post=713916"}],"version-history":[{"count":2,"href":"https:\/\/unifranz.edu.bo\/pt\/wp-json\/wp\/v2\/posts\/713916\/revisions"}],"predecessor-version":[{"id":713920,"href":"https:\/\/unifranz.edu.bo\/pt\/wp-json\/wp\/v2\/posts\/713916\/revisions\/713920"}],"wp:featuredmedia":[{"embeddable":true,"href":"https:\/\/unifranz.edu.bo\/pt\/wp-json\/wp\/v2\/media\/713917"}],"wp:attachment":[{"href":"https:\/\/unifranz.edu.bo\/pt\/wp-json\/wp\/v2\/media?parent=713916"}],"wp:term":[{"taxonomy":"category","embeddable":true,"href":"https:\/\/unifranz.edu.bo\/pt\/wp-json\/wp\/v2\/categories?post=713916"},{"taxonomy":"post_tag","embeddable":true,"href":"https:\/\/unifranz.edu.bo\/pt\/wp-json\/wp\/v2\/tags?post=713916"}],"curies":[{"name":"wp","href":"https:\/\/api.w.org\/{rel}","templated":true}]}}