{"id":712877,"date":"2026-03-14T09:40:56","date_gmt":"2026-03-14T13:40:56","guid":{"rendered":"https:\/\/unifranz.edu.bo\/?p=712877"},"modified":"2026-03-18T09:14:16","modified_gmt":"2026-03-18T13:14:16","slug":"historias-de-esfuerzo-e-innovacion-marcan-la-promocion-de-unifranz-el-alto","status":"publish","type":"post","link":"https:\/\/unifranz.edu.bo\/pt\/blog\/historias-de-esfuerzo-e-innovacion-marcan-la-promocion-de-unifranz-el-alto\/","title":{"rendered":"Historias de esfuerzo, innovaci\u00f3n y oportunidades marcan la graduaci\u00f3n de la XXXV Promoci\u00f3n de Unifranz El Alto"},"content":{"rendered":"<p>La <a href=\"https:\/\/unifranz.edu.bo\/\">Universidad Franz Tamayo<\/a>, <a href=\"https:\/\/ux.unifranz.edu.bo\/tour\/eat\/index.htm\">Unifranz El Alto<\/a>, celebr\u00f3 el acto de colaci\u00f3n de la Trig\u00e9sima Quinta Promoci\u00f3n de profesionales, una generaci\u00f3n marcada por la excelencia acad\u00e9mica, la innovaci\u00f3n y el compromiso con la sociedad. En medio de emociones, abrazos familiares y palabras de gratitud, los nuevos profesionales cerraron una etapa de formaci\u00f3n que no solo estuvo centrada en el aula, sino tambi\u00e9n en la resoluci\u00f3n de problemas reales a trav\u00e9s del modelo educativo de aprender haciendo.<\/p>\n\n\n\n<p>Entre los graduados destacan historias que reflejan c\u00f3mo la educaci\u00f3n, el talento y las oportunidades pueden transformar vidas. Uno de los casos m\u00e1s representativos es el de Ronald Choque, titulado por excelencia de Ingenier\u00eda de Sistemas y merecedor de la distinci\u00f3n <strong>cum laude. <\/strong>Durante su carrera destac\u00f3 por su liderazgo acad\u00e9mico y vocaci\u00f3n por desarrollar soluciones tecnol\u00f3gicas con impacto social.<\/p>\n\n\n\n<p>Entre sus proyectos m\u00e1s relevantes se encuentra el desarrollo de una pr\u00f3tesis de mano de bajo costo controlada mediante inteligencia artificial. Su iniciativa busca ampliar el acceso&nbsp; de las personas con discapacidad a la tecnolog\u00eda.<\/p>\n\n\n\n<p>Asimismo, form\u00f3 parte de un equipo que desarroll\u00f3 un sistema de monitoreo de contaminaci\u00f3n h\u00eddrica, dise\u00f1ado para que comunidades afectadas por el deterioro del agua puedan reportar problemas y solicitar acciones de limpieza y mantenimiento a las autoridades. Este proyecto alcanz\u00f3 notoriedad internacional y fue difundido por diversos medios, entre ellos la Agencia Internacional EFE.<\/p>\n\n\n\n<p>Choque tambi\u00e9n particip\u00f3 en una iniciativa de educaci\u00f3n sobre riesgos s\u00edsmicos, desarrollada junto al <a href=\"https:\/\/www.osc.org.bo\/index.php\/es\/\" target=\"_blank\" rel=\"noopener\">Observatorio San Calixto<\/a>, que se materializ\u00f3 en \u201cEducientistas OSC\u201d, una aplicaci\u00f3n disponible en Play Store para informar a la poblaci\u00f3n sobre prevenci\u00f3n y gesti\u00f3n de riesgos.<\/p>\n\n\n\n<p>\u201cAgradecer a Unifranz por todo lo que nos ha brindado en estos a\u00f1os, por la exigencia para el desarrollo de todos los proyectos que he realizado, porque ya estamos trabajando y ejerciendo la profesi\u00f3n\u201d, manifest\u00f3 el graduado.<\/p>\n\n\n\n<p>Este tipo de experiencias reflejan el impacto del modelo educativo de la universidad, reconocido en el ranking internacional QS Stars -un sistema de evaluaci\u00f3n independiente y riguroso que analiza de manera integral dimensiones clave del funcionamiento universitario-, que otorg\u00f3 a Unifranz una valoraci\u00f3n de cuatro estrellas en impacto social, indicador que destaca la capacidad de la instituci\u00f3n para formar profesionales comprometidos con la transformaci\u00f3n de su entorno.<\/p>\n\n\n\n<h2 class=\"wp-block-heading\"><strong>Una beca que abri\u00f3 oportunidades<\/strong><\/h2>\n\n\n\n<p>Otra de las historias destacadas es la de Olivio Callisaya, titulado por excelencia de la carrera de Dise\u00f1o Gr\u00e1fico y Producci\u00f3n Crossmedia, quien logr\u00f3 culminar su formaci\u00f3n gracias a una beca otorgada por la empresa boliviana <a href=\"https:\/\/salvietti.com.bo\/\" target=\"_blank\" rel=\"noopener\">Salvietti<\/a>, gestionada mediante una alianza institucional con Unifranz.<\/p>\n\n\n\n<p>Desde su tercer semestre, Callisaya recibi\u00f3 el respaldo de la empresa, que financi\u00f3 sus estudios hasta la finalizaci\u00f3n de la carrera. El estudiante mantuvo un alto rendimiento acad\u00e9mico durante todo este tiempo para conservar el beneficio, esfuerzo que finalmente lo llev\u00f3 a obtener la distinci\u00f3n cum laude por su destacado promedio.<\/p>\n\n\n\n<p>\u201cMe encuentro muy feliz de haber culminado mis estudios, agradecido con Unifranz por haberme dado todas las herramientas para poder salir al mundo laboral. Tambi\u00e9n por haberme hecho acreedor de la beca con Salvietti, a trav\u00e9s de su gesti\u00f3n\u201d, expres\u00f3 Callisaya.<\/p>\n\n\n\n<p>Por su parte, Esteban Ivanovic, gerente administrativo de Salvietti, afirm\u00f3 que \u00abapostar por la educaci\u00f3n de j\u00f3venes alte\u00f1os es una forma concreta de contribuir al crecimiento de nuevas generaciones con talento, esfuerzo y vocaci\u00f3n de superaci\u00f3n (&#8230;) como en el caso de Olivio Callisaya, nos llena de orgullo porque demuestra que cuando el sector privado invierte en educaci\u00f3n, se generan oportunidades reales de transformaci\u00f3n personal y social.<\/p>\n\n\n\n<p>Asimismo, destac\u00f3 que encontraron en Unifranz \u00abun aliado comprometido con la formaci\u00f3n de profesionales con visi\u00f3n innovadora y vocaci\u00f3n de liderazgo. Esta alianza nos permite sumar esfuerzos para impulsar oportunidades educativas que beneficien a j\u00f3venes con talento y ganas de construir un mejor futuro para su comunidad\u00bb.&nbsp;<\/p>\n\n\n\n<p>Al margen de su desempe\u00f1o acad\u00e9mico, Olivio particip\u00f3 en proyectos de impacto social. Fue parte del equipo de su carrera que colabor\u00f3 con la ONG <a href=\"https:\/\/www.manqa.org.bo\/\" target=\"_blank\" rel=\"noopener\">Manq\u2019a<\/a> en la creaci\u00f3n de la identidad visual y manuales de marca de 15 emprendimientos de j\u00f3venes alte\u00f1os, contribuyendo a fortalecer la imagen y proyecci\u00f3n de sus negocios.<\/p>\n\n\n\n<h2 class=\"wp-block-heading\"><strong>Formaci\u00f3n que se traduce en oportunidades laborales<\/strong><\/h2>\n\n\n\n<p>La promoci\u00f3n tambi\u00e9n refleja el impacto del modelo educativo de Unifranz en la inserci\u00f3n laboral. El 25% de los nuevos profesionales ya se encuentran trabajando en sus \u00e1reas de especialidad, incluso antes de concluir formalmente sus estudios.<\/p>\n\n\n\n<p>Entre ellos, Wilson Llusco y Rodrigo Huasco, graduados que se desempe\u00f1an profesionalmente en su propia Alma Mater, Unifranz, demuestran que la experiencia pr\u00e1ctica adquirida durante la carrera facilita el acceso a oportunidades laborales reales.<\/p>\n\n\n\n<p>Este resultado refleja un modelo educativo que conecta el aprendizaje con la vida real y el mercado laboral. QS Stars calific\u00f3 a Unifranz con cinco estrellas en empleabilidad, indicador que mide la capacidad de una instituci\u00f3n para preparar graduados que respondan a las necesidades actuales de los empleadores y se inserten con \u00e9xito en el mundo laboral.<\/p>\n\n\n\n<p>\u201cA partir de ahora, llevamos con nosotros no solo un t\u00edtulo profesional, sino tambi\u00e9n la responsabilidad de aportar con nuestro conocimiento, nuestro trabajo y nuestros valores al desarrollo de nuestra sociedad\u201d, dijo el profesional durante su discurso.<\/p>\n\n\n\n<p>Por su parte, la Decana Acad\u00e9mica de Unifranz dijo que \u201cel mundo que hoy los espera necesita profesionales capaces de innovar, de cuestionar lo establecido y de proponer soluciones. Necesita personas con conocimiento, pero tambi\u00e9n con \u00e9tica, con empat\u00eda y con un profundo compromiso con la sociedad\u201d.<\/p>\n\n\n\n<p>Con historias como las relatadas, Unifranz El Alto demuestra que el talento joven, cuando encuentra oportunidades y formaci\u00f3n de calidad, puede convertirse en un motor de innovaci\u00f3n, desarrollo y transformaci\u00f3n para la sociedad.<\/p>\n\n\n\n<figure class=\"wp-block-embed is-type-video is-provider-youtube wp-block-embed-youtube wp-embed-aspect-16-9 wp-has-aspect-ratio\"><div class=\"wp-block-embed__wrapper\">\n<iframe loading=\"lazy\" title=\"Testimonios 35\u00aa Promoci\u00f3n de Profesionales de Unifranz El Alto\" width=\"500\" height=\"281\" src=\"https:\/\/www.youtube.com\/embed\/91UYJpbkTjU?feature=oembed\" frameborder=\"0\" allow=\"accelerometer; autoplay; clipboard-write; encrypted-media; gyroscope; picture-in-picture; web-share\" referrerpolicy=\"strict-origin-when-cross-origin\" allowfullscreen><\/iframe>\n<\/div><\/figure>","protected":false},"excerpt":{"rendered":"<p>Historias de innovaci\u00f3n y esfuerzo marcan la graduaci\u00f3n de la XXXV promoci\u00f3n de Unifranz El Alto y su aporte al desarrollo profesional.<\/p>","protected":false},"author":25,"featured_media":712878,"comment_status":"open","ping_status":"open","sticky":false,"template":"","format":"standard","meta":{"_acf_changed":false,"footnotes":""},"categories":[60,11083,1934,302,2870,1782,10374],"tags":[796,53,47,112,1422,242],"class_list":["post-712877","post","type-post","status-publish","format-standard","has-post-thumbnail","hentry","category-blog","category-unifranzelalto","category-acto-de-colacion","category-el-alto","category-profesionales","category-unifranz","category-unifranz-el-alto","tag-colacion-de-grado","tag-educacion","tag-el-alto","tag-graduacion","tag-innovacion-en-educacion","tag-unifranz"],"acf":[],"_links":{"self":[{"href":"https:\/\/unifranz.edu.bo\/pt\/wp-json\/wp\/v2\/posts\/712877","targetHints":{"allow":["GET"]}}],"collection":[{"href":"https:\/\/unifranz.edu.bo\/pt\/wp-json\/wp\/v2\/posts"}],"about":[{"href":"https:\/\/unifranz.edu.bo\/pt\/wp-json\/wp\/v2\/types\/post"}],"author":[{"embeddable":true,"href":"https:\/\/unifranz.edu.bo\/pt\/wp-json\/wp\/v2\/users\/25"}],"replies":[{"embeddable":true,"href":"https:\/\/unifranz.edu.bo\/pt\/wp-json\/wp\/v2\/comments?post=712877"}],"version-history":[{"count":3,"href":"https:\/\/unifranz.edu.bo\/pt\/wp-json\/wp\/v2\/posts\/712877\/revisions"}],"predecessor-version":[{"id":712968,"href":"https:\/\/unifranz.edu.bo\/pt\/wp-json\/wp\/v2\/posts\/712877\/revisions\/712968"}],"wp:featuredmedia":[{"embeddable":true,"href":"https:\/\/unifranz.edu.bo\/pt\/wp-json\/wp\/v2\/media\/712878"}],"wp:attachment":[{"href":"https:\/\/unifranz.edu.bo\/pt\/wp-json\/wp\/v2\/media?parent=712877"}],"wp:term":[{"taxonomy":"category","embeddable":true,"href":"https:\/\/unifranz.edu.bo\/pt\/wp-json\/wp\/v2\/categories?post=712877"},{"taxonomy":"post_tag","embeddable":true,"href":"https:\/\/unifranz.edu.bo\/pt\/wp-json\/wp\/v2\/tags?post=712877"}],"curies":[{"name":"wp","href":"https:\/\/api.w.org\/{rel}","templated":true}]}}