{"id":712862,"date":"2026-03-13T17:58:30","date_gmt":"2026-03-13T21:58:30","guid":{"rendered":"https:\/\/unifranz.edu.bo\/?p=712862"},"modified":"2026-03-13T17:59:03","modified_gmt":"2026-03-13T21:59:03","slug":"como-se-forman-los-futuros-medicos-ante-la-revolucion-clinica","status":"publish","type":"post","link":"https:\/\/unifranz.edu.bo\/pt\/blog\/como-se-forman-los-futuros-medicos-ante-la-revolucion-clinica\/","title":{"rendered":"C\u00f3mo se forman los futuros m\u00e9dicos ante la revoluci\u00f3n cl\u00ednica"},"content":{"rendered":"<p>La inteligencia artificial dej\u00f3 de ser una promesa futurista para convertirse en un componente estructural de la pr\u00e1ctica m\u00e9dica contempor\u00e1nea. Desde algoritmos que interpretan im\u00e1genes radiol\u00f3gicas en segundos hasta modelos predictivos capaces de anticipar enfermedades antes de que aparezcan los primeros s\u00edntomas, la transformaci\u00f3n tecnol\u00f3gica ya impacta hospitales, consultorios y, de forma decisiva, las aulas universitarias.<\/p>\n\n\n\n<p>La pregunta que emerge es inevitable: \u00bfest\u00e1n los futuros m\u00e9dicos preparados para esta revoluci\u00f3n cl\u00ednica?<\/p>\n\n\n\n<blockquote class=\"wp-block-quote is-layout-flow wp-block-quote-is-layout-flow\">\n<p>Para Miguel \u00c1ngel Silva, director de la carrera de Medicina de la Universidad Franz Tamayo (Unifranz), la integraci\u00f3n de la inteligencia artificial en la formaci\u00f3n m\u00e9dica no es opcional. \u201cLa tecnolog\u00eda, la inteligencia artificial, son herramientas important\u00edsimas hoy en d\u00eda y no podemos obviar porque el mundo est\u00e1 inmerso en esa realidad y la medicina mucho m\u00e1s\u201d, sostiene.<\/p>\n<\/blockquote>\n\n\n\n<p>En la pr\u00e1ctica cl\u00ednica, los sistemas inteligentes ya interpretan im\u00e1genes m\u00e9dicas, analizan grandes vol\u00famenes de datos y predicen riesgos con creciente precisi\u00f3n. Esta capacidad de procesar informaci\u00f3n en fracciones de segundo \u2014desde signos vitales hasta antecedentes cl\u00ednicos\u2014 est\u00e1 redefiniendo el proceso diagn\u00f3stico.<\/p>\n\n\n\n<blockquote class=\"wp-block-quote is-layout-flow wp-block-quote-is-layout-flow\">\n<p>Jimmy Venegas, decano acad\u00e9mico de Unifranz, afirma que las habilidades tradicionales ya no son suficientes. \u201cLa incorporaci\u00f3n de la IA en el diagn\u00f3stico m\u00e9dico ha significado una verdadera transformaci\u00f3n en la pr\u00e1ctica cl\u00ednica\u201d, se\u00f1ala. La rapidez y precisi\u00f3n en la detecci\u00f3n de enfermedades, as\u00ed como el soporte en la toma de decisiones, obligan a replantear el perfil del m\u00e9dico en formaci\u00f3n.<\/p>\n<\/blockquote>\n\n\n\n<p>El cambio implica pasar de un modelo centrado en la memorizaci\u00f3n de contenidos a otro enfocado en el razonamiento cl\u00ednico, la interpretaci\u00f3n cr\u00edtica de datos y la colaboraci\u00f3n humano-m\u00e1quina.<\/p>\n\n\n\n<p>Uno de los avances m\u00e1s disruptivos es el desarrollo de modelos predictivos capaces de anticipar enfermedades como diabetes, c\u00e1ncer o afecciones cardiovasculares a\u00f1os antes de su manifestaci\u00f3n cl\u00ednica.<\/p>\n\n\n\n<p>Carlos M\u00e9ndez, docente de Ingenier\u00eda de Sistemas en Unifranz, explica que estos sistemas identifican patrones invisibles al ojo humano al analizar datos cl\u00ednicos, gen\u00e9ticos y de estilo de vida. Esta l\u00f3gica de predicci\u00f3n temprana abre paso a una medicina preventiva y personalizada.<\/p>\n\n\n\n<p>En paralelo, desarrollos como Delphi-2M ampl\u00edan la mirada hacia la interconexi\u00f3n de enfermedades, permitiendo comprender c\u00f3mo ciertos trastornos pueden incrementar el riesgo de otros en el futuro. Para Marco Gonzalo Gonz\u00e1lez, docente de Medicina en Unifranz, estas tecnolog\u00edas no reemplazar\u00e1n al m\u00e9dico, pero s\u00ed lo ayudar\u00e1n a tomar decisiones m\u00e1s precisas y anticiparse a escenarios complejos.<\/p>\n\n\n\n<p>La consecuencia directa en la formaci\u00f3n universitaria es clara: los estudiantes deben aprender no solo a diagnosticar, sino a interpretar probabilidades, comprender algoritmos y evaluar cr\u00edticamente sus resultados.<\/p>\n\n\n\n<p><strong>Simuladores cl\u00ednicos y pacientes virtuales: la nueva pr\u00e1ctica m\u00e9dica<\/strong><\/p>\n\n\n\n<p>La transformaci\u00f3n no se limita al an\u00e1lisis de datos. Tambi\u00e9n alcanza la ense\u00f1anza pr\u00e1ctica. Las simulaciones cl\u00ednicas con pacientes virtuales, la realidad aumentada para el estudio anat\u00f3mico y los tutores inteligentes que personalizan el aprendizaje ya forman parte del redise\u00f1o curricular en distintas instituciones.<\/p>\n\n\n\n<blockquote class=\"wp-block-quote is-layout-flow wp-block-quote-is-layout-flow\">\n<p>Silva destaca que universidades como Unifranz est\u00e1n revisando sus planes de estudio con una visi\u00f3n innovadora y transformadora. La IA se convierte en una aliada pedag\u00f3gica que permite practicar procedimientos sin riesgo para pacientes reales, evaluar competencias cl\u00ednicas y fortalecer habilidades comunicacionales.<\/p>\n<\/blockquote>\n\n\n\n<p>Este modelo reduce la brecha entre teor\u00eda y pr\u00e1ctica. El estudiante puede enfrentarse a escenarios complejos \u2014emergencias, enfermedades raras o cuadros multisist\u00e9micos\u2014 en entornos controlados que replican condiciones reales. La tecnolog\u00eda, adem\u00e1s, permite monitorear el desempe\u00f1o y ofrecer retroalimentaci\u00f3n personalizada.<\/p>\n\n\n\n<p><strong>\u00c9tica, datos y responsabilidad profesional<\/strong><\/p>\n\n\n\n<p>Sin embargo, la revoluci\u00f3n tecnol\u00f3gica tambi\u00e9n abre interrogantes \u00e9ticos. El uso de grandes vol\u00famenes de datos cl\u00ednicos exige marcos claros de gobernanza, protecci\u00f3n de la privacidad y l\u00edmites en la utilizaci\u00f3n de informaci\u00f3n sensible.<\/p>\n\n\n\n<p>El propio desarrollo de modelos predictivos plantea riesgos de discriminaci\u00f3n si la informaci\u00f3n m\u00e9dica o gen\u00e9tica es utilizada por aseguradoras o entidades financieras sin consentimiento. Por ello, la formaci\u00f3n m\u00e9dica actual incorpora contenidos sobre \u00e9tica digital, alfabetizaci\u00f3n de datos y uso responsable de tecnolog\u00edas.<\/p>\n\n\n\n<p>La premisa es clara: la inteligencia artificial debe apoyar, no sustituir, el criterio m\u00e9dico. El juicio cl\u00ednico, la empat\u00eda y la responsabilidad profesional contin\u00faan siendo insustituibles.<\/p>","protected":false},"excerpt":{"rendered":"<p>La revoluci\u00f3n cl\u00ednica exige m\u00e9dicos capaces de interpretar algoritmos y colaborar con sistemas inteligentes.<\/p>","protected":false},"author":49,"featured_media":712863,"comment_status":"open","ping_status":"open","sticky":false,"template":"","format":"standard","meta":{"_acf_changed":false,"footnotes":""},"categories":[60],"tags":[605,11569,1404,1422,3446,49,12157,124,218,242],"class_list":["post-712862","post","type-post","status-publish","format-standard","has-post-thumbnail","hentry","category-blog","tag-big-data","tag-calidad-academica-2","tag-diagnostico","tag-innovacion-en-educacion","tag-inteligencia-artificial","tag-medicina","tag-prediccion-de-riesgos","tag-salud","tag-tecnologia","tag-unifranz"],"acf":[],"_links":{"self":[{"href":"https:\/\/unifranz.edu.bo\/pt\/wp-json\/wp\/v2\/posts\/712862","targetHints":{"allow":["GET"]}}],"collection":[{"href":"https:\/\/unifranz.edu.bo\/pt\/wp-json\/wp\/v2\/posts"}],"about":[{"href":"https:\/\/unifranz.edu.bo\/pt\/wp-json\/wp\/v2\/types\/post"}],"author":[{"embeddable":true,"href":"https:\/\/unifranz.edu.bo\/pt\/wp-json\/wp\/v2\/users\/49"}],"replies":[{"embeddable":true,"href":"https:\/\/unifranz.edu.bo\/pt\/wp-json\/wp\/v2\/comments?post=712862"}],"version-history":[{"count":1,"href":"https:\/\/unifranz.edu.bo\/pt\/wp-json\/wp\/v2\/posts\/712862\/revisions"}],"predecessor-version":[{"id":712864,"href":"https:\/\/unifranz.edu.bo\/pt\/wp-json\/wp\/v2\/posts\/712862\/revisions\/712864"}],"wp:featuredmedia":[{"embeddable":true,"href":"https:\/\/unifranz.edu.bo\/pt\/wp-json\/wp\/v2\/media\/712863"}],"wp:attachment":[{"href":"https:\/\/unifranz.edu.bo\/pt\/wp-json\/wp\/v2\/media?parent=712862"}],"wp:term":[{"taxonomy":"category","embeddable":true,"href":"https:\/\/unifranz.edu.bo\/pt\/wp-json\/wp\/v2\/categories?post=712862"},{"taxonomy":"post_tag","embeddable":true,"href":"https:\/\/unifranz.edu.bo\/pt\/wp-json\/wp\/v2\/tags?post=712862"}],"curies":[{"name":"wp","href":"https:\/\/api.w.org\/{rel}","templated":true}]}}