{"id":712852,"date":"2026-03-13T17:23:29","date_gmt":"2026-03-13T21:23:29","guid":{"rendered":"https:\/\/unifranz.edu.bo\/?p=712852"},"modified":"2026-03-13T17:24:06","modified_gmt":"2026-03-13T21:24:06","slug":"etica-y-periodismo-en-la-era-digital-clave-para-recuperar-la-credibilidad-frente-a-la-desinformacion","status":"publish","type":"post","link":"https:\/\/unifranz.edu.bo\/pt\/blog\/etica-y-periodismo-en-la-era-digital-clave-para-recuperar-la-credibilidad-frente-a-la-desinformacion\/","title":{"rendered":"\u00c9tica y periodismo en la era digital: clave para recuperar la credibilidad frente a la desinformaci\u00f3n"},"content":{"rendered":"<p>En un ecosistema informativo marcado por la inmediatez, las redes sociales y la circulaci\u00f3n masiva de contenidos, la credibilidad del periodismo enfrenta uno de sus mayores desaf\u00edos. En este contexto, la formaci\u00f3n \u00e9tica de los periodistas se vuelve un elemento fundamental para garantizar informaci\u00f3n veraz, proteger la dignidad de las personas y mantener la confianza del p\u00fablico en los medios de comunicaci\u00f3n.<\/p>\n\n\n\n<blockquote class=\"wp-block-quote is-layout-flow wp-block-quote-is-layout-flow\">\n<p>Para Jannette Jacobs, directora de la carrera de Periodismo de la Universidad Franz Tamayo, el periodismo tiene un rol esencial frente al avance de la desinformaci\u00f3n en entornos digitales. \u201cDe todas las luces que va encendiendo el periodismo en el desarrollo diario de la noticia, el de investigaci\u00f3n es el m\u00e1s potente porque pone al descubierto los intereses que hay detr\u00e1s, desde la fabricaci\u00f3n de una noticia, hasta la desinformaci\u00f3n a trav\u00e9s de las redes sociales\u201d, afirma.<\/p>\n<\/blockquote>\n\n\n\n<p>En la era digital, donde cualquier usuario puede difundir contenidos y opiniones en cuesti\u00f3n de segundos, la formaci\u00f3n \u00e9tica se convierte en una gu\u00eda para distinguir entre informaci\u00f3n responsable y contenidos que buscan manipular o generar impacto sin verificar los hechos. En ese sentido, los especialistas coinciden en que la \u00e9tica funciona como un marco que orienta las decisiones profesionales en situaciones complejas.<\/p>\n\n\n\n<blockquote class=\"wp-block-quote is-layout-flow wp-block-quote-is-layout-flow\">\n<p>Jacobs destaca que el periodismo de investigaci\u00f3n, una de las \u00e1reas m\u00e1s exigentes del oficio, requiere una combinaci\u00f3n de m\u00e9todo, rigor y compromiso \u00e9tico para sostener su credibilidad. \u201cEl periodismo de investigaci\u00f3n, por definici\u00f3n, es riguroso en toda la obtenci\u00f3n y procesamiento de la informaci\u00f3n y toma tiempo\u201d, explica, al subrayar que la verificaci\u00f3n y el an\u00e1lisis profundo son esenciales para evitar errores o manipulaciones.<\/p>\n<\/blockquote>\n\n\n\n<p>Este rigor resulta especialmente importante en un contexto donde la presi\u00f3n por publicar primero puede afectar la calidad del trabajo period\u00edstico. La \u00e9tica, en ese sentido, obliga a priorizar la veracidad sobre la velocidad, incluso cuando las audiencias demandan informaci\u00f3n inmediata.<\/p>\n\n\n\n<p>Para los profesionales del sector, la \u00e9tica tambi\u00e9n implica responsabilidad social. El periodista Marcelo Miralles advierte que el ejercicio del periodismo debe sostenerse sobre principios claros. \u201cUno de los aspectos m\u00e1s importantes dentro del periodismo es mantener la \u00e9tica inc\u00f3lume\u201d, se\u00f1ala, al considerar que este valor es uno de los pilares de la profesi\u00f3n.<\/p>\n\n\n\n<p>La formaci\u00f3n \u00e9tica tambi\u00e9n influye en la forma en que los periodistas abordan temas sensibles o el tratamiento de las personas involucradas en una noticia. Mostrar im\u00e1genes de v\u00edctimas, exponer la intimidad de las personas o difundir contenidos sin contexto puede generar da\u00f1o social y debilitar la confianza en los medios.<\/p>\n\n\n\n<blockquote class=\"wp-block-quote is-layout-flow wp-block-quote-is-layout-flow\">\n<p>En esa l\u00ednea, el periodista y presentador John Arandia enfatiza que el trabajo informativo debe basarse en valores que prioricen el respeto. \u201cLos principios y valores que te han ense\u00f1ado en casa, como el respeto hacia los dem\u00e1s, son fundamentales\u201d, se\u00f1ala. A su juicio, una pregunta clave para el ejercicio del periodismo es reflexionar sobre el impacto de la informaci\u00f3n en la vida de las personas y en la sociedad.<\/p>\n<\/blockquote>\n\n\n\n<p>La \u00e9tica period\u00edstica no solo se relaciona con normas profesionales, sino tambi\u00e9n con la formaci\u00f3n personal del periodista. El investigador Luis Ramiro Beltr\u00e1n defin\u00eda la \u00e9tica period\u00edstica como la conducta profesional basada en la adhesi\u00f3n a la verdad, la equidad y el respeto por la dignidad humana.<\/p>\n\n\n\n<p>En el entorno digital actual, donde proliferan las noticias falsas, el sensacionalismo y la presi\u00f3n por el rating o los clics, estos principios adquieren mayor relevancia. La credibilidad del periodismo depende cada vez m\u00e1s de la capacidad de los profesionales para verificar informaci\u00f3n, contextualizar los hechos y actuar con responsabilidad frente a sus audiencias.<\/p>\n\n\n\n<p>Por ello, la formaci\u00f3n \u00e9tica \u2014tanto en las universidades como en el ejercicio profesional\u2014 se convierte en una herramienta clave para fortalecer el periodismo. M\u00e1s all\u00e1 de la tecnolog\u00eda o las plataformas, el futuro de la profesi\u00f3n seguir\u00e1 dependiendo de un principio fundamental: el compromiso con la verdad y el inter\u00e9s p\u00fablico.<\/p>","protected":false},"excerpt":{"rendered":"<p>El periodismo necesita \u00e9tica y rigor para combatir la desinformaci\u00f3n y mantener la confianza del p\u00fablico.<\/p>","protected":false},"author":49,"featured_media":712853,"comment_status":"open","ping_status":"open","sticky":false,"template":"","format":"standard","meta":{"_acf_changed":false,"footnotes":""},"categories":[60],"tags":[11569,3550,3266,10882,679,1422,278,11040,2070,242],"class_list":["post-712852","post","type-post","status-publish","format-standard","has-post-thumbnail","hentry","category-blog","tag-calidad-academica-2","tag-credibilidad","tag-desinformacion","tag-etica-2","tag-fake-news","tag-innovacion-en-educacion","tag-periodismo","tag-periodismo-de-investigacion-2","tag-periodismo-digital","tag-unifranz"],"acf":[],"_links":{"self":[{"href":"https:\/\/unifranz.edu.bo\/pt\/wp-json\/wp\/v2\/posts\/712852","targetHints":{"allow":["GET"]}}],"collection":[{"href":"https:\/\/unifranz.edu.bo\/pt\/wp-json\/wp\/v2\/posts"}],"about":[{"href":"https:\/\/unifranz.edu.bo\/pt\/wp-json\/wp\/v2\/types\/post"}],"author":[{"embeddable":true,"href":"https:\/\/unifranz.edu.bo\/pt\/wp-json\/wp\/v2\/users\/49"}],"replies":[{"embeddable":true,"href":"https:\/\/unifranz.edu.bo\/pt\/wp-json\/wp\/v2\/comments?post=712852"}],"version-history":[{"count":1,"href":"https:\/\/unifranz.edu.bo\/pt\/wp-json\/wp\/v2\/posts\/712852\/revisions"}],"predecessor-version":[{"id":712854,"href":"https:\/\/unifranz.edu.bo\/pt\/wp-json\/wp\/v2\/posts\/712852\/revisions\/712854"}],"wp:featuredmedia":[{"embeddable":true,"href":"https:\/\/unifranz.edu.bo\/pt\/wp-json\/wp\/v2\/media\/712853"}],"wp:attachment":[{"href":"https:\/\/unifranz.edu.bo\/pt\/wp-json\/wp\/v2\/media?parent=712852"}],"wp:term":[{"taxonomy":"category","embeddable":true,"href":"https:\/\/unifranz.edu.bo\/pt\/wp-json\/wp\/v2\/categories?post=712852"},{"taxonomy":"post_tag","embeddable":true,"href":"https:\/\/unifranz.edu.bo\/pt\/wp-json\/wp\/v2\/tags?post=712852"}],"curies":[{"name":"wp","href":"https:\/\/api.w.org\/{rel}","templated":true}]}}