{"id":712849,"date":"2026-03-13T17:39:12","date_gmt":"2026-03-13T21:39:12","guid":{"rendered":"https:\/\/unifranz.edu.bo\/?p=712849"},"modified":"2026-03-13T17:39:31","modified_gmt":"2026-03-13T21:39:31","slug":"derecho-digital-e-inteligencia-artificial-quien-es-dueno-de-lo-que-creas","status":"publish","type":"post","link":"https:\/\/unifranz.edu.bo\/pt\/blog\/derecho-digital-e-inteligencia-artificial-quien-es-dueno-de-lo-que-creas\/","title":{"rendered":"Derecho digital e inteligencia artificial: \u00bfqui\u00e9n es due\u00f1o de lo que creas?"},"content":{"rendered":"<p>El avance de la inteligencia artificial est\u00e1 transformando la manera en que se produce contenido en casi todos los \u00e1mbitos: desde el arte y la m\u00fasica hasta el periodismo y la programaci\u00f3n. Sin embargo, junto con estas innovaciones surge una pregunta clave para el derecho digital y la propiedad intelectual: \u00bfqui\u00e9n es el verdadero due\u00f1o de una obra creada con inteligencia artificial?<\/p>\n\n\n\n<p>El debate a\u00fan no tiene una respuesta definitiva, especialmente porque la legislaci\u00f3n actual fue dise\u00f1ada en un contexto tecnol\u00f3gico muy diferente al actual. En Bolivia, por ejemplo, la normativa sobre derechos de autor se basa en la idea tradicional de que toda obra protegida es resultado de la creatividad humana.<\/p>\n\n\n\n<p>En ese contexto, el abogado y docente universitario Marco Antonio Nogales, experto en derecho inform\u00e1tico, se\u00f1ala que el sistema jur\u00eddico todav\u00eda se apoya en una concepci\u00f3n cl\u00e1sica de autor\u00eda.<\/p>\n\n\n\n<blockquote class=\"wp-block-quote is-layout-flow wp-block-quote-is-layout-flow\">\n<p>\u201cEl debate sobre la titularidad de las obras generadas por inteligencia artificial todav\u00eda no tiene una respuesta definitiva en el derecho, sin embargo, tanto en el derecho comparado como en la doctrina jur\u00eddica latinoamericana existe un consenso inicial: la inteligencia artificial no puede ser considerada autora de una obra, porque el sistema jur\u00eddico de propiedad intelectual se construye sobre la idea de creaci\u00f3n humana.\u201d<\/p>\n<\/blockquote>\n\n\n\n<p>Bajo esta l\u00f3gica, la inteligencia artificial es entendida principalmente como una herramienta tecnol\u00f3gica, comparable a otros programas utilizados para producir contenidos creativos. En ese sentido, la autor\u00eda seguir\u00eda perteneciendo a una persona, no a la m\u00e1quina.<\/p>\n\n\n\n<p>No obstante, el panorama se vuelve m\u00e1s complejo cuando la intervenci\u00f3n humana es m\u00ednima o pr\u00e1cticamente inexistente. En esos casos aparecen distintas interpretaciones jur\u00eddicas sobre qui\u00e9n deber\u00eda ser considerado el autor de la obra.<\/p>\n\n\n\n<blockquote class=\"wp-block-quote is-layout-flow wp-block-quote-is-layout-flow\">\n<p>\u201cAlgunos consideran que el autor debe ser el creador del algoritmo, por haber desarrollado la herramienta que permite la creaci\u00f3n; otros argumentan que el autor es el usuario de la IA, ya que define el prop\u00f3sito, controla el proceso creativo y proporciona los lineamientos a trav\u00e9s de los \u2018prompts\u2019.\u201d<\/p>\n<\/blockquote>\n\n\n\n<figure class=\"wp-block-embed is-type-video is-provider-youtube wp-block-embed-youtube wp-embed-aspect-16-9 wp-has-aspect-ratio\"><div class=\"wp-block-embed__wrapper\">\n<iframe loading=\"lazy\" title=\"Derecho digital e inteligencia artificial: \u00bfqui\u00e9n es due\u00f1o de lo que creas?\" width=\"500\" height=\"281\" src=\"https:\/\/www.youtube.com\/embed\/qFokK4h_14I?feature=oembed\" frameborder=\"0\" allow=\"accelerometer; autoplay; clipboard-write; encrypted-media; gyroscope; picture-in-picture; web-share\" referrerpolicy=\"strict-origin-when-cross-origin\" allowfullscreen><\/iframe>\n<\/div><\/figure>\n\n\n\n<p>Incluso existe una postura m\u00e1s radical que plantea la posibilidad de reconocer alg\u00fan tipo de autor\u00eda a la propia inteligencia artificial. Sin embargo, esta idea enfrenta fuertes obst\u00e1culos jur\u00eddicos, ya que los sistemas automatizados no poseen personalidad jur\u00eddica ni pueden asumir derechos u obligaciones dentro del marco legal vigente.<\/p>\n\n\n\n<p>A este escenario se suma otro problema: el vac\u00edo normativo. En Bolivia, la Ley de Derechos de Autor fue aprobada en 1992 y su reglamento data de 1994, mucho antes del desarrollo de tecnolog\u00edas de inteligencia artificial generativa. Esto significa que la legislaci\u00f3n actual no regula de manera espec\u00edfica las obras producidas con estas herramientas.<\/p>\n\n\n\n<p>El debate tambi\u00e9n se extiende al uso de grandes bases de datos para entrenar modelos de IA, ya que estos sistemas utilizan enormes cantidades de textos, im\u00e1genes y otros contenidos para aprender a generar resultados nuevos. Esto ha generado preocupaciones entre autores y creadores que temen que sus obras sean utilizadas sin reconocimiento o compensaci\u00f3n.<\/p>\n\n\n\n<blockquote class=\"wp-block-quote is-layout-flow wp-block-quote-is-layout-flow\">\n<p>\u201cEl desaf\u00edo del derecho no consiste \u00fanicamente en regular la tecnolog\u00eda, sino en encontrar un equilibrio entre fomentar la innovaci\u00f3n tecnol\u00f3gica y garantizar la protecci\u00f3n efectiva del trabajo intelectual humano.\u201d<\/p>\n<\/blockquote>\n\n\n\n<p>En el \u00e1mbito internacional, instituciones como la Organizaci\u00f3n Mundial de la Propiedad Intelectual (OMPI) ya est\u00e1n promoviendo lineamientos para que los pa\u00edses adapten sus marcos normativos a la nueva realidad tecnol\u00f3gica. Entre las recomendaciones destacan mantener la centralidad de la creatividad humana, definir criterios claros de autor\u00eda y regular el uso de obras protegidas en el entrenamiento de sistemas de inteligencia artificial.<\/p>\n\n\n\n<p>Mientras tanto, el debate contin\u00faa abierto. Para juristas, legisladores y creadores, el desaf\u00edo ser\u00e1 construir un marco legal que permita aprovechar el potencial de la inteligencia artificial sin debilitar los derechos de quienes generan conocimiento, arte y cultura.<\/p>\n\n\n\n<p>En un mundo donde las m\u00e1quinas ya participan activamente en los procesos creativos, la pregunta sobre qui\u00e9n es due\u00f1o de lo que produce la inteligencia artificial se perfila como uno de los grandes dilemas jur\u00eddicos de la era digital.<\/p>","protected":false},"excerpt":{"rendered":"<p>El avance de la IA plantea dudas sobre la autor\u00eda y propiedad intelectual de obras creadas con herramientas automatizadas.<\/p>","protected":false},"author":49,"featured_media":712857,"comment_status":"open","ping_status":"open","sticky":false,"template":"","format":"standard","meta":{"_acf_changed":false,"footnotes":""},"categories":[60],"tags":[9432,11569,39,4958,1422,3446,12154,8038,218,242],"class_list":["post-712849","post","type-post","status-publish","format-standard","has-post-thumbnail","hentry","category-blog","tag-algoritmos","tag-calidad-academica-2","tag-derecho","tag-derechos-de-autor","tag-innovacion-en-educacion","tag-inteligencia-artificial","tag-leyes-digitales","tag-propiedad-intelectual","tag-tecnologia","tag-unifranz"],"acf":[],"_links":{"self":[{"href":"https:\/\/unifranz.edu.bo\/pt\/wp-json\/wp\/v2\/posts\/712849","targetHints":{"allow":["GET"]}}],"collection":[{"href":"https:\/\/unifranz.edu.bo\/pt\/wp-json\/wp\/v2\/posts"}],"about":[{"href":"https:\/\/unifranz.edu.bo\/pt\/wp-json\/wp\/v2\/types\/post"}],"author":[{"embeddable":true,"href":"https:\/\/unifranz.edu.bo\/pt\/wp-json\/wp\/v2\/users\/49"}],"replies":[{"embeddable":true,"href":"https:\/\/unifranz.edu.bo\/pt\/wp-json\/wp\/v2\/comments?post=712849"}],"version-history":[{"count":1,"href":"https:\/\/unifranz.edu.bo\/pt\/wp-json\/wp\/v2\/posts\/712849\/revisions"}],"predecessor-version":[{"id":712851,"href":"https:\/\/unifranz.edu.bo\/pt\/wp-json\/wp\/v2\/posts\/712849\/revisions\/712851"}],"wp:featuredmedia":[{"embeddable":true,"href":"https:\/\/unifranz.edu.bo\/pt\/wp-json\/wp\/v2\/media\/712857"}],"wp:attachment":[{"href":"https:\/\/unifranz.edu.bo\/pt\/wp-json\/wp\/v2\/media?parent=712849"}],"wp:term":[{"taxonomy":"category","embeddable":true,"href":"https:\/\/unifranz.edu.bo\/pt\/wp-json\/wp\/v2\/categories?post=712849"},{"taxonomy":"post_tag","embeddable":true,"href":"https:\/\/unifranz.edu.bo\/pt\/wp-json\/wp\/v2\/tags?post=712849"}],"curies":[{"name":"wp","href":"https:\/\/api.w.org\/{rel}","templated":true}]}}