{"id":712846,"date":"2026-03-13T13:22:07","date_gmt":"2026-03-13T17:22:07","guid":{"rendered":"https:\/\/unifranz.edu.bo\/?p=712846"},"modified":"2026-03-13T13:22:42","modified_gmt":"2026-03-13T17:22:42","slug":"estrategias-educativas-transforman-los-celulares-en-herramientas-de-aprendizaje","status":"publish","type":"post","link":"https:\/\/unifranz.edu.bo\/pt\/blog\/estrategias-educativas-transforman-los-celulares-en-herramientas-de-aprendizaje\/","title":{"rendered":"Estrategias educativas transforman los celulares en herramientas de aprendizaje\u00a0"},"content":{"rendered":"<p>Este 2026, el debate educativo ya no gira \u00fanicamente en torno a prohibir o permitir los celulares en el aula, sino en c\u00f3mo convertirlos en herramientas pedag\u00f3gicas efectivas sin caer en la distracci\u00f3n permanente. En Bolivia, la discusi\u00f3n se intensific\u00f3 tras la Resoluci\u00f3n Ministerial 01\/2026, que restringe su uso en clases; sin embargo, especialistas advierten que el desaf\u00edo no es excluir la tecnolog\u00eda, sino gestionarla con criterio educativo.<\/p>\n\n\n\n<blockquote class=\"wp-block-quote is-layout-flow wp-block-quote-is-layout-flow\">\n<p>Ariel Villarroel, responsable de la Jefatura de Ense\u00f1anza y Aprendizaje (JEA) de la Universidad Franz Tamayo (Unifranz), sostiene que los dispositivos m\u00f3viles pueden ser aliados estrat\u00e9gicos. Muchas veces considerados distractores, los celulares pueden, en contrapartida, \u201cconstituirse en herramientas de apoyo valiosas para los docentes, siempre y cuando se utilicen de manera apropiada y se establezcan reglas claras para su uso\u201d, sostiene el acad\u00e9mico.<\/p>\n<\/blockquote>\n\n\n\n<p><strong>Del distractor al recurso did\u00e1ctico<\/strong><\/p>\n\n\n\n<p>El potencial pedag\u00f3gico del celular es amplio. Villarroel identifica m\u00faltiples aplicaciones concretas en el aula. Por ejemplo, el acceso a informaci\u00f3n acad\u00e9mica confiable. \u201cLos estudiantes pueden acceder a aplicaciones educativas, dise\u00f1adas para ayudar a mejorar sus habilidades en diversas \u00e1reas, como matem\u00e1ticas, idiomas, ciencias y m\u00e1s\u201d, explica.<\/p>\n\n\n\n<p>Tambi\u00e9n destaca su valor para la investigaci\u00f3n: \u201clos tel\u00e9fonos celulares pueden utilizarse para buscar informaci\u00f3n en l\u00ednea, verificar hechos y acceder a enciclopedias digitales y bases de datos acad\u00e9micas\u201d, explica el acad\u00e9mico. Esto resulta clave en un contexto donde la alfabetizaci\u00f3n digital y la verificaci\u00f3n de datos son competencias esenciales.<\/p>\n\n\n\n<blockquote class=\"wp-block-quote is-layout-flow wp-block-quote-is-layout-flow\">\n<p>Sin embargo, Villarroel advierte que la tecnolog\u00eda requiere planificaci\u00f3n. \u201cEs importante que los docentes establezcan reglas claras sobre el uso de los tel\u00e9fonos celulares en el aula y fomenten el uso responsable. Tambi\u00e9n es fundamental considerar la brecha digital y garantizar que todos los estudiantes tengan acceso a un dispositivo, ya que no todos pueden contar con un tel\u00e9fono m\u00f3vil\u201d, puntualiza.<\/p>\n<\/blockquote>\n\n\n\n<p><strong>Estrategias concretas de integraci\u00f3n<\/strong><\/p>\n\n\n\n<p>Entre las estrategias m\u00e1s efectivas se encuentra el modelo de aula invertida (flipped classroom), donde el estudiante revisa contenidos breves en casa y en clase se dedica al an\u00e1lisis y resoluci\u00f3n de problemas. Otra pr\u00e1ctica es la \u201cb\u00fasqueda del tesoro\u201d con c\u00f3digos QR, que activa el movimiento f\u00edsico y el trabajo en equipo.<\/p>\n\n\n\n<p>La gamificaci\u00f3n tambi\u00e9n muestra resultados positivos, donde grupos que crean tutoriales, cuentos en realidad aumentada o micro-podcasts desarrollan habilidades de s\u00edntesis, creatividad y comunicaci\u00f3n. En todos los casos, el tiempo debe ser regulado \u2014por ejemplo, 15 minutos por sesi\u00f3n\u2014 y con roles rotativos (creador, editor, evaluador) para fortalecer la autorregulaci\u00f3n. Villarroel subraya que no se trata de usar tecnolog\u00eda por moda, sino con intenci\u00f3n pedag\u00f3gica.&nbsp;<\/p>\n\n\n\n<blockquote class=\"wp-block-quote is-layout-flow wp-block-quote-is-layout-flow\">\n<p>\u201cExisten muchas herramientas tecnol\u00f3gicas educativas disponibles para docentes y estudiantes, y su elecci\u00f3n depende de diversos factores, como el nivel educativo, los objetivos de aprendizaje y las preferencias individuales\u201d, manifiesta el especialista.&nbsp;<\/p>\n<\/blockquote>\n\n\n\n<p>Adem\u00e1s agrega que es importante la elecci\u00f3n de las herramientas tecnol\u00f3gicas, porque deben alinearse con los objetivos de aprendizaje de la instituci\u00f3n y las necesidades espec\u00edficas de los docentes y de los estudiantes. Adem\u00e1s, lo importante de brindar capacitaci\u00f3n constante y apoyo adecuado para garantizar un uso efectivo de estas herramientas en el entorno educativo.<\/p>\n\n\n\n<p><strong>Riesgos y salud mental<\/strong><\/p>\n\n\n\n<blockquote class=\"wp-block-quote is-layout-flow wp-block-quote-is-layout-flow\">\n<p>Desde la psicolog\u00eda, el enfoque complementa la mirada pedag\u00f3gica. Liudmila Loayza, directora de la carrera de Psicolog\u00eda de Unifranz, advierte que \u201cEl uso incontrolado del Internet y tel\u00e9fono celular podr\u00eda ser un aspecto negativo en el desarrollo del ni\u00f1o\u201d. La exposici\u00f3n sin supervisi\u00f3n puede derivar en adicci\u00f3n digital, ciberacoso o problemas de autoestima.<\/p>\n<\/blockquote>\n\n\n\n<p>Por ello, la especialista reflexiona que \u201cla tecnolog\u00eda tiene que ser una aliada para nuestras vidas y no un perjuicio ni una incomodidad en la vida de nuestros hijos\u201d. El equilibrio entre regulaci\u00f3n y aprovechamiento educativo es la clave.<\/p>\n\n\n\n<p><strong>Hacia un contrato digital de aula<\/strong><\/p>\n\n\n\n<p>La evidencia internacional muestra que la distracci\u00f3n puede reducir la atenci\u00f3n hasta en un 20% cuando no hay reglas claras. Frente a ello, surge el concepto de \u201ccontrato digital de aula\u201d: acuerdos expl\u00edcitos sobre cu\u00e1ndo se usa el dispositivo, para qu\u00e9 finalidad y bajo qu\u00e9 criterios de respeto y seguridad.<\/p>\n\n\n\n<p>En s\u00edntesis, los celulares no son, por s\u00ed mismos, enemigos del aprendizaje. Bien gestionados, se convierten en micro-laboratorios port\u00e1tiles capaces de potenciar la investigaci\u00f3n, la creatividad y el pensamiento cr\u00edtico. El reto para las instituciones educativas bolivianas no es elegir entre prohibir o permitir, sino dise\u00f1ar estrategias pedag\u00f3gicas que transformen la tecnolog\u00eda en una aliada consciente del proceso formativo.<\/p>","protected":false},"excerpt":{"rendered":"<p>Este 2026, el debate educativo ya no gira \u00fanicamente en torno a prohibir o permitir los celulares en el aula, sino en c\u00f3mo convertirlos en herramientas pedag\u00f3gicas efectivas sin caer en la distracci\u00f3n permanente. En Bolivia, la discusi\u00f3n se intensific\u00f3 tras la Resoluci\u00f3n Ministerial 01\/2026, que restringe su uso en clases; sin embargo, especialistas advierten &hellip; <a href=\"https:\/\/unifranz.edu.bo\/pt\/blog\/estrategias-educativas-transforman-los-celulares-en-herramientas-de-aprendizaje\/\">Continued<\/a><\/p>","protected":false},"author":51,"featured_media":712847,"comment_status":"open","ping_status":"open","sticky":false,"template":"","format":"standard","meta":{"_acf_changed":false,"footnotes":""},"categories":[60],"tags":[10246,53,12153,386,1722,1422,3816,240,218,6008,242],"class_list":["post-712846","post","type-post","status-publish","format-standard","has-post-thumbnail","hentry","category-blog","tag-celulares","tag-educacion","tag-estrategias-educativas","tag-estudiantes","tag-herramientas-de-aprendizaje","tag-innovacion-en-educacion","tag-jea","tag-psicologia","tag-tecnologia","tag-telefonos-celulares","tag-unifranz"],"acf":[],"_links":{"self":[{"href":"https:\/\/unifranz.edu.bo\/pt\/wp-json\/wp\/v2\/posts\/712846","targetHints":{"allow":["GET"]}}],"collection":[{"href":"https:\/\/unifranz.edu.bo\/pt\/wp-json\/wp\/v2\/posts"}],"about":[{"href":"https:\/\/unifranz.edu.bo\/pt\/wp-json\/wp\/v2\/types\/post"}],"author":[{"embeddable":true,"href":"https:\/\/unifranz.edu.bo\/pt\/wp-json\/wp\/v2\/users\/51"}],"replies":[{"embeddable":true,"href":"https:\/\/unifranz.edu.bo\/pt\/wp-json\/wp\/v2\/comments?post=712846"}],"version-history":[{"count":1,"href":"https:\/\/unifranz.edu.bo\/pt\/wp-json\/wp\/v2\/posts\/712846\/revisions"}],"predecessor-version":[{"id":712848,"href":"https:\/\/unifranz.edu.bo\/pt\/wp-json\/wp\/v2\/posts\/712846\/revisions\/712848"}],"wp:featuredmedia":[{"embeddable":true,"href":"https:\/\/unifranz.edu.bo\/pt\/wp-json\/wp\/v2\/media\/712847"}],"wp:attachment":[{"href":"https:\/\/unifranz.edu.bo\/pt\/wp-json\/wp\/v2\/media?parent=712846"}],"wp:term":[{"taxonomy":"category","embeddable":true,"href":"https:\/\/unifranz.edu.bo\/pt\/wp-json\/wp\/v2\/categories?post=712846"},{"taxonomy":"post_tag","embeddable":true,"href":"https:\/\/unifranz.edu.bo\/pt\/wp-json\/wp\/v2\/tags?post=712846"}],"curies":[{"name":"wp","href":"https:\/\/api.w.org\/{rel}","templated":true}]}}