{"id":712834,"date":"2026-03-13T10:54:30","date_gmt":"2026-03-13T14:54:30","guid":{"rendered":"https:\/\/unifranz.edu.bo\/?p=712834"},"modified":"2026-03-13T10:55:03","modified_gmt":"2026-03-13T14:55:03","slug":"debate-en-unifranz-candidatos-a-la-alcaldia-de-santa-cruz-de-la-sierra-expondran-sus-planes-sobre-el-futuro-sostenible-de-la-ciudad","status":"publish","type":"post","link":"https:\/\/unifranz.edu.bo\/pt\/blog\/debate-en-unifranz-candidatos-a-la-alcaldia-de-santa-cruz-de-la-sierra-expondran-sus-planes-sobre-el-futuro-sostenible-de-la-ciudad\/","title":{"rendered":"Debate en Unifranz: candidatos a la Alcald\u00eda de Santa Cruz de la Sierra expondr\u00e1n sus planes sobre el futuro sostenible de la ciudad"},"content":{"rendered":"<p>La comunidad estudiantil tendr\u00e1 la oportunidad de escuchar, cuestionar y analizar de primera mano las propuestas de quienes buscan liderar la ciudad en los pr\u00f3ximos a\u00f1os. La Universidad Franz Tamayo, Unifranz, ser\u00e1 sede del Foro Debate Municipal <em>Ciudades y Comunidades Sostenibles 2026\u20132031<\/em>, un espacio pensado para reflexionar sobre el futuro urbano, ambiental y social de la ciudad.<\/p>\n\n\n\n<p>El evento reunir\u00e1 a candidatos a la alcald\u00eda que presentar\u00e1n sus propuestas y debatir\u00e1n sobre uno de los temas m\u00e1s urgentes para las ciudades actuales: c\u00f3mo construir comunidades m\u00e1s sostenibles, inclusivas y resilientes.<\/p>\n\n\n\n<p>Entre los invitados confirmados se encuentran Mamen Saavedra (VOS), Gary A\u00f1ez (Primero Santa Cruz), Ang\u00e9lica Sosa (Santa Cruz para Todos), Fede Mor\u00f3n (Unidad), Rosario Schamissedine (Unidos) y Soo Hyun Chung (Fuerza y Esperanza).<\/p>\n\n\n\n<p>El foro busca generar un espacio de di\u00e1logo abierto entre autoridades, especialistas y estudiantes, para analizar temas clave como planificaci\u00f3n urbana, desarrollo sostenible, empleo, innovaci\u00f3n y calidad de vida en la ciudad.<\/p>\n\n\n\n<p>Santa Cruz de la Sierra es la ciudad m\u00e1s poblada del pa\u00eds, que tiene una tasa de crecimiento del 4,99 %, de acuerdo con el Censo de Poblaci\u00f3n y Vivienda. Es parte de la regi\u00f3n metropolitana con otros cinco municipios. Se plantea que los candidatos puedan hablar de planificaci\u00f3n urbana, preservaci\u00f3n de ecosistemas como el Cord\u00f3n Ecol\u00f3gico y que planteen temas cruciales sobre aseo urbano y contaminaci\u00f3n.<\/p>\n\n\n\n<p>Los candidatos a la alcald\u00eda tendr\u00e1n la oportunidad de explicar sus planes de gobierno en materia ambiental y desarrollo sostenible, a fin de que la comunidad de estudiantes y de docentes defina el voto individual que ser\u00e1 emitido en las elecciones subnacionales del pr\u00f3ximo 22 de marzo.<\/p>\n\n\n\n<p>La actividad es organizada por Unifranz, en alianza con el Ministerio de Trabajo, Empleo y Previsi\u00f3n Social, la Asociaci\u00f3n de Consultores Ambientales de Bolivia (ACAB), el Colegio de Ingenieros Industriales de Santa Cruz, la carrera de Ingenier\u00eda Industrial de la UAGRM, la C\u00e1mara Nacional del Hidr\u00f3geno Bolivia CNHB-HVGA, la Federaci\u00f3n Departamental de Juntas Vecinales de Santa Cruz (Fedjuvesa) y la organizaci\u00f3n Mente Social.<\/p>\n\n\n\n<p>M\u00e1s all\u00e1 de un debate electoral, el foro busca involucrar a los j\u00f3venes en la conversaci\u00f3n sobre el futuro de su ciudad. Para los estudiantes, ser\u00e1 una oportunidad \u00fanica de escuchar propuestas, contrastar visiones y participar activamente en el debate p\u00fablico.<\/p>\n\n\n\n<p>La organizaci\u00f3n del foro de candidatos permitir\u00e1 que, luego de un sorteo sobre el orden de participaci\u00f3n, los candidatos tengan 15 minutos de exposici\u00f3n de sus planes de gobierno en la materia, seguido de preguntas de parte de estudiantes, docentes y p\u00fablico en general.<\/p>\n\n\n\n<p>El decano de la facultad de Ciencias Sociales, Luis Enrique P\u00e1ez, explic\u00f3 que es de mucha relevancia que los j\u00f3venes electores conozcan de primera mano las propuestas de los candidatos a la alcald\u00eda, a fin de que decisi\u00f3n electoral cuente con informaci\u00f3n y contexto.<\/p>\n\n\n\n<p>El evento se realizar\u00e1 el lunes 16 de marzo a partir de las 8:30 de la ma\u00f1ana en el sal\u00f3n auditorio de Unifranz.<\/p>","protected":false},"excerpt":{"rendered":"<p>Unifranz reunir\u00e1 a candidatos a la Alcald\u00eda de Santa Cruz en un foro debate sobre ciudades sostenibles, desarrollo urbano y propuestas para el futuro.<\/p>","protected":false},"author":50,"featured_media":712835,"comment_status":"open","ping_status":"open","sticky":false,"template":"","format":"standard","meta":{"_acf_changed":false,"footnotes":""},"categories":[60],"tags":[5814,53,12145,1422,12146,242],"class_list":["post-712834","post","type-post","status-publish","format-standard","has-post-thumbnail","hentry","category-blog","tag-ciudades-sostenibles","tag-educacion","tag-foro-debate-municipal-ciudades-sostenibles","tag-innovacion-en-educacion","tag-planificacion-urbana","tag-unifranz"],"acf":[],"_links":{"self":[{"href":"https:\/\/unifranz.edu.bo\/pt\/wp-json\/wp\/v2\/posts\/712834","targetHints":{"allow":["GET"]}}],"collection":[{"href":"https:\/\/unifranz.edu.bo\/pt\/wp-json\/wp\/v2\/posts"}],"about":[{"href":"https:\/\/unifranz.edu.bo\/pt\/wp-json\/wp\/v2\/types\/post"}],"author":[{"embeddable":true,"href":"https:\/\/unifranz.edu.bo\/pt\/wp-json\/wp\/v2\/users\/50"}],"replies":[{"embeddable":true,"href":"https:\/\/unifranz.edu.bo\/pt\/wp-json\/wp\/v2\/comments?post=712834"}],"version-history":[{"count":1,"href":"https:\/\/unifranz.edu.bo\/pt\/wp-json\/wp\/v2\/posts\/712834\/revisions"}],"predecessor-version":[{"id":712836,"href":"https:\/\/unifranz.edu.bo\/pt\/wp-json\/wp\/v2\/posts\/712834\/revisions\/712836"}],"wp:featuredmedia":[{"embeddable":true,"href":"https:\/\/unifranz.edu.bo\/pt\/wp-json\/wp\/v2\/media\/712835"}],"wp:attachment":[{"href":"https:\/\/unifranz.edu.bo\/pt\/wp-json\/wp\/v2\/media?parent=712834"}],"wp:term":[{"taxonomy":"category","embeddable":true,"href":"https:\/\/unifranz.edu.bo\/pt\/wp-json\/wp\/v2\/categories?post=712834"},{"taxonomy":"post_tag","embeddable":true,"href":"https:\/\/unifranz.edu.bo\/pt\/wp-json\/wp\/v2\/tags?post=712834"}],"curies":[{"name":"wp","href":"https:\/\/api.w.org\/{rel}","templated":true}]}}