{"id":712824,"date":"2026-03-12T17:46:53","date_gmt":"2026-03-12T21:46:53","guid":{"rendered":"https:\/\/unifranz.edu.bo\/?p=712824"},"modified":"2026-03-12T17:47:35","modified_gmt":"2026-03-12T21:47:35","slug":"formacao-medica-sem-fronteiras-estudantes-da-unifranz-se-preparam-com-avaliacoes-de-nivel-internacional","status":"publish","type":"post","link":"https:\/\/unifranz.edu.bo\/pt\/blog\/formacao-medica-sem-fronteiras-estudantes-da-unifranz-se-preparam-com-avaliacoes-de-nivel-internacional\/","title":{"rendered":"Forma\u00e7\u00e3o m\u00e9dica sem fronteiras: estudantes da Unifranz se preparam com avalia\u00e7\u00f5es de n\u00edvel internacional"},"content":{"rendered":"<p>A avalia\u00e7\u00e3o cl\u00ednica \u00e9 um dos momentos mais exigentes na forma\u00e7\u00e3o de futuros m\u00e9dicos, pois permite verificar se o conhecimento adquirido em sala de aula pode ser aplicado em situa\u00e7\u00f5es reais. Nesse contexto, a Avalia\u00e7\u00e3o Cl\u00ednica Objetiva Estruturada (ECOE) consolida-se como uma ferramenta fundamental para medir as compet\u00eancias dos estudantes das ci\u00eancias da sa\u00fade.<\/p>\n\n\n\n<p>Al\u00e9m de fortalecer as compet\u00eancias cl\u00ednicas, a ECOE tamb\u00e9m se torna um instrumento importante para estudantes internacionais que realizam seus estudos na Universidade Franz Tamayo (Unifranz), na Bol\u00edvia. Em particular, muitos estudantes brasileiros encontram nessa avalia\u00e7\u00e3o uma prepara\u00e7\u00e3o rigorosa que os aproxima dos padr\u00f5es que dever\u00e3o enfrentar ao retornar ao seu pa\u00eds.<\/p>\n\n\n\n<blockquote class=\"wp-block-quote is-layout-flow wp-block-quote-is-layout-flow\">\n<p>\u201cA ECOE \u00e9 uma avalia\u00e7\u00e3o cl\u00ednica objetiva estruturada que mede o conhecimento te\u00f3rico e pr\u00e1tico dos estudantes da Faculdade de Ci\u00eancias da Sa\u00fade. Ela permite avaliar de forma integral as compet\u00eancias que os futuros profissionais necessitam para atuar no \u00e2mbito cl\u00ednico\u201d, explica Aureliano Hurtado, m\u00e9dico e docente do curso de Medicina.<\/p>\n<\/blockquote>\n\n\n\n<p>Nesse sentido, a experi\u00eancia pr\u00e1tica proporcionada pela ECOE assemelha-se a avalia\u00e7\u00f5es de alto desempenho utilizadas em outros sistemas de sa\u00fade. Isso permite que os estudantes desenvolvam habilidades cl\u00ednicas, capacidade anal\u00edtica e seguran\u00e7a profissional para enfrentar processos de valida\u00e7\u00e3o de seus diplomas no exterior.<\/p>\n\n\n\n<p>Na Unifranz, essa metodologia \u00e9 aplicada por meio de esta\u00e7\u00f5es nas quais os estudantes devem resolver diferentes desafios cl\u00ednicos em tempos determinados. Cada esta\u00e7\u00e3o \u00e9 projetada para avaliar \u00e1reas espec\u00edficas, como anatomia, racioc\u00ednio cl\u00ednico ou habilidades de comunica\u00e7\u00e3o com o paciente.<\/p>\n\n\n\n<figure class=\"wp-block-embed is-type-video is-provider-youtube wp-block-embed-youtube wp-embed-aspect-16-9 wp-has-aspect-ratio\"><div class=\"wp-block-embed__wrapper\">\n<iframe loading=\"lazy\" title=\"Formaci\u00f3n m\u00e9dica sin fronteras: estudiantes Unifranz se preparan con evaluaciones internacionales\" width=\"500\" height=\"281\" src=\"https:\/\/www.youtube.com\/embed\/vniv3BMa00o?feature=oembed\" frameborder=\"0\" allow=\"accelerometer; autoplay; clipboard-write; encrypted-media; gyroscope; picture-in-picture; web-share\" referrerpolicy=\"strict-origin-when-cross-origin\" allowfullscreen><\/iframe>\n<\/div><\/figure>\n\n\n\n<p>Em muitos casos, uma ECOE pode incluir entre cinco e oito esta\u00e7\u00f5es, embora em avalia\u00e7\u00f5es mais complexas possa chegar a vinte. Os estudantes avan\u00e7am de uma esta\u00e7\u00e3o a outra demonstrando suas capacidades de analisar, decidir e agir diante de distintos cen\u00e1rios m\u00e9dicos.<\/p>\n\n\n\n<blockquote class=\"wp-block-quote is-layout-flow wp-block-quote-is-layout-flow\">\n<p>\u201cAvaliamos o racioc\u00ednio cl\u00ednico e como o conhecimento te\u00f3rico se transforma em conhecimento pr\u00e1tico. Por isso esse tipo de avalia\u00e7\u00e3o \u00e9 t\u00e3o importante na forma\u00e7\u00e3o dos estudantes de medicina\u201d, destaca Hurtado.<\/p>\n<\/blockquote>\n\n\n\n<p>O processo faz parte de um sistema de forma\u00e7\u00e3o por n\u00edveis que organiza a aprendizagem ao longo do curso. Os estudantes passam pelas etapas b\u00e1sica, intermedi\u00e1ria e avan\u00e7ada e, ao final de cada uma, devem demonstrar as compet\u00eancias adquiridas por meio da ECOE.<\/p>\n\n\n\n<p>Ao longo desse percurso, a avalia\u00e7\u00e3o n\u00e3o mede apenas conhecimentos t\u00e9cnicos, mas tamb\u00e9m a capacidade dos estudantes de interagir com os pacientes e responder com crit\u00e9rio diante de situa\u00e7\u00f5es cl\u00ednicas reais. Dessa forma, a forma\u00e7\u00e3o m\u00e9dica integra habilidades cient\u00edficas a uma perspectiva \u00e9tica e humana da profiss\u00e3o.<\/p>\n\n\n\n<blockquote class=\"wp-block-quote is-layout-flow wp-block-quote-is-layout-flow\">\n<p>\u201cAtualmente, os melhores m\u00e9dicos n\u00e3o s\u00e3o apenas aqueles que se atualizam e se especializam. S\u00e3o tamb\u00e9m aqueles que demonstram valores humanos na rela\u00e7\u00e3o com os pacientes; a forma\u00e7\u00e3o cont\u00ednua aliada aos valores humanos \u00e9 o que realmente forma um bom m\u00e9dico\u201d, conclui Hurtado.<\/p>\n<\/blockquote>","protected":false},"excerpt":{"rendered":"<p>A avalia\u00e7\u00e3o cl\u00ednica \u00e9 um dos momentos mais exigentes na forma\u00e7\u00e3o de futuros m\u00e9dicos, pois permite verificar se o conhecimento adquirido em sala de aula pode ser aplicado em situa\u00e7\u00f5es reais.<\/p>","protected":false},"author":53,"featured_media":712826,"comment_status":"open","ping_status":"open","sticky":false,"template":"","format":"standard","meta":{"_acf_changed":false,"footnotes":""},"categories":[60],"tags":[1128,12119,53,386,1422,248,49,8862,12121,218,242],"class_list":["post-712824","post","type-post","status-publish","format-standard","has-post-thumbnail","hentry","category-blog","tag-brasil","tag-ecoe","tag-educacion","tag-estudiantes","tag-innovacion-en-educacion","tag-internacionalizacion","tag-medicina","tag-medicos","tag-revalida-brasil","tag-tecnologia","tag-unifranz"],"acf":[],"_links":{"self":[{"href":"https:\/\/unifranz.edu.bo\/pt\/wp-json\/wp\/v2\/posts\/712824","targetHints":{"allow":["GET"]}}],"collection":[{"href":"https:\/\/unifranz.edu.bo\/pt\/wp-json\/wp\/v2\/posts"}],"about":[{"href":"https:\/\/unifranz.edu.bo\/pt\/wp-json\/wp\/v2\/types\/post"}],"author":[{"embeddable":true,"href":"https:\/\/unifranz.edu.bo\/pt\/wp-json\/wp\/v2\/users\/53"}],"replies":[{"embeddable":true,"href":"https:\/\/unifranz.edu.bo\/pt\/wp-json\/wp\/v2\/comments?post=712824"}],"version-history":[{"count":1,"href":"https:\/\/unifranz.edu.bo\/pt\/wp-json\/wp\/v2\/posts\/712824\/revisions"}],"predecessor-version":[{"id":712827,"href":"https:\/\/unifranz.edu.bo\/pt\/wp-json\/wp\/v2\/posts\/712824\/revisions\/712827"}],"wp:featuredmedia":[{"embeddable":true,"href":"https:\/\/unifranz.edu.bo\/pt\/wp-json\/wp\/v2\/media\/712826"}],"wp:attachment":[{"href":"https:\/\/unifranz.edu.bo\/pt\/wp-json\/wp\/v2\/media?parent=712824"}],"wp:term":[{"taxonomy":"category","embeddable":true,"href":"https:\/\/unifranz.edu.bo\/pt\/wp-json\/wp\/v2\/categories?post=712824"},{"taxonomy":"post_tag","embeddable":true,"href":"https:\/\/unifranz.edu.bo\/pt\/wp-json\/wp\/v2\/tags?post=712824"}],"curies":[{"name":"wp","href":"https:\/\/api.w.org\/{rel}","templated":true}]}}