{"id":712820,"date":"2026-03-12T16:46:57","date_gmt":"2026-03-12T20:46:57","guid":{"rendered":"https:\/\/unifranz.edu.bo\/?p=712820"},"modified":"2026-03-12T16:47:34","modified_gmt":"2026-03-12T20:47:34","slug":"perfil-del-publicista-del-siglo-xxi-creatividad-datos-y-etica-en-la-nueva-era-del-marketing","status":"publish","type":"post","link":"https:\/\/unifranz.edu.bo\/pt\/blog\/perfil-del-publicista-del-siglo-xxi-creatividad-datos-y-etica-en-la-nueva-era-del-marketing\/","title":{"rendered":"Perfil del publicista del siglo XXI: creatividad, datos y \u00e9tica en la nueva era del marketing"},"content":{"rendered":"<p>La publicidad y el marketing atraviesan una transformaci\u00f3n profunda impulsada por la digitalizaci\u00f3n, la inteligencia artificial y el cambio en los h\u00e1bitos de consumo. En este escenario, el perfil del publicista del siglo XXI ha evolucionado hacia un profesional estrat\u00e9gico, capaz de combinar creatividad, an\u00e1lisis de datos, tecnolog\u00eda y una mirada \u00e9tica sobre la comunicaci\u00f3n de marcas.<\/p>\n\n\n\n<p>Hoy, el publicista no se limita a dise\u00f1ar anuncios. Su trabajo se extiende a la construcci\u00f3n de experiencias de marca, la gesti\u00f3n de comunidades digitales y el an\u00e1lisis de audiencias en m\u00faltiples plataformas. Las campa\u00f1as ya no se piensan \u00fanicamente para un medio, sino para ecosistemas transmedia donde las personas interact\u00faan, opinan y co-crean contenidos.<\/p>\n\n\n\n<blockquote class=\"wp-block-quote is-layout-flow wp-block-quote-is-layout-flow\">\n<p>\u201cEl publicista del siglo XXI debe entender que la creatividad por s\u00ed sola ya no es suficiente; hoy necesita integrar datos, tecnolog\u00eda y estrategia para construir marcas relevantes en un entorno altamente competitivo y digitalizado\u201d, explica Shirley Lozada, directora de la carrera de Publicidad y Marketing de la Universidad Franz Tamayo (Unifranz).<\/p>\n<\/blockquote>\n\n\n\n<p>Este nuevo perfil se caracteriza por su capacidad de adaptaci\u00f3n a un entorno hiperconectado. El uso de anal\u00edtica avanzada, big data e inteligencia artificial permite a los profesionales del marketing comprender mejor a las audiencias, segmentar mensajes y personalizar contenidos de acuerdo con los intereses de cada comunidad digital.<\/p>\n\n\n\n<blockquote class=\"wp-block-quote is-layout-flow wp-block-quote-is-layout-flow\">\n<p>\u201cLas marcas ya no solo comunican productos; construyen relaciones con las personas. Por eso, el publicista actual debe ser un estratega que combine an\u00e1lisis, creatividad y sensibilidad social para generar confianza en las audiencias\u201d, se\u00f1ala.<\/p>\n<\/blockquote>\n\n\n\n<p>En este contexto, las competencias tecnol\u00f3gicas se han vuelto indispensables. Herramientas de automatizaci\u00f3n, plataformas de comercio electr\u00f3nico, sistemas de gesti\u00f3n de clientes (CRM) y nuevas tecnolog\u00edas como la realidad aumentada o las experiencias inmersivas forman parte del repertorio profesional del marketing contempor\u00e1neo.<\/p>\n\n\n\n<p>Pero el conocimiento t\u00e9cnico no es suficiente. Las habilidades humanas tambi\u00e9n se han vuelto centrales. La empat\u00eda, la capacidad de escuchar a las audiencias y el trabajo colaborativo en equipos multidisciplinarios son fundamentales para dise\u00f1ar campa\u00f1as que conecten emocionalmente con los consumidores.<\/p>\n\n\n\n<blockquote class=\"wp-block-quote is-layout-flow wp-block-quote-is-layout-flow\">\n<p>\u201cHoy hablamos de profesionales capaces de transformar datos en historias y campa\u00f1as en experiencias. El desaf\u00edo es construir narrativas aut\u00e9nticas que conecten con las emociones y valores de las personas\u201d, afirma la experta<\/p>\n<\/blockquote>\n\n\n\n<p>La formaci\u00f3n acad\u00e9mica tambi\u00e9n refleja esta transformaci\u00f3n. En universidades como Unifranz, los estudiantes se preparan mediante metodolog\u00edas pr\u00e1cticas que los acercan a los desaf\u00edos reales de la industria publicitaria. El trabajo con proyectos reales, laboratorios creativos y experiencias colaborativas permite desarrollar habilidades que el mercado laboral demanda.<\/p>\n\n\n\n<p>Mariela Soliz, graduada de la carrera y actualmente community manager y dise\u00f1adora gr\u00e1fica en una agencia de publicidad, destaca la importancia de la formaci\u00f3n pr\u00e1ctica. \u201cLos proyectos que realiz\u00e1bamos en la universidad nos permitieron analizar marcas reales y entender c\u00f3mo funciona el mercado. Esa experiencia fue clave para adaptarme al ritmo de trabajo de una agencia\u201d, comenta.<\/p>\n\n\n\n<p>Una experiencia similar vivi\u00f3 Franklin Mercado, quien comenz\u00f3 a trabajar como community manager mientras a\u00fan cursaba la carrera. \u201cLa metodolog\u00eda de aprender haciendo nos dio la confianza para asumir responsabilidades reales. Cuando llegu\u00e9 a la agencia, muchas de las tareas ya eran parte de lo que hab\u00edamos practicado en clases\u201d, se\u00f1ala.<\/p>\n\n\n\n<p>Adem\u00e1s de las competencias t\u00e9cnicas y creativas, el publicista contempor\u00e1neo tambi\u00e9n enfrenta un desaf\u00edo \u00e9tico. La comunicaci\u00f3n de marcas influye en la cultura, las decisiones de consumo y la percepci\u00f3n social de temas clave como la sostenibilidad, la diversidad y la inclusi\u00f3n.<\/p>\n\n\n\n<blockquote class=\"wp-block-quote is-layout-flow wp-block-quote-is-layout-flow\">\n<p>\u201cLa publicidad tiene un impacto cultural enorme. Por eso es fundamental formar profesionales que entiendan su responsabilidad social y que sean capaces de construir mensajes transparentes, inclusivos y alineados con valores sostenibles\u201d, subraya Lozada.<\/p>\n<\/blockquote>\n\n\n\n<p>En un mundo saturado de informaci\u00f3n y est\u00edmulos, el valor del publicista del siglo XXI radica en su capacidad para dar sentido a los mensajes, transformar datos en ideas creativas y convertir las marcas en comunidades con prop\u00f3sito. M\u00e1s que vender productos, su misi\u00f3n es generar v\u00ednculos duraderos entre las organizaciones y las personas, en un entorno donde la confianza se ha convertido en el activo m\u00e1s importante de la comunicaci\u00f3n.<\/p>","protected":false},"excerpt":{"rendered":"<p>El perfil del publicista evoluciona: creatividad, an\u00e1lisis de datos y responsabilidad social en la comunicaci\u00f3n de marcas.<\/p>","protected":false},"author":49,"featured_media":712821,"comment_status":"open","ping_status":"open","sticky":false,"template":"","format":"standard","meta":{"_acf_changed":false,"footnotes":""},"categories":[60],"tags":[11569,2550,12144,617,5274,1422,12143,104,10793,242],"class_list":["post-712820","post","type-post","status-publish","format-standard","has-post-thumbnail","hentry","category-blog","tag-calidad-academica-2","tag-comercio-electronico","tag-crm","tag-cultura","tag-habilidades-humanas","tag-innovacion-en-educacion","tag-nuevos-perfiles-profesionales","tag-publicidad-y-marketing","tag-tecnologia-2","tag-unifranz"],"acf":[],"_links":{"self":[{"href":"https:\/\/unifranz.edu.bo\/pt\/wp-json\/wp\/v2\/posts\/712820","targetHints":{"allow":["GET"]}}],"collection":[{"href":"https:\/\/unifranz.edu.bo\/pt\/wp-json\/wp\/v2\/posts"}],"about":[{"href":"https:\/\/unifranz.edu.bo\/pt\/wp-json\/wp\/v2\/types\/post"}],"author":[{"embeddable":true,"href":"https:\/\/unifranz.edu.bo\/pt\/wp-json\/wp\/v2\/users\/49"}],"replies":[{"embeddable":true,"href":"https:\/\/unifranz.edu.bo\/pt\/wp-json\/wp\/v2\/comments?post=712820"}],"version-history":[{"count":1,"href":"https:\/\/unifranz.edu.bo\/pt\/wp-json\/wp\/v2\/posts\/712820\/revisions"}],"predecessor-version":[{"id":712822,"href":"https:\/\/unifranz.edu.bo\/pt\/wp-json\/wp\/v2\/posts\/712820\/revisions\/712822"}],"wp:featuredmedia":[{"embeddable":true,"href":"https:\/\/unifranz.edu.bo\/pt\/wp-json\/wp\/v2\/media\/712821"}],"wp:attachment":[{"href":"https:\/\/unifranz.edu.bo\/pt\/wp-json\/wp\/v2\/media?parent=712820"}],"wp:term":[{"taxonomy":"category","embeddable":true,"href":"https:\/\/unifranz.edu.bo\/pt\/wp-json\/wp\/v2\/categories?post=712820"},{"taxonomy":"post_tag","embeddable":true,"href":"https:\/\/unifranz.edu.bo\/pt\/wp-json\/wp\/v2\/tags?post=712820"}],"curies":[{"name":"wp","href":"https:\/\/api.w.org\/{rel}","templated":true}]}}