{"id":712782,"date":"2026-03-11T17:08:08","date_gmt":"2026-03-11T21:08:08","guid":{"rendered":"https:\/\/unifranz.edu.bo\/?p=712782"},"modified":"2026-03-11T17:08:49","modified_gmt":"2026-03-11T21:08:49","slug":"ejercicio-y-estimulacion-mental-protegen-el-cerebro-de-enfermedades-neurodegenerativas","status":"publish","type":"post","link":"https:\/\/unifranz.edu.bo\/pt\/blog\/ejercicio-y-estimulacion-mental-protegen-el-cerebro-de-enfermedades-neurodegenerativas\/","title":{"rendered":"Ejercicio y estimulaci\u00f3n mental protegen el cerebro de enfermedades neurodegenerativas"},"content":{"rendered":"<p>Las enfermedades neurodegenerativas son uno de los principales desaf\u00edos de salud. El envejecimiento de la poblaci\u00f3n, sumado a estilos de vida sedentarios y problemas metab\u00f3licos mal controlados, ha incrementado la prevalencia de patolog\u00edas como el Alzheimer y el Parkinson. Frente a este escenario, la prevenci\u00f3n y la detecci\u00f3n temprana son estrategias clave para reducir su impacto y mejorar la calidad de vida de las personas.<\/p>\n\n\n\n<blockquote class=\"wp-block-quote is-layout-flow wp-block-quote-is-layout-flow\">\n<p>Laura Mar\u00edn, docente de la carrera de Medicina de la Universidad Franz Tamayo (Unifranz), subraya que: \u201cLa detecci\u00f3n temprana es muy importante, porque permite identificar factores de riesgo modificables. Mientras la gen\u00e9tica no la podamos cambiar, el control de enfermedades si est\u00e1 en nuestras manos\u201d, afirma.&nbsp;<\/p>\n<\/blockquote>\n\n\n\n<p>Condiciones como la diabetes, la hipertensi\u00f3n o la obesidad est\u00e1n directamente asociadas con un mayor riesgo de deterioro cognitivo si no se controlan de forma adecuada.<\/p>\n\n\n\n<p>Mar\u00edn explica que las enfermedades neurodegenerativas, como: Alheimer, Parkinson; demencia, la esclerosis m\u00faltiple, entre otras, no tienen cura, sin embargo hay formas efectivas de ralentizar su avance.&nbsp;<\/p>\n\n\n\n<blockquote class=\"wp-block-quote is-layout-flow wp-block-quote-is-layout-flow\">\n<p>\u201cEn general, las enfermedades neurodegenerativas, como el Alzheimer, no tienen cura, pero s\u00ed presentan formas de retrasar su progresi\u00f3n o disminuir su impacto, sobre todo si se detectan temprano\u201d, se\u00f1ala la acad\u00e9mica.<\/p>\n<\/blockquote>\n\n\n\n<p>Estudios internacionales coinciden en que un enfoque integral del estilo de vida puede reducir entre un 30 % y 50 % el riesgo de desarrollar estas patolog\u00edas o retrasar la aparici\u00f3n de sus s\u00edntomas.<\/p>\n\n\n\n<blockquote class=\"wp-block-quote is-layout-flow wp-block-quote-is-layout-flow\">\n<p>Por su parte, el m\u00e9dico y docente Felipe Molina, tambi\u00e9n de Unifranz, explica la base biol\u00f3gica de una de las enfermedades m\u00e1s conocidas. \u201cEl parkinson es una enfermedad neurol\u00f3gica degenerativa y cr\u00f3nica provocada por la disminuci\u00f3n de un neurotransmisor encargado de controlar los movimientos del cuerpo, la dopamina\u201d, destaca el acad\u00e9mico.&nbsp;<\/p>\n<\/blockquote>\n\n\n\n<p>Adem\u00e1s, a\u00f1ade que las neuronas responsables de producir dopamina se encuentran en la sustancia negra del cerebro y que su deterioro explica los s\u00edntomas motores y emocionales de la enfermedad.<\/p>\n\n\n\n<blockquote class=\"wp-block-quote is-layout-flow wp-block-quote-is-layout-flow\">\n<p>Mar\u00edn enfatiza que la prevenci\u00f3n es posible y est\u00e1 al alcance de la poblaci\u00f3n. \u201cMuchas veces pensamos que las enfermedades neurodegenerativas son inevitables, pero sabemos que hasta un 40 % de los casos podr\u00edan retrasarse o prevenirse si cuidamos la salud metab\u00f3lica\u201d, enfatiza.<\/p>\n<\/blockquote>\n\n\n\n<p>Uno de los pilares de la prevenci\u00f3n es la actividad f\u00edsica regular. La evidencia cient\u00edfica recomienda al menos 150 minutos semanales de ejercicio aer\u00f3bico, como caminatas r\u00e1pidas, ciclismo o baile.&nbsp;<\/p>\n\n\n\n<p>Estas actividades estimulan la producci\u00f3n de BDNF (Factor Neurotr\u00f3fico Derivado del Cerebro), una prote\u00edna que protege las neuronas y favorece la neuroplasticidad. Adem\u00e1s de complementar el cardio con ejercicios de fuerza dos o tres veces por semana \u2014sentadillas, flexiones o trabajo con pesas ligeras\u2014 ayuda a proteger el hipocampo, \u00e1rea clave para la memoria, y reduce la atrofia cerebral hasta en un 40 %.<\/p>\n\n\n\n<p>La estimulaci\u00f3n cognitiva es otro factor determinante. Aprender un nuevo idioma, tocar un instrumento musical, leer de forma activa o resolver juegos mentales desaf\u00eda al cerebro y fortalece la llamada \u201creserva cognitiva\u201d.&nbsp;<\/p>\n\n\n\n<p>Este concepto se refiere a la capacidad del cerebro para compensar el da\u00f1o neuronal, creando rutas alternativas para procesar la informaci\u00f3n. No se trata de repetir tareas conocidas, sino de exponerse a aprendizajes nuevos y exigentes.<\/p>\n\n\n\n<p>El componente social tambi\u00e9n cumple un rol fundamental. El aislamiento aumenta de forma significativa el riesgo de deterioro cognitivo, mientras que la participaci\u00f3n en grupos comunitarios, actividades culturales o voluntariado fortalece las conexiones neuronales y reduce los niveles de estr\u00e9s.&nbsp;<\/p>\n\n\n\n<p>Hobbies creativos como la pintura, la m\u00fasica o la jardiner\u00eda estimulan la liberaci\u00f3n de dopamina, neurotransmisor clave para la motivaci\u00f3n y el bienestar emocional.<\/p>\n\n\n\n<p>En cuanto a la nutrici\u00f3n, los especialistas recomiendan una dieta equilibrada rica en omega-3, frutas, verduras y granos andinos como la quinua. Dormir entre siete y nueve horas diarias, no fumar y practicar t\u00e9cnicas de manejo del estr\u00e9s, como mindfulness, contribuyen a reducir la inflamaci\u00f3n cerebral y el da\u00f1o oxidativo.<\/p>\n\n\n\n<p>La combinaci\u00f3n de actividad f\u00edsica, estimulaci\u00f3n mental, vida social activa y h\u00e1bitos saludables no solo protege al cerebro, sino que permite envejecer con mayor autonom\u00eda y bienestar.<\/p>","protected":false},"excerpt":{"rendered":"<p>Mantener actividad f\u00edsica y estimulaci\u00f3n mental es clave para prevenir enfermedades neurodegenerativas. Estudios se\u00f1alan que ejercicio, aprendizaje constante y control de enfermedades metab\u00f3licas pueden reducir el riesgo de deterioro cognitivo.<\/p>","protected":false},"author":51,"featured_media":712783,"comment_status":"open","ping_status":"open","sticky":false,"template":"","format":"standard","meta":{"_acf_changed":false,"footnotes":""},"categories":[60],"tags":[266,2330,12131,53,11303,12130,12132,1422,41,49,240,124,242],"class_list":["post-712782","post","type-post","status-publish","format-standard","has-post-thumbnail","hentry","category-blog","tag-bolivia","tag-cerebro","tag-deterioro-cognitivo","tag-educacion","tag-ejercicio-fisico","tag-enfermedades-neurodegenerativas","tag-estimulacion-mental","tag-innovacion-en-educacion","tag-la-paz","tag-medicina","tag-psicologia","tag-salud","tag-unifranz"],"acf":[],"_links":{"self":[{"href":"https:\/\/unifranz.edu.bo\/pt\/wp-json\/wp\/v2\/posts\/712782","targetHints":{"allow":["GET"]}}],"collection":[{"href":"https:\/\/unifranz.edu.bo\/pt\/wp-json\/wp\/v2\/posts"}],"about":[{"href":"https:\/\/unifranz.edu.bo\/pt\/wp-json\/wp\/v2\/types\/post"}],"author":[{"embeddable":true,"href":"https:\/\/unifranz.edu.bo\/pt\/wp-json\/wp\/v2\/users\/51"}],"replies":[{"embeddable":true,"href":"https:\/\/unifranz.edu.bo\/pt\/wp-json\/wp\/v2\/comments?post=712782"}],"version-history":[{"count":1,"href":"https:\/\/unifranz.edu.bo\/pt\/wp-json\/wp\/v2\/posts\/712782\/revisions"}],"predecessor-version":[{"id":712784,"href":"https:\/\/unifranz.edu.bo\/pt\/wp-json\/wp\/v2\/posts\/712782\/revisions\/712784"}],"wp:featuredmedia":[{"embeddable":true,"href":"https:\/\/unifranz.edu.bo\/pt\/wp-json\/wp\/v2\/media\/712783"}],"wp:attachment":[{"href":"https:\/\/unifranz.edu.bo\/pt\/wp-json\/wp\/v2\/media?parent=712782"}],"wp:term":[{"taxonomy":"category","embeddable":true,"href":"https:\/\/unifranz.edu.bo\/pt\/wp-json\/wp\/v2\/categories?post=712782"},{"taxonomy":"post_tag","embeddable":true,"href":"https:\/\/unifranz.edu.bo\/pt\/wp-json\/wp\/v2\/tags?post=712782"}],"curies":[{"name":"wp","href":"https:\/\/api.w.org\/{rel}","templated":true}]}}