{"id":712768,"date":"2026-03-11T15:47:46","date_gmt":"2026-03-11T19:47:46","guid":{"rendered":"https:\/\/unifranz.edu.bo\/?p=712768"},"modified":"2026-03-11T15:48:31","modified_gmt":"2026-03-11T19:48:31","slug":"educacion-financiera-la-llave-para-transformar-la-informalidad-en-desarrollo-en-bolivia","status":"publish","type":"post","link":"https:\/\/unifranz.edu.bo\/pt\/blog\/educacion-financiera-la-llave-para-transformar-la-informalidad-en-desarrollo-en-bolivia\/","title":{"rendered":"Educaci\u00f3n financiera: la llave para transformar la informalidad en desarrollo en Bolivia"},"content":{"rendered":"<p>La econom\u00eda boliviana enfrenta uno de sus desaf\u00edos estructurales m\u00e1s persistentes: la alta informalidad laboral y empresarial. Este fen\u00f3meno no solo limita la recaudaci\u00f3n fiscal, sino que tambi\u00e9n restringe el acceso de miles de trabajadores y emprendedores a cr\u00e9ditos, seguridad social y oportunidades de crecimiento. En este contexto, especialistas se\u00f1alan que la educaci\u00f3n financiera puede convertirse en una herramienta clave para impulsar la formalizaci\u00f3n y fortalecer el desarrollo econ\u00f3mico del pa\u00eds.<\/p>\n\n\n\n<blockquote class=\"wp-block-quote is-layout-flow wp-block-quote-is-layout-flow\">\n<p>\u201cAproximadamente entre el 74 y el 76% de la poblaci\u00f3n es informal, precisamente por la falta de empleo productivo\u201d, explica Ronald Bedregal, economista y director de la carrera de Ingenier\u00eda Econ\u00f3mica de la Universidad Franz Tamayo (Unifranz).&nbsp;<\/p>\n<\/blockquote>\n\n\n\n<p>El especialista advierte que este escenario tambi\u00e9n afecta la din\u00e1mica de inversi\u00f3n, haciendo m\u00e1s dif\u00edcil para las empresas extranjeras confiar en los emprendimientos bolivianos que operan fuera de los m\u00e1rgenes de la ley o en \u00e1reas grises.<\/p>\n\n\n\n<blockquote class=\"wp-block-quote is-layout-flow wp-block-quote-is-layout-flow\">\n<p>\u201cEso hace que las inversiones disminuyan indudablemente, la informalidad genera incertidumbre y reduce el atractivo del mercado para nuevos capitales\u201d, acota.<\/p>\n<\/blockquote>\n\n\n\n<p>Para Bedregal, el desaf\u00edo no debe abordarse desde una l\u00f3gica punitiva, sino desde pol\u00edticas que generen oportunidades reales para quienes operan fuera del sistema formal.&nbsp;<\/p>\n\n\n\n<blockquote class=\"wp-block-quote is-layout-flow wp-block-quote-is-layout-flow\">\n<p>\u201cHay que apuntar precisamente a esa gente que est\u00e1 en el mercado informal para formalizarla, pero no desde el punto de vista punitivo, sino desde el punto de vista de alternativas de pol\u00edtica p\u00fablica que mejoren la calidad del empleo\u201d, indica el economista.<\/p>\n<\/blockquote>\n\n\n\n<p>En este escenario, la educaci\u00f3n financiera aparece como un factor determinante. El desconocimiento sobre ahorro, cr\u00e9dito, impuestos o planificaci\u00f3n econ\u00f3mica hace que muchos trabajadores y peque\u00f1os empresarios perciban la formalizaci\u00f3n como un costo adicional, sin comprender los beneficios que puede ofrecerles en t\u00e9rminos de acceso a financiamiento, estabilidad y crecimiento.<\/p>\n\n\n\n<blockquote class=\"wp-block-quote is-layout-flow wp-block-quote-is-layout-flow\">\n<p>\u201cLa educaci\u00f3n financiera debe venir desde la educaci\u00f3n b\u00e1sica, desde la escuela, desde el colegio\u201d, explica Bedregal. Seg\u00fan el especialista, incorporar estos contenidos desde edades tempranas permite que los estudiantes comprendan conceptos esenciales para la gesti\u00f3n econ\u00f3mica.&nbsp;<\/p>\n<\/blockquote>\n\n\n\n<p>\u201cEs ah\u00ed el momento donde nuestros profesores deben apuntar precisamente a brindar estos conocimientos: c\u00f3mo se plantea un flujo, qu\u00e9 haces con tu mensualidad\u201d, se\u00f1ala.<\/p>\n\n\n\n<p>Este aprendizaje temprano puede tener efectos de largo plazo en la forma en que las personas gestionan sus recursos y desarrollan emprendimientos. De acuerdo con Bedregal, comprender la l\u00f3gica financiera facilita la transici\u00f3n hacia la formalidad.&nbsp;<\/p>\n\n\n\n<blockquote class=\"wp-block-quote is-layout-flow wp-block-quote-is-layout-flow\">\n<p>\u201cEl estudiante va creciendo y va viendo que la parte financiera es sumamente importante para el manejo adecuado despu\u00e9s de las finanzas en la empresa o en el emprendimiento que uno quiera generar\u201d, afirma.<\/p>\n<\/blockquote>\n\n\n\n<p>La educaci\u00f3n financiera tambi\u00e9n puede fortalecer el tejido productivo del pa\u00eds. En Bolivia, las micro y peque\u00f1as empresas representan m\u00e1s del 80% de las unidades productivas, pero muchas operan en la informalidad debido al desconocimiento de procesos contables, tributarios o administrativos. Capacitar a los emprendedores en estos \u00e1mbitos no solo mejora la gesti\u00f3n de sus negocios, sino que tambi\u00e9n reduce su vulnerabilidad frente a crisis econ\u00f3micas.<\/p>\n\n\n\n<blockquote class=\"wp-block-quote is-layout-flow wp-block-quote-is-layout-flow\">\n<p>\u201cEl conocimiento especialmente hace que se formalicen los negocios, porque las personas van a conocer las condiciones, los reglamentos, las necesidades y los impuestos\u201d, explica Bedregal. A su juicio, comprender c\u00f3mo funciona el sistema econ\u00f3mico permite a los emprendedores tomar decisiones m\u00e1s informadas y aprovechar las oportunidades que ofrece la formalidad.<\/p>\n<\/blockquote>\n\n\n\n<p>En este proceso, la academia tambi\u00e9n juega un papel importante al generar an\u00e1lisis, formaci\u00f3n y propuestas de pol\u00edtica p\u00fablica que contribuyan a reducir la informalidad. Seg\u00fan el economista, las universidades pueden aportar estudios, proyecciones y formaci\u00f3n profesional orientada a comprender los desaf\u00edos del mercado laboral y productivo.<\/p>\n\n\n\n<p>En un pa\u00eds donde la informalidad sigue siendo una de las principales barreras para el desarrollo, fortalecer la educaci\u00f3n financiera podr\u00eda marcar la diferencia. No se trata solo de ense\u00f1ar a administrar dinero, sino de dotar a ciudadanos y emprendedores de herramientas que les permitan integrarse plenamente a la econom\u00eda formal y construir un sistema productivo m\u00e1s s\u00f3lido, inclusivo y sostenible.<\/p>","protected":false},"excerpt":{"rendered":"<p>Promover educaci\u00f3n financiera desde la escuela puede ayudar a reducir la informalidad y mejorar la gesti\u00f3n de emprendimientos.<\/p>","protected":false},"author":49,"featured_media":712770,"comment_status":"open","ping_status":"open","sticky":false,"template":"","format":"standard","meta":{"_acf_changed":false,"footnotes":""},"categories":[60],"tags":[11569,8092,6284,8018,7513,1024,1422,6967,9614,242],"class_list":["post-712768","post","type-post","status-publish","format-standard","has-post-thumbnail","hentry","category-blog","tag-calidad-academica-2","tag-credito","tag-educacion-financiera","tag-impuestos","tag-informalidad","tag-ingenieria-economica-es","tag-innovacion-en-educacion","tag-inversion","tag-microempresarios","tag-unifranz"],"acf":[],"_links":{"self":[{"href":"https:\/\/unifranz.edu.bo\/pt\/wp-json\/wp\/v2\/posts\/712768","targetHints":{"allow":["GET"]}}],"collection":[{"href":"https:\/\/unifranz.edu.bo\/pt\/wp-json\/wp\/v2\/posts"}],"about":[{"href":"https:\/\/unifranz.edu.bo\/pt\/wp-json\/wp\/v2\/types\/post"}],"author":[{"embeddable":true,"href":"https:\/\/unifranz.edu.bo\/pt\/wp-json\/wp\/v2\/users\/49"}],"replies":[{"embeddable":true,"href":"https:\/\/unifranz.edu.bo\/pt\/wp-json\/wp\/v2\/comments?post=712768"}],"version-history":[{"count":1,"href":"https:\/\/unifranz.edu.bo\/pt\/wp-json\/wp\/v2\/posts\/712768\/revisions"}],"predecessor-version":[{"id":712771,"href":"https:\/\/unifranz.edu.bo\/pt\/wp-json\/wp\/v2\/posts\/712768\/revisions\/712771"}],"wp:featuredmedia":[{"embeddable":true,"href":"https:\/\/unifranz.edu.bo\/pt\/wp-json\/wp\/v2\/media\/712770"}],"wp:attachment":[{"href":"https:\/\/unifranz.edu.bo\/pt\/wp-json\/wp\/v2\/media?parent=712768"}],"wp:term":[{"taxonomy":"category","embeddable":true,"href":"https:\/\/unifranz.edu.bo\/pt\/wp-json\/wp\/v2\/categories?post=712768"},{"taxonomy":"post_tag","embeddable":true,"href":"https:\/\/unifranz.edu.bo\/pt\/wp-json\/wp\/v2\/tags?post=712768"}],"curies":[{"name":"wp","href":"https:\/\/api.w.org\/{rel}","templated":true}]}}